{"id":257819,"date":"2025-07-19T02:33:12","date_gmt":"2025-07-19T02:33:12","guid":{"rendered":"https:\/\/www.europesays.com\/fr\/257819\/"},"modified":"2025-07-19T02:33:12","modified_gmt":"2025-07-19T02:33:12","slug":"sinner-tenant-du-titre-de-trois-grands-chelems-du-masters-et-de-la-coupe-davis-une-premiere-depuis-1970","status":"publish","type":"post","link":"https:\/\/www.europesays.com\/fr\/257819\/","title":{"rendered":"Sinner, tenant du titre de trois Grands Chelems, du Masters et de la Coupe Davis : une premi\u00e8re depuis 1970"},"content":{"rendered":"<p>                <img decoding=\"async\" src=\"https:\/\/www.europesays.com\/fr\/wp-content\/uploads\/2025\/07\/kodq.jpg\" alt=\"Sinner, tenant du titre de trois Grands Chelems, du Masters et de la Coupe Davis : une premi\u00e8re depuis 1970\"\/><\/p>\n<p>Sans contestation possible, Sinner m\u00e9rite sa place de num\u00e9ro 1 mondial. Depuis 2024, l\u2019Italien ne laisse presque aucune place \u00e0 ses concurrents directs, except\u00e9 Alcaraz.<\/p>\n<p>Victorieux \u00e0 l\u2019US Open 2024, \u00e0 l\u2019Open d\u2019Australie 2025 et \u00e0 Wimbledon 2025, sans compter sa victoire lors du dernier Masters et de la derni\u00e8re Coupe Davis, Sinner est devenu le premier joueur depuis 1970 \u00e0 \u00eatre tenant du titre de tous ces tournois en m\u00eame temps.<\/p>\n<p>Federer, Djokovic et Sampras auraient pu \u00e9galement r\u00e9aliser cette performance, mais il leur manquait \u00e0 chacun la Coupe Davis.<\/p>\n<p>Une nouvelle statistique qui vient asseoir un peu plus la domination du joueur sur le circuit. Pour rappel, Sinner \u00e9tait finaliste \u00e0 Roland-Garros, en passant tout proche de l\u2019emporter (3 balles de match). De plus, depuis Cincinnati l\u2019ann\u00e9e derni\u00e8re, le joueur de 23 ans a atteint la finale de tous les tournois qu\u2019il a disput\u00e9s, except\u00e9 celui de Halle (d\u00e9faite contre Bublik au 2\u1d49 tour).<\/p>\n","protected":false},"excerpt":{"rendered":"Sans contestation possible, Sinner m\u00e9rite sa place de num\u00e9ro 1 mondial. Depuis 2024, l\u2019Italien ne laisse presque aucune&hellip;\n","protected":false},"author":2,"featured_media":257820,"comment_status":"","ping_status":"","sticky":false,"template":"","format":"standard","meta":{"footnotes":""},"categories":[1415],"tags":[1011,27,60,1467],"class_list":{"0":"post-257819","1":"post","2":"type-post","3":"status-publish","4":"format-standard","5":"has-post-thumbnail","7":"category-tennis","8":"tag-fr","9":"tag-france","10":"tag-sports","11":"tag-tennis"},"share_on_mastodon":{"url":"https:\/\/pubeurope.com\/@fr\/114877563075626190","error":""},"_links":{"self":[{"href":"https:\/\/www.europesays.com\/fr\/wp-json\/wp\/v2\/posts\/257819","targetHints":{"allow":["GET"]}}],"collection":[{"href":"https:\/\/www.europesays.com\/fr\/wp-json\/wp\/v2\/posts"}],"about":[{"href":"https:\/\/www.europesays.com\/fr\/wp-json\/wp\/v2\/types\/post"}],"author":[{"embeddable":true,"href":"https:\/\/www.europesays.com\/fr\/wp-json\/wp\/v2\/users\/2"}],"replies":[{"embeddable":true,"href":"https:\/\/www.europesays.com\/fr\/wp-json\/wp\/v2\/comments?post=257819"}],"version-history":[{"count":0,"href":"https:\/\/www.europesays.com\/fr\/wp-json\/wp\/v2\/posts\/257819\/revisions"}],"wp:featuredmedia":[{"embeddable":true,"href":"https:\/\/www.europesays.com\/fr\/wp-json\/wp\/v2\/media\/257820"}],"wp:attachment":[{"href":"https:\/\/www.europesays.com\/fr\/wp-json\/wp\/v2\/media?parent=257819"}],"wp:term":[{"taxonomy":"category","embeddable":true,"href":"https:\/\/www.europesays.com\/fr\/wp-json\/wp\/v2\/categories?post=257819"},{"taxonomy":"post_tag","embeddable":true,"href":"https:\/\/www.europesays.com\/fr\/wp-json\/wp\/v2\/tags?post=257819"}],"curies":[{"name":"wp","href":"https:\/\/api.w.org\/{rel}","templated":true}]}}