{"id":25782,"date":"2025-04-15T03:24:01","date_gmt":"2025-04-15T03:24:01","guid":{"rendered":"https:\/\/www.europesays.com\/fr\/25782\/"},"modified":"2025-04-15T03:24:01","modified_gmt":"2025-04-15T03:24:01","slug":"pres-de-toulouse-ce-centre-commercial-qui-va-sagrandir-accueille-deja-de-nouvelles-enseignes","status":"publish","type":"post","link":"https:\/\/www.europesays.com\/fr\/25782\/","title":{"rendered":"Pr\u00e8s de Toulouse, ce centre commercial qui va s&rsquo;agrandir accueille d\u00e9j\u00e0 de nouvelles enseignes"},"content":{"rendered":"<p>            Par<br \/>\n        <strong><br \/>\n            <a href=\"https:\/\/actu.fr\/auteur\/lucie-2\" title=\"Consulter tous les articles de Lucie Fraisse\" rel=\"nofollow noopener\" target=\"_blank\">Lucie Fraisse<\/a><br \/>\n        <\/strong><\/p>\n<p>        Publi\u00e9 le<\/p>\n<p>            14 avr. 2025 \u00e0 6h12        <\/p>\n<p>C\u2019est l\u2019un des centres commerciaux de l\u2019agglom\u00e9ration de <strong>Toulouse<\/strong> qui va le plus changer ces prochaines ann\u00e9es. En 2027, le centre commercial <strong>Lab\u00e8ge 2<\/strong> sera l\u2019un des mieux desservis de l\u2019agglom\u00e9ration, <a href=\"https:\/\/actu.fr\/occitanie\/toulouse_31555\/video-chantier-du-metro-a-toulouse-plongee-dans-les-tunnels-de-la-future-connexion-ligne-b_61532144.html\" rel=\"nofollow noopener\" target=\"_blank\">quand la Ligne B arrivera sur place, apr\u00e8s son prolongement de trois stations<\/a>. Un gros avantage sur lequel la structure commence d\u00e9j\u00e0 \u00e0 capitaliser : <a href=\"https:\/\/actu.fr\/occitanie\/labege_31254\/pres-de-toulouse-le-chantier-d-extension-d-un-gros-centre-commercial-avance-une-enseigne-va-voir-plus-grand_61692138.html\" rel=\"nofollow noopener\" target=\"_blank\">d\u2019importants travaux d\u2019extension sont en effet en cours<\/a>. Et avant m\u00eame qu\u2019ils ne soient livr\u00e9s, de <strong>nouvelles enseignes<\/strong> vont faire leur arriv\u00e9e. Voici lesquelles.<\/p>\n<p>Chantier de sur\u00e9l\u00e9vation\u00a0<\/p>\n<p class=\" wall-content\">Pour rappel, <a href=\"https:\/\/actu.fr\/occitanie\/labege_31254\/pres-de-toulouse-le-chantier-d-extension-d-un-gros-centre-commercial-avance-une-enseigne-va-voir-plus-grand_61692138.html\" rel=\"nofollow noopener\" target=\"_blank\">c\u2019est un chantier de sur\u00e9l\u00e9vation<\/a> qui est en cours \u00e0 Lab\u00e8ge 2, avec la<strong> r\u00e9organisation de la fa\u00e7ade ouest du centre commercial<\/strong>. Un chantier qui va permettre de gagner 3343 m\u00b2, pour passer \u00e0 34 498 m\u00b2\u00a0 de surface au total.<\/p>\n<p class=\" wall-content\">Cette extension en hauteur, <strong>c\u2019est le magasin Zara<\/strong>, d\u00e9j\u00e0 pr\u00e9sent sur place, qui va en profiter. Les travaux devraient s\u2019achever d\u2019ici la fin de l\u2019ann\u00e9e 2025.<\/p>\n<p>Normal d\u00e9barque<\/p>\n<p class=\" wall-content\">En attendant ce changement majeur, Lab\u00e8ge 2 fait d\u00e9j\u00e0 le plein de nouveaut\u00e9s. La boutique d\u2019habillement<strong> Serge Blanco<\/strong> a ainsi d\u00e9m\u00e9nag\u00e9 r\u00e9cemment pour un magasin plus grand.<\/p>\n<p class=\" wall-content\">Parmi les grosses nouveaut\u00e9s \u00e0 venir, <a href=\"https:\/\/actu.fr\/occitanie\/toulouse_31555\/l-enseigne-normal-ouvre-une-nouvelle-boutique-a-toulouse-voici-ou-elle-est-situee_61360152.html\" rel=\"nofollow noopener\" target=\"_blank\">l\u2019arriv\u00e9e de l\u2019enseigne <strong>Normal<\/strong><\/a>, le 30 avril. Le discounter compte d\u00e9j\u00e0 plusieurs boutiques \u00e0 Toulouse (dont plusieurs en centre-ville). Dans ces boutiques, on trouve des <strong>produits de marque<\/strong> \u00e0 <strong>prix cass\u00e9s<\/strong> : soins corporels, maquillages, snacks, produits m\u00e9nagers\u2026 Des offres que l\u2019on retrouvera donc bient\u00f4t aussi \u00e0 Lab\u00e8ge 2.<\/p>\n<p>Kiko et un nouveau resto\u00a0<\/p>\n<p class=\" wall-content\">\u00c0 venir \u00e9galement, <strong>la boutique de cosm\u00e9tiques Kiko<\/strong>, qui conna\u00eet un grand succ\u00e8s aupr\u00e8s des adolescentes. Une marque que l\u2019on peut d\u00e9j\u00e0 d\u00e9couvrir en centre-ville de Toulouse, mais aussi dans les centres commerciaux de Gramont, Saint-Orens et Blagnac.<\/p>\n<p class=\" wall-content\">C\u00f4t\u00e9 restaurants, c\u2019est un <strong>champion du kebab<\/strong> qui va bient\u00f4t d\u00e9barquer au centre commercial Lab\u00e8ge 2. L\u2019ouverture de <strong>Berliner Das Original<\/strong> est pr\u00e9vue pour le mois de juin. Ce sera la premi\u00e8re implantation de la marque dans l\u2019agglom\u00e9ration.<\/p>\n<p class=\" wall-content\">Suivez toute l\u2019actualit\u00e9 de vos villes et m\u00e9dias favoris en vous inscrivant \u00e0 <a href=\"https:\/\/moncompte.actu.fr\" title=\"D\u00e9couvez Mon Actu\" rel=\"nofollow noopener\" data-trk=\"{&quot;cta&quot;:{&quot;action&quot;:&quot;https:\\\/\\\/moncompte.actu.fr&quot;,&quot;category&quot;:&quot;mon compte&quot;,&quot;from&quot;:&quot;article footer&quot;,&quot;name&quot;:&quot;Mon actu&quot;,&quot;type&quot;:&quot;cta&quot;}}\" target=\"_blank\">Mon Actu<\/a>.<\/p>\n<ul class=\"ac-article-tag wall-content\">\n<li><a href=\"https:\/\/actu.fr\/tag\/nouveaux-commerces\" data-trk=\"{&quot;cta&quot;:{&quot;action&quot;:&quot;Nouveaux commerces&quot;,&quot;category&quot;:&quot;tag&quot;,&quot;from&quot;:&quot;article footer&quot;,&quot;name&quot;:&quot;Nouveaux commerces&quot;,&quot;type&quot;:&quot;cta&quot;}}\" rel=\"nofollow noopener\" target=\"_blank\">#Nouveaux commerces<\/a><\/li>\n<li><a href=\"https:\/\/actu.fr\/tag\/nouveaux-commerces-a-toulouse\" data-trk=\"{&quot;cta&quot;:{&quot;action&quot;:&quot;Nouveaux commerces \\u00e0 Toulouse&quot;,&quot;category&quot;:&quot;tag&quot;,&quot;from&quot;:&quot;article footer&quot;,&quot;name&quot;:&quot;Nouveaux commerces \\u00e0 Toulouse&quot;,&quot;type&quot;:&quot;cta&quot;}}\" rel=\"nofollow noopener\" target=\"_blank\">#Nouveaux commerces \u00e0 Toulouse<\/a><\/li>\n<\/ul>\n","protected":false},"excerpt":{"rendered":"Par Lucie Fraisse Publi\u00e9 le 14 avr. 2025 \u00e0 6h12 C\u2019est l\u2019un des centres commerciaux de l\u2019agglom\u00e9ration de&hellip;\n","protected":false},"author":2,"featured_media":25783,"comment_status":"","ping_status":"","sticky":false,"template":"","format":"standard","meta":{"footnotes":""},"categories":[2816],"tags":[1111,11,1777,674,1011,27,12,3147,2849,2680,25,104,2312],"class_list":{"0":"post-25782","1":"post","2":"type-post","3":"status-publish","4":"format-standard","5":"has-post-thumbnail","7":"category-toulouse","8":"tag-actu","9":"tag-actualites","10":"tag-eu","11":"tag-europe","12":"tag-fr","13":"tag-france","14":"tag-news","15":"tag-nouveaux-commerces","16":"tag-nouveaux-commerces-a-toulouse","17":"tag-occitanie","18":"tag-republique-francaise","19":"tag-societe","20":"tag-toulouse"},"share_on_mastodon":{"url":"","error":""},"_links":{"self":[{"href":"https:\/\/www.europesays.com\/fr\/wp-json\/wp\/v2\/posts\/25782","targetHints":{"allow":["GET"]}}],"collection":[{"href":"https:\/\/www.europesays.com\/fr\/wp-json\/wp\/v2\/posts"}],"about":[{"href":"https:\/\/www.europesays.com\/fr\/wp-json\/wp\/v2\/types\/post"}],"author":[{"embeddable":true,"href":"https:\/\/www.europesays.com\/fr\/wp-json\/wp\/v2\/users\/2"}],"replies":[{"embeddable":true,"href":"https:\/\/www.europesays.com\/fr\/wp-json\/wp\/v2\/comments?post=25782"}],"version-history":[{"count":0,"href":"https:\/\/www.europesays.com\/fr\/wp-json\/wp\/v2\/posts\/25782\/revisions"}],"wp:featuredmedia":[{"embeddable":true,"href":"https:\/\/www.europesays.com\/fr\/wp-json\/wp\/v2\/media\/25783"}],"wp:attachment":[{"href":"https:\/\/www.europesays.com\/fr\/wp-json\/wp\/v2\/media?parent=25782"}],"wp:term":[{"taxonomy":"category","embeddable":true,"href":"https:\/\/www.europesays.com\/fr\/wp-json\/wp\/v2\/categories?post=25782"},{"taxonomy":"post_tag","embeddable":true,"href":"https:\/\/www.europesays.com\/fr\/wp-json\/wp\/v2\/tags?post=25782"}],"curies":[{"name":"wp","href":"https:\/\/api.w.org\/{rel}","templated":true}]}}