{"id":257821,"date":"2025-07-19T02:35:10","date_gmt":"2025-07-19T02:35:10","guid":{"rendered":"https:\/\/www.europesays.com\/fr\/257821\/"},"modified":"2025-07-19T02:35:10","modified_gmt":"2025-07-19T02:35:10","slug":"enea-bastianini-et-jorge-martin-de-retour-au-grand-prix-de-republique-tcheque-franco-morbidelli-et-maverick-vinales-forfait-lequipe","status":"publish","type":"post","link":"https:\/\/www.europesays.com\/fr\/257821\/","title":{"rendered":"Enea Bastianini et Jorge Martin de retour au Grand Prix de R\u00e9publique tch\u00e8que, Franco Morbidelli et Maverick Vinales forfait &#8211; L&#039;\u00c9quipe"},"content":{"rendered":"<ol>\n<li><a href=\"https:\/\/news.google.com\/rss\/articles\/CBMi_wFBVV95cUxOOUtxTktILVYxX0dQek1sLVlMQ3UxRTZOd1FNMVRLUUEwdkhNNHR0VHVzODJLczhiWm9pSUhUdWhpXzBUYUJyTE41NndwT21JSFhRY2d3aTU5YmU2aGU5WDRyczBsWlU4dzRxdmlIemVnT3RZbWtLbkd4WnpMdlJpckJqQ2FmS3U5YmxxS2cxZ0w3TUtiT2kwOU5NRTdLWDRQclhmblVwMS1LVFprU25WaUFzWnJUekpTOTFfZ1ZZRVpMUzZiQzlIdUF0eHBkcHFwOHlpTy1RWDFjQkJGSXZ4bjVGWnRfWVFCSnlwNHRVeHVTX0F3VXZDdHBqdm1SS2s?oc=5\" target=\"_blank\" rel=\"nofollow noopener\">Enea Bastianini et Jorge Martin de retour au Grand Prix de R\u00e9publique tch\u00e8que, Franco Morbidelli et Maverick Vinales forfait<\/a>&nbsp;&nbsp;L&rsquo;\u00c9quipe<\/li>\n<li><a href=\"https:\/\/news.google.com\/rss\/articles\/CBMimAFBVV95cUxNbUtTSy1pR0ZLTTBfYk5xLThpcUkyN3pjNktsazJ0QmFvOFBueENicFVEblV5UFQtLTluZFY5R3dIQnR6aWVqS3VaZ2ZyRVF4QTExTFJ2SXI3eHRfVGptZnlrVG41SXliRVBVaERyTktGTzd4SU9nLWNjaldERVUwQndiS1RvbjNaaDFxV3R2MkhjTmZCUUxXaA?oc=5\" target=\"_blank\" rel=\"nofollow noopener\">P.Espargar\u00f3 remplacera Vi\u00f1ales \u00e0 Brno<\/a>&nbsp;&nbsp;motogp.com<\/li>\n<li><a href=\"https:\/\/news.google.com\/rss\/articles\/CBMiuwFBVV95cUxNS3NSbUtJWG94b1p3dExuVjQ5bmpqbW1iTk1MTnlXZkROOEV5S244d1RVU0ZtNmFPeUdaMW9sa1hnNERrZC1wLVJEd29UbGpQdmhDNVVkLWpqT3RDaW5JTGpCcG9TSldQd1hyWjZQTFkzREpEMmFnYzNGLURXcWx5VDJfS21jcndNTHlYakQtR1pCUV9uMTFodTN4N19zTXJ0bWZZRGVqUm1scG9XdDVSZDd1RjRyeFdiM2tV?oc=5\" target=\"_blank\" rel=\"nofollow noopener\">MotoGP La nouvelle vient de tomber, Tech3 annonce un rempla\u00e7ant \u00e0 Vinal\u00e8s !<\/a>&nbsp;&nbsp;Le Mag Sport Auto<\/li>\n<li><a href=\"https:\/\/news.google.com\/rss\/articles\/CBMi_wFBVV95cUxNYmVOcUVBRmhHZ3BwYVIwSzUwVWp2dUh6d04yZ05jTVFtNGxSU21fOTFjQW9YZ3phRGFPaDN6ZGpQUXB5eGF3SFBPaVJObmZyam5hZlh4MExDbC1mbHBOLUxBR0dEUlZ6c2QyZklqUEk1YUZLRjdTcUdyaHJCQjV6ZDVIaEJCN0otX2w5ZGVZenQ3UXhZT1NOem9KenBvMjZlWlN5RWFkY0sySl9FZTRhaDRieUtfZFhXOVVVazJmdld5NnpVRkhQMkF3NW1haGhLUE90dW9rYnRBYl9SSktzczlraUFPQnlCeFd6R29acUd5S2xuMDZsMHhZb2M4LWM?oc=5\" target=\"_blank\" rel=\"nofollow noopener\">MotoGP, Tech3 en plein cauchemar, Herv\u00e9 Poncharal : \u00ab\u00a0on aime tous ce que l\u2019on fait, mais avec des journ\u00e9es comme \u00e7a, on a juste envie de rester couch\u00e9\u00a0\u00bb<\/a>&nbsp;&nbsp;Paddock GP<\/li>\n<li><a href=\"https:\/\/news.google.com\/rss\/articles\/CBMikgFBVV95cUxPcDMxamdmSW1jdmh2WWFhZElla3NxN0d0QzdDVkt1bEt1TkVDdndoRmJlWEdiTUdTY1Q2aEZmMVV0Z1g0bFlZaFBYUU8zMmNJZ2dUZUhaa0ttR1FESllqTjlmRm50YzI2RmtWN21ROHZDVHRPYmxyNXcxSEZQR0VuNUpXSmxRcWl4emF0X1lRcDVudw?oc=5\" target=\"_blank\" rel=\"nofollow noopener\">Enea Bastianini sera bien \u00e0 Brno, avec Pol Espargar\u00f3 \u00e0 ses c\u00f4t\u00e9s<\/a>&nbsp;&nbsp;Motorsport.com<\/li>\n<\/ol>\n","protected":false},"excerpt":{"rendered":"Enea Bastianini et Jorge Martin de retour au Grand Prix de R\u00e9publique tch\u00e8que, Franco Morbidelli et Maverick Vinales&hellip;\n","protected":false},"author":2,"featured_media":1445,"comment_status":"","ping_status":"","sticky":false,"template":"","format":"standard","meta":{"footnotes":""},"categories":[1413],"tags":[1011,27,1457,1456,60],"class_list":{"0":"post-257821","1":"post","2":"type-post","3":"status-publish","4":"format-standard","5":"has-post-thumbnail","7":"category-moto","8":"tag-fr","9":"tag-france","10":"tag-moto","11":"tag-motocycle","12":"tag-sports"},"share_on_mastodon":{"url":"https:\/\/pubeurope.com\/@fr\/114877571016874535","error":""},"_links":{"self":[{"href":"https:\/\/www.europesays.com\/fr\/wp-json\/wp\/v2\/posts\/257821","targetHints":{"allow":["GET"]}}],"collection":[{"href":"https:\/\/www.europesays.com\/fr\/wp-json\/wp\/v2\/posts"}],"about":[{"href":"https:\/\/www.europesays.com\/fr\/wp-json\/wp\/v2\/types\/post"}],"author":[{"embeddable":true,"href":"https:\/\/www.europesays.com\/fr\/wp-json\/wp\/v2\/users\/2"}],"replies":[{"embeddable":true,"href":"https:\/\/www.europesays.com\/fr\/wp-json\/wp\/v2\/comments?post=257821"}],"version-history":[{"count":0,"href":"https:\/\/www.europesays.com\/fr\/wp-json\/wp\/v2\/posts\/257821\/revisions"}],"wp:featuredmedia":[{"embeddable":true,"href":"https:\/\/www.europesays.com\/fr\/wp-json\/wp\/v2\/media\/1445"}],"wp:attachment":[{"href":"https:\/\/www.europesays.com\/fr\/wp-json\/wp\/v2\/media?parent=257821"}],"wp:term":[{"taxonomy":"category","embeddable":true,"href":"https:\/\/www.europesays.com\/fr\/wp-json\/wp\/v2\/categories?post=257821"},{"taxonomy":"post_tag","embeddable":true,"href":"https:\/\/www.europesays.com\/fr\/wp-json\/wp\/v2\/tags?post=257821"}],"curies":[{"name":"wp","href":"https:\/\/api.w.org\/{rel}","templated":true}]}}