{"id":257826,"date":"2025-07-19T02:38:10","date_gmt":"2025-07-19T02:38:10","guid":{"rendered":"https:\/\/www.europesays.com\/fr\/257826\/"},"modified":"2025-07-19T02:38:10","modified_gmt":"2025-07-19T02:38:10","slug":"arsenal-officialise-sa-quatrieme-recrue-angleterre-arsenal","status":"publish","type":"post","link":"https:\/\/www.europesays.com\/fr\/257826\/","title":{"rendered":"Arsenal officialise sa quatri\u00e8me recrue &#8211; Angleterre &#8211; Arsenal"},"content":{"rendered":"<p>Super Noni.<\/p>\n<p>Apr\u00e8s deux ans et demi \u00e0 Chelsea, <strong>Noni Madueke change de cr\u00e9merie<\/strong>. L\u2019international anglais n\u2019aura cependant pas \u00e0 d\u00e9m\u00e9nager puisqu\u2019il rejoint Arsenal. Les Gunners ont d\u00e9bours\u00e9 <strong>autour de 60 millions d\u2019euros<\/strong> pour s\u2019offrir l\u2019ailier de 23 ans, auteur de <strong>7 buts en Premier League la saison pass\u00e9e<\/strong>. En attendant Viktor Gyokeres, le vice-champion d\u2019Angleterre valide d\u00e9j\u00e0 un premier renfort offensif. Mikel Arteta appr\u00e9ciera, lui qui a d\u00fb bricoler son attaque lors de la deuxi\u00e8me partie de saison, au point de replacer Mikel Merino en pointe.<\/p>\n<p>Madueke portera le num\u00e9ro 20. Impliqu\u00e9 dans la <strong>Coupe du monde des clubs avec Chelsea<\/strong>, il ne rejoindra ses nouveaux co\u00e9quipiers que d\u00e9but ao\u00fbt. Arsenal a d\u00e9sormais officialis\u00e9<strong> quatre recrues<\/strong>, Madueke s\u2019ajoutant \u00e0 Kepa Arrizabalaga, Martin Zubimendi et Christian N\u00f8rgaard.<\/p>\n<p>Toujours une aussi bonne t\u00eate de vice-champion.<\/p>\n<p>\t\t\t\t\t\t\t\t\t\t<a class=\"lien-connexe\" href=\"https:\/\/www.sofoot.com\/breves\/mercato-kepa-arrizabalaga-quitte-chelsea-et-sengage-de-lautre-cote-de-londres-a-arsenal\" rel=\"nofollow noopener\" target=\"_blank\">Le gardien le plus cher de l\u2019histoire du foot d\u00e9barque \u00e0 Arsenal<\/a>\t\t\t\t\t<\/p>\n","protected":false},"excerpt":{"rendered":"Super Noni. Apr\u00e8s deux ans et demi \u00e0 Chelsea, Noni Madueke change de cr\u00e9merie. L\u2019international anglais n\u2019aura cependant&hellip;\n","protected":false},"author":2,"featured_media":257827,"comment_status":"","ping_status":"","sticky":false,"template":"","format":"standard","meta":{"footnotes":""},"categories":[1410],"tags":[47,61,69,65,64,63,1011,27,68,66,62,70,67,60],"class_list":{"0":"post-257826","1":"post","2":"type-post","3":"status-publish","4":"format-standard","5":"has-post-thumbnail","7":"category-football","8":"tag-actualite","9":"tag-actus-football","10":"tag-bundesliga","11":"tag-championnats-europeens","12":"tag-equipe-de-france","13":"tag-football","14":"tag-fr","15":"tag-france","16":"tag-ligua","17":"tag-ligue-1","18":"tag-news-foot","19":"tag-premier-league","20":"tag-serie-a","21":"tag-sports"},"share_on_mastodon":{"url":"https:\/\/pubeurope.com\/@fr\/114877582841717619","error":""},"_links":{"self":[{"href":"https:\/\/www.europesays.com\/fr\/wp-json\/wp\/v2\/posts\/257826","targetHints":{"allow":["GET"]}}],"collection":[{"href":"https:\/\/www.europesays.com\/fr\/wp-json\/wp\/v2\/posts"}],"about":[{"href":"https:\/\/www.europesays.com\/fr\/wp-json\/wp\/v2\/types\/post"}],"author":[{"embeddable":true,"href":"https:\/\/www.europesays.com\/fr\/wp-json\/wp\/v2\/users\/2"}],"replies":[{"embeddable":true,"href":"https:\/\/www.europesays.com\/fr\/wp-json\/wp\/v2\/comments?post=257826"}],"version-history":[{"count":0,"href":"https:\/\/www.europesays.com\/fr\/wp-json\/wp\/v2\/posts\/257826\/revisions"}],"wp:featuredmedia":[{"embeddable":true,"href":"https:\/\/www.europesays.com\/fr\/wp-json\/wp\/v2\/media\/257827"}],"wp:attachment":[{"href":"https:\/\/www.europesays.com\/fr\/wp-json\/wp\/v2\/media?parent=257826"}],"wp:term":[{"taxonomy":"category","embeddable":true,"href":"https:\/\/www.europesays.com\/fr\/wp-json\/wp\/v2\/categories?post=257826"},{"taxonomy":"post_tag","embeddable":true,"href":"https:\/\/www.europesays.com\/fr\/wp-json\/wp\/v2\/tags?post=257826"}],"curies":[{"name":"wp","href":"https:\/\/api.w.org\/{rel}","templated":true}]}}