{"id":257830,"date":"2025-07-19T02:41:25","date_gmt":"2025-07-19T02:41:25","guid":{"rendered":"https:\/\/www.europesays.com\/fr\/257830\/"},"modified":"2025-07-19T02:41:25","modified_gmt":"2025-07-19T02:41:25","slug":"derniere-rentree-litteraire-pour-les-editions-mialet-barrault-liberation","status":"publish","type":"post","link":"https:\/\/www.europesays.com\/fr\/257830\/","title":{"rendered":"Derni\u00e8re rentr\u00e9e litt\u00e9raire pour les \u00e9ditions Mialet Barrault \u2013 Lib\u00e9ration"},"content":{"rendered":"<p class=\"sc-ksZaOG ehjQrN text-element\">La rentr\u00e9e litt\u00e9raire de septembre ressemblera beaucoup \u00e0 une sortie pour Bernard Barrault et Betty Mialet, ont annonc\u00e9 les deux \u00e9diteurs qui font partie du milieu depuis plus d\u2019un si\u00e8cle \u00e0 eux deux \u2013 cinquante-quatre ans pour Betty Mialet, \u00e2g\u00e9e de 73 ans, et soixante pour Bernard Barrault, \u00e2g\u00e9 de 80. Celui-ci a cr\u00e9\u00e9 en 1980 avec Bernard Fixot, qui allait ensuite continuer sa carri\u00e8re chez Hachette, les \u00e9ditions BFB (initiales de leur pr\u00e9nom commun et de leurs patronymes) o\u00f9 ils publient en 1982 Bleu comme l\u2019enfer, le premier roman de Philippe Djian. L\u2019auteur suit Bernard Barrault chez Barrault \u00e9ditions (la maison fonctionna de 1983 \u00e0 1992) o\u00f9 il publie en 1985, apr\u00e8s Zone \u00e9rog\u00e8ne, 37\u00b02 le matin dont Betty Mialet s\u2019occupa de vendre les droits au cin\u00e9ma pour le film de Jean-Jacques Beineix, avec B\u00e9atrice Dalle et Jean-Hugues Anglade, qui fit un tabac international \u2013 Philippe Djian les abandonnera pour Gallimard en 1992.<\/p>\n<p class=\"sc-ksZaOG ehjQrN text-element\">Mialet et Barrault ont aussi travaill\u00e9 chez Stock, puis chez Julliard de 1995 \u00e0 2019 qu\u2019ils quitt\u00e8rent, Vincent Bollor\u00e9 oblige, pour cr\u00e9er sous l\u2019\u00e9gide de Flammarion, \u00e0 qui \u00e9tait d\u00e9j\u00e0 revenu une partie de leur fond et qui a priori continuera leur travail, Mialet-Barrault Editeurs.<\/p>\n<p class=\"sc-ksZaOG ehjQrN text-element\">Il y a une grande diversit\u00e9 chez les auteurs de Betty Mialet et Bernard Barrault qui leur sont g\u00e9n\u00e9ralement rest\u00e9 fid\u00e8les au fil de leurs p\u00e9r\u00e9grinations, m\u00eame si Philippe Besson est demeur\u00e9 chez Julliard apr\u00e8s leur d\u00e9part. Ils ont \u00e9dit\u00e9 Jean Teul\u00e9 et Mazarine Pingeot, Philippe Jaenada et Yasmina Khadra, Sylvie Caster et Michel Field, Jacques-Andr\u00e9 Bertrand et Carmen Castillo, Gilles Perrault et Ania Francos, et aussi bien Nous l\u2019avons tant aim\u00e9e, la r\u00e9volution, de Daniel Cohn-Bendit, et le Commissariat aux archives, d\u2019Alain Jaubert, qu\u2019Au r\u00e9gal des vermines et Zigzags, de Marc-Edouard Nabe. F\u00e9lix Guattari et Roland Castro figurent aussi \u00e0 au moins un de leurs catalogues. Fin ao\u00fbt, para\u00eetront deux livres d\u2019auteurs qu\u2019ils accompagnent (et qui les accompagnent) depuis des d\u00e9cennies : Un mal irr\u00e9parable, de Lionel Duroy, et la Vie, l\u2019Honneur, la Fantasia, de Fouad Laroui. Et aussi un premier roman, puisque Betty Mialet et Bernard Barrault se flattaient \u00e0 juste titre de choisir les auteurs d\u00e8s leurs d\u00e9buts : Fardeau, de Matthieu Niango, 23 ans.<\/p>\n","protected":false},"excerpt":{"rendered":"La rentr\u00e9e litt\u00e9raire de septembre ressemblera beaucoup \u00e0 une sortie pour Bernard Barrault et Betty Mialet, ont annonc\u00e9&hellip;\n","protected":false},"author":2,"featured_media":257831,"comment_status":"","ping_status":"","sticky":false,"template":"","format":"standard","meta":{"footnotes":""},"categories":[1357],"tags":[39790,1379,58,2005,4660,59,1011,27,39791,1380,1756],"class_list":{"0":"post-257830","1":"post","2":"type-post","3":"status-publish","4":"format-standard","5":"has-post-thumbnail","7":"category-livres","8":"tag-agenceopale","9":"tag-books","10":"tag-divertissement","11":"tag-ecrivain","12":"tag-edition","13":"tag-entertainment","14":"tag-fr","15":"tag-france","16":"tag-lh","17":"tag-livres","18":"tag-photographie"},"share_on_mastodon":{"url":"https:\/\/pubeurope.com\/@fr\/114877594676956724","error":""},"_links":{"self":[{"href":"https:\/\/www.europesays.com\/fr\/wp-json\/wp\/v2\/posts\/257830","targetHints":{"allow":["GET"]}}],"collection":[{"href":"https:\/\/www.europesays.com\/fr\/wp-json\/wp\/v2\/posts"}],"about":[{"href":"https:\/\/www.europesays.com\/fr\/wp-json\/wp\/v2\/types\/post"}],"author":[{"embeddable":true,"href":"https:\/\/www.europesays.com\/fr\/wp-json\/wp\/v2\/users\/2"}],"replies":[{"embeddable":true,"href":"https:\/\/www.europesays.com\/fr\/wp-json\/wp\/v2\/comments?post=257830"}],"version-history":[{"count":0,"href":"https:\/\/www.europesays.com\/fr\/wp-json\/wp\/v2\/posts\/257830\/revisions"}],"wp:featuredmedia":[{"embeddable":true,"href":"https:\/\/www.europesays.com\/fr\/wp-json\/wp\/v2\/media\/257831"}],"wp:attachment":[{"href":"https:\/\/www.europesays.com\/fr\/wp-json\/wp\/v2\/media?parent=257830"}],"wp:term":[{"taxonomy":"category","embeddable":true,"href":"https:\/\/www.europesays.com\/fr\/wp-json\/wp\/v2\/categories?post=257830"},{"taxonomy":"post_tag","embeddable":true,"href":"https:\/\/www.europesays.com\/fr\/wp-json\/wp\/v2\/tags?post=257830"}],"curies":[{"name":"wp","href":"https:\/\/api.w.org\/{rel}","templated":true}]}}