{"id":257832,"date":"2025-07-19T02:42:23","date_gmt":"2025-07-19T02:42:23","guid":{"rendered":"https:\/\/www.europesays.com\/fr\/257832\/"},"modified":"2025-07-19T02:42:23","modified_gmt":"2025-07-19T02:42:23","slug":"lete-ou-je-suis-devenue-jolie-sur-prime-video-que-valent-les-premiers-episodes-de-la-saison-3","status":"publish","type":"post","link":"https:\/\/www.europesays.com\/fr\/257832\/","title":{"rendered":"\u00ab\u00a0L\u2019\u00c9t\u00e9 o\u00f9 je suis devenue jolie\u00a0\u00bb sur Prime Video\u00a0: que valent les premiers \u00e9pisodes de la saison\u00a03\u00a0?"},"content":{"rendered":"<p class=\"paragraph text_align_left lp-f-body-02\">Il aura fallu moins de 24 heures pour propulser l\u2019adaptation de la trilogie de Jenny Han, r\u00e9f\u00e9rence de la com\u00e9die dramatique pour jeunes adultes, en num\u00e9ro 1 des s\u00e9ries de la plate-forme Prime Video.<\/p>\n<p class=\"paragraph text_align_left lp-f-body-02\">Attendue depuis deux ans, la troisi\u00e8me et derni\u00e8re saison de<a href=\"https:\/\/www.leparisien.fr\/culture-loisirs\/series\/lete-ou-je-suis-devenue-jolie-nouvelles-montagnes-russes-emotionnelles-en-saison-2-14-07-2023-WNB7RQKYIRBTBM6GZGS3WK2RRI.php\" target=\"_blank\" rel=\"noreferrer nofollow noopener\"> \u00ab L\u2019\u00c9t\u00e9 o\u00f9 je suis devenue jolie \u00bb<\/a> a commenc\u00e9 le 16 juillet avec la mise en ligne des deux premiers \u00e9pisodes.<\/p>\n<p class=\"paragraph text_align_left lp-f-body-02\">Mais en choisissant la diffusion d\u2019un \u00e9pisode par semaine, disponible chaque mercredi, tout au long de l\u2019\u00e9t\u00e9, les producteurs se mettent \u00e0 dos une partie de leur public, frustr\u00e9e par ce choix mais surtout impatiente d\u2019avoir le fin mot de l\u2019histoire : Belly d\u00e9cidera-t-elle (enfin) de choisir \u00e0 qui elle offrira son c\u0153ur ?<\/p>\n<p>Que s\u2019est-il pass\u00e9 depuis le premier \u00e9t\u00e9 \u00e0 Cousins Beach ?<\/p>\n<p class=\"paragraph text_align_left lp-f-body-02\">Tous les ans, Isabel Conklin (Lola Tung) et sa famille passent leurs vacances d\u2019\u00e9t\u00e9 dans la maison de plage idyllique de la famille Fisher, o\u00f9 la jeune fille d\u00e9veloppe des sentiments pour la fratrie Jeremiah (Gavin Casalegno)-Conrad (Christopher Briney) Fisher.<\/p>\n<p class=\"paragraph text_align_left lp-f-body-02\">Au cours de <a href=\"https:\/\/www.leparisien.fr\/culture-loisirs\/series\/lete-ou-je-suis-devenue-jolie-sur-amazon-prime-video-une-ode-a-la-puissance-des-premiers-emois-17-06-2022-DCWPPCZZRZH33FJLWRJ6M7FBQQ.php\" target=\"_blank\" rel=\"noreferrer nofollow noopener\">la premi\u00e8re saison<\/a>, Belly exp\u00e9rimente, du haut de ses 16 ans, ses premi\u00e8res amours, premiers baisers et premi\u00e8res soir\u00e9es en essayant de trouver sa place dans ce monde d\u2019adolescents.<\/p>\n<p class=\"paragraph text_align_left lp-f-body-02\">Le d\u00e9c\u00e8s de Susannah, la m\u00e8re de Jeremiah et Conrad, au d\u00e9but de la deuxi\u00e8me saison, fait prendre \u00e0 la s\u00e9rie un virage plus dramatique qui vient tourmenter le quotidien des personnages : entre vente de la maison de vacances et peines de c\u0153ur, on est loin des vacances r\u00eav\u00e9es des premiers \u00e9pisodes.<\/p>\n<p class=\"paragraph text_align_left lp-f-body-02\">C\u2019est un des points forts de la s\u00e9rie, les th\u00e9matiques abord\u00e9es sont \u00e9tendues, mais famili\u00e8res \u00e0 une large audience : le passage complexe d\u2019adolescent \u00e0 jeune adulte, les chagrins d\u2019amour, la perte de ses proches\u2026 On comprend pourquoi de nombreux t\u00e9l\u00e9spectateurs recommandent la s\u00e9rie.<\/p>\n<p>Qu\u2019en pensent les fans ?<\/p>\n<p class=\"paragraph text_align_left lp-f-body-02\">Quatre ann\u00e9es se sont \u00e9coul\u00e9es depuis le final de la saison 2, Belly s\u2019est enti\u00e8rement d\u00e9vou\u00e9e \u00e0 Jeremiah\u2026 Mais rien n\u2019est jamais fix\u00e9 dans le marbre dans ce triangle amoureux, surtout quand les tromperies sont encore \u00e0 l\u2019ordre du jour.<\/p>\n<p class=\"paragraph text_align_left lp-f-body-02\">La jeune protagoniste fait son entr\u00e9e \u00e0 l\u2019universit\u00e9, Conrad s\u2019est \u00e9loign\u00e9 du reste du groupe, et le \u00ab Staylor \u00bb (contraction du couple de Steven et Taylor), \u00e9galement en proie \u00e0 des disputes, les conduisant \u00e0 un accident de voiture qui aurait pu leur \u00eatre fatal.<\/p>\n<p class=\"paragraph text_align_left lp-f-body-02\">Ce d\u00e9but quelque peu cacophonique d\u00e9\u00e7oit certains adeptes de la s\u00e9rie, : chercher \u00e0 amener trop rapidement les grands enjeux de ce chapitre conclusif risque de b\u00e2cler cette fin tant attendue, selon eux. Sur une note plus l\u00e9g\u00e8re, le d\u00e9bat fait rage sur les r\u00e9seaux sociaux, particuli\u00e8rement sur TikTok o\u00f9 les fans de Conrad et de Jeremiah se battent pour savoir qui des deux pr\u00e9tendants comblera le c\u0153ur de Belly\u2026 Affaire \u00e0 suivre jusqu\u2019\u00e0 la mi-septembre.<\/p>\n<p>La note de la r\u00e9daction :\u00ab L\u2019\u00c9t\u00e9 o\u00f9 je suis devenue jolie \u00bb, <\/p>\n<p>s\u00e9rie am\u00e9ricaine de Gabrielle Stanton, avec Lola Tung, Christopher Briney, Gavin Casalegno, Sean Kaufman&#8230; Saison 3, \u00e9pisodes 1 et 2\/11 d\u00e9j\u00e0 disponibles, environ 1 heure chacun, puis un nouveau chaque mercredi. Sur Prime Video <\/p>\n","protected":false},"excerpt":{"rendered":"Il aura fallu moins de 24 heures pour propulser l\u2019adaptation de la trilogie de Jenny Han, r\u00e9f\u00e9rence de&hellip;\n","protected":false},"author":2,"featured_media":257833,"comment_status":"","ping_status":"","sticky":false,"template":"","format":"standard","meta":{"footnotes":""},"categories":[1356],"tags":[872,58,59,1011,27,1314,252,1364],"class_list":{"0":"post-257832","1":"post","2":"type-post","3":"status-publish","4":"format-standard","5":"has-post-thumbnail","7":"category-television","8":"tag-culture-et-loisirs","9":"tag-divertissement","10":"tag-entertainment","11":"tag-fr","12":"tag-france","13":"tag-series","14":"tag-television","15":"tag-tv"},"share_on_mastodon":{"url":"https:\/\/pubeurope.com\/@fr\/114877598468484213","error":""},"_links":{"self":[{"href":"https:\/\/www.europesays.com\/fr\/wp-json\/wp\/v2\/posts\/257832","targetHints":{"allow":["GET"]}}],"collection":[{"href":"https:\/\/www.europesays.com\/fr\/wp-json\/wp\/v2\/posts"}],"about":[{"href":"https:\/\/www.europesays.com\/fr\/wp-json\/wp\/v2\/types\/post"}],"author":[{"embeddable":true,"href":"https:\/\/www.europesays.com\/fr\/wp-json\/wp\/v2\/users\/2"}],"replies":[{"embeddable":true,"href":"https:\/\/www.europesays.com\/fr\/wp-json\/wp\/v2\/comments?post=257832"}],"version-history":[{"count":0,"href":"https:\/\/www.europesays.com\/fr\/wp-json\/wp\/v2\/posts\/257832\/revisions"}],"wp:featuredmedia":[{"embeddable":true,"href":"https:\/\/www.europesays.com\/fr\/wp-json\/wp\/v2\/media\/257833"}],"wp:attachment":[{"href":"https:\/\/www.europesays.com\/fr\/wp-json\/wp\/v2\/media?parent=257832"}],"wp:term":[{"taxonomy":"category","embeddable":true,"href":"https:\/\/www.europesays.com\/fr\/wp-json\/wp\/v2\/categories?post=257832"},{"taxonomy":"post_tag","embeddable":true,"href":"https:\/\/www.europesays.com\/fr\/wp-json\/wp\/v2\/tags?post=257832"}],"curies":[{"name":"wp","href":"https:\/\/api.w.org\/{rel}","templated":true}]}}