{"id":257838,"date":"2025-07-19T02:45:15","date_gmt":"2025-07-19T02:45:15","guid":{"rendered":"https:\/\/www.europesays.com\/fr\/257838\/"},"modified":"2025-07-19T02:45:15","modified_gmt":"2025-07-19T02:45:15","slug":"anti-cholesterol-sanofi-suspend-sa-demande-de-deremboursement-du-praluent-18-07-2025-a-1748","status":"publish","type":"post","link":"https:\/\/www.europesays.com\/fr\/257838\/","title":{"rendered":"Anti-chol\u00e9st\u00e9rol: Sanofi suspend sa demande de d\u00e9remboursement du Praluent &#8211; 18\/07\/2025 \u00e0 17:48"},"content":{"rendered":"<p>        <img fetchpriority=\"high\" decoding=\"async\" src=\"https:\/\/www.europesays.com\/fr\/wp-content\/uploads\/2025\/07\/489bbafa7ebc61ec40626e37886fd102-760x570.jpg\" alt=\"( AFP \/ GUILLAUME SOUVANT )\" loading=\"eager\" width=\"760\" height=\"570\" style=\"max-width: 100%!important; height: auto;\"\/><\/p>\n<p class=\"c-image-news__legend\">( AFP \/ GUILLAUME SOUVANT )<\/p>\n<p>\n Le g\u00e9ant pharmaceutique<br \/>\n <a href=\"https:\/\/www.boursorama.com\/cours\/1rPSAN\/\" rel=\"nofollow noopener\" target=\"_blank\"><br \/>\n  Sanofi<br \/>\n <\/a><br \/>\n a annonc\u00e9 vendredi \u00e0 l&rsquo;AFP suspendre sa demande de d\u00e9remboursement de son m\u00e9dicament anti-cholest\u00e9rol Praluent, disant travailler \u00e0 \u00ab\u00a0une solution durable\u00a0\u00bb avec les autorit\u00e9s de sant\u00e9 pour garantir l&rsquo;acc\u00e8s \u00e0 ce traitement essentiel contre le risque cardiovasculaire.\n<\/p>\n<p>\n Le 26 juin, le groupe avait demand\u00e9 le d\u00e9remboursement de cet anticorps injectable contre l\u2019hypercholest\u00e9rol\u00e9mie, estimant qu&rsquo;il n&rsquo;\u00e9tait \u00ab\u00a0plus \u00e9conomiquement viable\u00a0\u00bb de continuer \u00e0 r\u00e9pondre \u00e0 l&rsquo;explosion de la demande.\n<\/p>\n<p>\n \u00ab\u00a0Sanofi a d\u00e9cid\u00e9 de suspendre sa demande de d\u00e9remboursement\u00a0\u00bb, a indiqu\u00e9 vendredi une porte-parole. Le groupe dit travailler \u00ab\u00a0avec les autorit\u00e9s \u00e0 l\u2019\u00e9laboration dans les semaines \u00e0 venir d\u2019une solution collective et durable qui permettrait de garantir l\u2019acc\u00e8s \u00e0 Praluent dans les meilleures conditions, aujourd\u2019hui et demain\u00a0\u00bb.\n<\/p>\n<p>\n Le nombre de patients trait\u00e9s avec Praluent (alirocumab) n&rsquo;a cess\u00e9 d&rsquo;augmenter depuis 2020, doublant m\u00eame entre 2023 et 2024 en raison de l\u2019\u00e9largissement des situations o\u00f9 le m\u00e9dicament peut \u00eatre prescrit, mais \u00ab\u00a0sans que les conditions de mise \u00e0 disposition du traitement ne soient adapt\u00e9es par les autorit\u00e9s\u00a0\u00bb, souligne Sanofi.\n<\/p>\n<p>\n La perspective d&rsquo;un \u00e9ventuel d\u00e9remboursement suscite l&rsquo;inqui\u00e9tude et l&rsquo;incompr\u00e9hension des sp\u00e9cialistes et des patients \u00e0 haut risque neuro-cardiovasculaire qui esp\u00e8rent un accord entre l&rsquo;Etat et le laboratoire.\n<\/p>\n<p>\n Les maladies cardiovasculaires constituent \u00ab\u00a0la deuxi\u00e8me cause de mortalit\u00e9 en France apr\u00e8s les cancers, la premi\u00e8re chez la femme\u00a0\u00bb, a rappel\u00e9 Franck Boccara, chef du service de cardiologie au CHU Saint-Antoine-Tenon, lors d&rsquo;un webinaire jeudi pour faire le point sur la situation.\n<\/p>\n<p>\n \u00ab\u00a0On risque de voir une recrudescence des probl\u00e8mes cardiaques: infarctus, angine de poitrine ou AVC\u00a0\u00bb en cas de rupture d&rsquo;acc\u00e8s, selon Sophie Beliard, professeure en nutrition \u00e0 l&rsquo;AP-HM de Marseille.\n<\/p>\n<p>\n Le pr\u00e9sident de l&rsquo;association nationale des hypercholest\u00e9rol\u00e9mies familiales et lipoprot\u00e9ines (Anhet.f), Lionel Ribes, a indiqu\u00e9 que cette situation engendrait une \u00ab\u00a0inqui\u00e9tude extr\u00eame\u00a0\u00bb et \u00ab\u00a0une angoisse de la r\u00e9cidive\u00a0\u00bb chez les patients \u00e0 haut risque.\n<\/p>\n<p>\n Au premier trimestre, les ventes de Praluent ont atteint 130 millions d\u2019euros, en hausse de 6,6%, refl\u00e9tant une augmentation des ventes en Europe.\n<\/p>\n<p>\n Sanofi rappelle avoir investi plus de 20 millions d\u2019euros en France pour renforcer ses capacit\u00e9s industrielles, notamment sur son site de Vitry-sur-Seine, en r\u00e9gion parisienne, d\u00e9di\u00e9 aux anticorps monoclonaux, qui assurera, d\u00e8s cette ann\u00e9e, 80% de la production mondiale de la substance active de Praluent.\n<\/p>\n<p>\n Le groupe a arr\u00eat\u00e9 en 2019 la recherche sur le secteur tr\u00e8s concurrentiel du diab\u00e8te et du cardiovasculaire.<\/p>\n","protected":false},"excerpt":{"rendered":"( AFP \/ GUILLAUME SOUVANT ) Le g\u00e9ant pharmaceutique Sanofi a annonc\u00e9 vendredi \u00e0 l&rsquo;AFP suspendre sa demande&hellip;\n","protected":false},"author":2,"featured_media":257839,"comment_status":"","ping_status":"","sticky":false,"template":"","format":"standard","meta":{"footnotes":""},"categories":[10],"tags":[400,398,408,405,1011,27,72,403,402,399,404,71,401,406,407],"class_list":{"0":"post-257838","1":"post","2":"type-post","3":"status-publish","4":"format-standard","5":"has-post-thumbnail","7":"category-sante","8":"tag-action-cac-40","9":"tag-bourse-de-paris","10":"tag-boursorama","11":"tag-cotations","12":"tag-fr","13":"tag-france","14":"tag-health","15":"tag-indices-devises","16":"tag-investir","17":"tag-investissement","18":"tag-marche-boursier","19":"tag-sante","20":"tag-sicav","21":"tag-trackers","22":"tag-warrants"},"share_on_mastodon":{"url":"https:\/\/pubeurope.com\/@fr\/114877610495458362","error":""},"_links":{"self":[{"href":"https:\/\/www.europesays.com\/fr\/wp-json\/wp\/v2\/posts\/257838","targetHints":{"allow":["GET"]}}],"collection":[{"href":"https:\/\/www.europesays.com\/fr\/wp-json\/wp\/v2\/posts"}],"about":[{"href":"https:\/\/www.europesays.com\/fr\/wp-json\/wp\/v2\/types\/post"}],"author":[{"embeddable":true,"href":"https:\/\/www.europesays.com\/fr\/wp-json\/wp\/v2\/users\/2"}],"replies":[{"embeddable":true,"href":"https:\/\/www.europesays.com\/fr\/wp-json\/wp\/v2\/comments?post=257838"}],"version-history":[{"count":0,"href":"https:\/\/www.europesays.com\/fr\/wp-json\/wp\/v2\/posts\/257838\/revisions"}],"wp:featuredmedia":[{"embeddable":true,"href":"https:\/\/www.europesays.com\/fr\/wp-json\/wp\/v2\/media\/257839"}],"wp:attachment":[{"href":"https:\/\/www.europesays.com\/fr\/wp-json\/wp\/v2\/media?parent=257838"}],"wp:term":[{"taxonomy":"category","embeddable":true,"href":"https:\/\/www.europesays.com\/fr\/wp-json\/wp\/v2\/categories?post=257838"},{"taxonomy":"post_tag","embeddable":true,"href":"https:\/\/www.europesays.com\/fr\/wp-json\/wp\/v2\/tags?post=257838"}],"curies":[{"name":"wp","href":"https:\/\/api.w.org\/{rel}","templated":true}]}}