{"id":257846,"date":"2025-07-19T02:49:12","date_gmt":"2025-07-19T02:49:12","guid":{"rendered":"https:\/\/www.europesays.com\/fr\/257846\/"},"modified":"2025-07-19T02:49:12","modified_gmt":"2025-07-19T02:49:12","slug":"des-concessionnaires-chinois-debordent-de-voitures-dont-personne-ne-veut-a-tel-point-quils-ont-demande-aux-constructeurs-de-cesser-de-les-stocker","status":"publish","type":"post","link":"https:\/\/www.europesays.com\/fr\/257846\/","title":{"rendered":"Des concessionnaires chinois d\u00e9bordent de voitures dont personne ne veut. \u00c0 tel point qu&rsquo;ils ont demand\u00e9 aux constructeurs de cesser de les stocker"},"content":{"rendered":"<p>Le gouvernement chinois a demand\u00e9 aux constructeurs de calmer le jeu dans la guerre des prix. Les concessionnaires chinois, eux, veulent que les marques r\u00e9duisent la pression. Ils se retrouvent aujourd&rsquo;hui avec des stocks importants de v\u00e9hicules invendus et des faillites in\u00e9vitables.<\/p>\n<p>A trop vouloir s\u00e9duire le client, le vendeur est devenu perdant. Certes, l&rsquo;acheteur chinois de voiture \u00e9lectrique est devenu un v\u00e9ritable roi ces derni\u00e8res ann\u00e9es avec un choix pl\u00e9thorique et une guerre des prix qui a fait de sacr\u00e9s d\u00e9g\u00e2ts : des gammes enti\u00e8res au rabais, et forc\u00e9ment, des constructeurs et des distributeurs qui trinquent. Selon une r\u00e9cente analyse, il pourrait ne reste plus qu&rsquo;une quinzaine de marques automobiles en Chine \u00e0 moyen terme, contre plusieurs dizaines actuellement. Et les concessionnaires en font eux aussi les frais : <strong>le showroom le plus prestigieux du <a title=\"groupe BYD\" href=\"https:\/\/www.automobile-magazine.fr\/marque\/byd\" target=\"_blank\" rel=\"noopener\">groupe BYD<\/a> en Chine, le Jinan Qiansheng, a d\u00fb fermer boutique r\u00e9cemment, laissant des centaines de clients dans l&rsquo;incertitude. <\/strong><\/p>\n<p>Des concessions ferment, les stocks augmentent<\/p>\n<p>Au total, plus d&rsquo;une vingtaine de gros concessionnaires BYD en Chine ont d\u00fb r\u00e9duire l&rsquo;activit\u00e9 ou carr\u00e9ment fermer les portes. Il reste maintenant \u00e0 savoir ce que vont devenir les clients qui ont notamment des contrats d&rsquo;entretien en apr\u00e8s-vente ou qui ont des besoins sp\u00e9cifiques pour leur v\u00e9hicule.<\/p>\n<p>Une situation favoris\u00e9e par cette guerre des prix et cette fuite en avant<strong> <a title=\"\u00e0 vouloir immatriculer toujours plus de v\u00e9hicules\" href=\"https:\/\/www.automobile-magazine.fr\/economie-politique\/article\/48563-comment-la-chine-triche-pour-faire-croire-quelle-vend-enormement-de-voitures\" target=\"_blank\" rel=\"noopener\">\u00e0 vouloir immatriculer toujours plus de v\u00e9hicules<\/a> pour gonfler les chiffres au moment des bilans semestriels. <\/strong>Des donn\u00e9es suivies d\u00e9sormais de tr\u00e8s pr\u00e8s par les observateurs internationaux : un BYD qui d\u00e9passe Tesla dans les ventes de voitures \u00e9lectriques a forc\u00e9ment un impact positif sur l&rsquo;image du groupe au niveau mondial. Et c&rsquo;est un vecteur suppl\u00e9mentaire de d\u00e9veloppement au del\u00e0 des fronti\u00e8res chinoises. Rappelons que BYD a d\u00e9j\u00e0 pr\u00e9vu la construction de sa premi\u00e8re usine en Europe, le Vieux Continent \u00e9tant sa cible privil\u00e9gi\u00e9e. Il faut dire que la porte am\u00e9ricaine s&rsquo;est totalement ferm\u00e9e avec des droits de douane de 250 % d\u00e9cid\u00e9s par Donald Trump sur les voitures chinoises.<\/p>\n<p>La Chine demande aux constructeurs de se calmer<\/p>\n<p>La Chambre de commerce des concessionnaires automobiles de Chine demande aux constructeurs des \u00ab\u00a0objectifs annuels raisonnables de production<strong> et de ventes et ne devraient pas transf\u00e9rer leurs stocks aux concessionnaires ni les contraindre \u00e0 stocker des v\u00e9hicules<\/strong>\u00ab\u00a0. <a title=\"Des concessionnaires\" href=\"https:\/\/www.automobile-magazine.fr\/toute-l-actualite\/article\/43267-la-colere-des-concessionnaires-porsche-en-chine-la-marque-allemande-en-difficulte\" target=\"_blank\" rel=\"noopener\">Des concessionnaires<\/a> qui \u00ab\u00a0ne devraient pas \u00eatre contraints de se retirer du r\u00e9seau et de fermer leurs magasins au nom de l&rsquo;optimisation des canaux\u00a0\u00bb. Dans un pays o\u00f9 les marques sont parfois g\u00e9n\u00e9reusement subventionn\u00e9es par l&rsquo;Etat (ce qui a d&rsquo;ailleurs conduit l&rsquo;Europe \u00e0 taxer les v\u00e9hicules chinois pour concurrence d\u00e9loyale), gageons que les grands groupes seront \u00e0 l&rsquo;\u00e9coute des consignes politiques. Et ils n&rsquo;auront probablement pas le choix sans quoi la rentabilit\u00e9 d&rsquo;une bonne partie des voitures vendues sera nulle, voire n\u00e9gative. A trop vouloir tirer les prix vers le bas, la comp\u00e9titivit\u00e9 qui profite aujourd&rsquo;hui aux clients fera probablement des d\u00e9g\u00e2ts immenses.<\/p>\n<p>  <strong>Fabien Hardy<\/strong> <\/p>\n<p> Notez cet article<\/p>\n<p> 4.3\/5 ( 13 votes)<\/p>\n<p>  Publi\u00e9 le  18\/07\/2025 \u00e0 18:00  <\/p>\n","protected":false},"excerpt":{"rendered":"Le gouvernement chinois a demand\u00e9 aux constructeurs de calmer le jeu dans la guerre des prix. Les concessionnaires&hellip;\n","protected":false},"author":2,"featured_media":257847,"comment_status":"","ping_status":"","sticky":false,"template":"","format":"standard","meta":{"footnotes":""},"categories":[6],"tags":[35,33,34,1011,27,622],"class_list":{"0":"post-257846","1":"post","2":"type-post","3":"status-publish","4":"format-standard","5":"has-post-thumbnail","7":"category-economie","8":"tag-business","9":"tag-economie","10":"tag-economy","11":"tag-fr","12":"tag-france","13":"tag-toute-lu0027actualitu00e9"},"share_on_mastodon":{"url":"https:\/\/pubeurope.com\/@fr\/114877626003848186","error":""},"_links":{"self":[{"href":"https:\/\/www.europesays.com\/fr\/wp-json\/wp\/v2\/posts\/257846","targetHints":{"allow":["GET"]}}],"collection":[{"href":"https:\/\/www.europesays.com\/fr\/wp-json\/wp\/v2\/posts"}],"about":[{"href":"https:\/\/www.europesays.com\/fr\/wp-json\/wp\/v2\/types\/post"}],"author":[{"embeddable":true,"href":"https:\/\/www.europesays.com\/fr\/wp-json\/wp\/v2\/users\/2"}],"replies":[{"embeddable":true,"href":"https:\/\/www.europesays.com\/fr\/wp-json\/wp\/v2\/comments?post=257846"}],"version-history":[{"count":0,"href":"https:\/\/www.europesays.com\/fr\/wp-json\/wp\/v2\/posts\/257846\/revisions"}],"wp:featuredmedia":[{"embeddable":true,"href":"https:\/\/www.europesays.com\/fr\/wp-json\/wp\/v2\/media\/257847"}],"wp:attachment":[{"href":"https:\/\/www.europesays.com\/fr\/wp-json\/wp\/v2\/media?parent=257846"}],"wp:term":[{"taxonomy":"category","embeddable":true,"href":"https:\/\/www.europesays.com\/fr\/wp-json\/wp\/v2\/categories?post=257846"},{"taxonomy":"post_tag","embeddable":true,"href":"https:\/\/www.europesays.com\/fr\/wp-json\/wp\/v2\/tags?post=257846"}],"curies":[{"name":"wp","href":"https:\/\/api.w.org\/{rel}","templated":true}]}}