{"id":257848,"date":"2025-07-19T02:50:24","date_gmt":"2025-07-19T02:50:24","guid":{"rendered":"https:\/\/www.europesays.com\/fr\/257848\/"},"modified":"2025-07-19T02:50:24","modified_gmt":"2025-07-19T02:50:24","slug":"la-syrie-et-israel-saccordent-sur-un-cessez-le-feu-combats-a-lentree-de-soueida-19-07-2025-a-0151","status":"publish","type":"post","link":"https:\/\/www.europesays.com\/fr\/257848\/","title":{"rendered":"La Syrie et Isra\u00ebl s&rsquo;accordent sur un cessez-le-feu, combats \u00e0 l&rsquo;entr\u00e9e de Soueida &#8211; 19\/07\/2025 \u00e0 01:51"},"content":{"rendered":"<p>        <img fetchpriority=\"high\" decoding=\"async\" src=\"https:\/\/www.europesays.com\/fr\/wp-content\/uploads\/2025\/07\/2a02b86e5fe3527cd8eccd67fa8e0629-760x507.jpg\" alt=\"Des combattants de tribus b\u00e9douines se rassemblent dans le village d'al-Mazraa, dans le gouvernorat de Soueida, adans le sud de la Syrie, sur fond d'affrontements avec des hommes arm\u00e9s druzes, le 18 juillet 2025 ( AFP \/ Bakr ALKASEM )\" loading=\"eager\" width=\"760\" height=\"507\" style=\"max-width: 100%!important; height: auto;\"\/><\/p>\n<p class=\"c-image-news__legend\">Des combattants de tribus b\u00e9douines se rassemblent dans le village d&rsquo;al-Mazraa, dans le gouvernorat de Soueida, adans le sud de la Syrie, sur fond d&rsquo;affrontements avec des hommes arm\u00e9s druzes, le 18 juillet 2025 ( AFP \/ Bakr ALKASEM )<\/p>\n<p>\n Le gouvernement syrien et Isra\u00ebl se sont accord\u00e9s vendredi soir sur un cessez-le-feu sous l&rsquo;\u00e9gide des Etats-Unis, mais des affrontements opposent toujours des combattants tribaux et druzes \u00e0 l&rsquo;entr\u00e9e de Soueida, dans le sud de la Syrie, o\u00f9 des violences ont d\u00e9j\u00e0 fait des centaines de morts et des dizaines de milliers de d\u00e9plac\u00e9s depuis pr\u00e8s d&rsquo;une semaine.\n<\/p>\n<p>\n Le Premier ministre isra\u00e9lien Benjamin Netanyahu et le pr\u00e9sident int\u00e9rimaire syrien Ahmad al-Chareh \u00ab\u00a0ont accept\u00e9 un cessez-le-feu\u00a0\u00bb, a annonc\u00e9 l&rsquo;\u00e9missaire am\u00e9ricain pour la Syrie Tom Barrack, deux jours apr\u00e8s des bombardements isra\u00e9liens sur Damas.\n<\/p>\n<p>\n \u00ab\u00a0Nous appelons les druzes, les b\u00e9douins et les sunnites \u00e0 d\u00e9poser les armes, et, ensemble, avec les autres minorit\u00e9s, \u00e0 construire une identit\u00e9 syrienne nouvelle et unie, dans la paix et la prosp\u00e9rit\u00e9 avec ses voisins\u00a0\u00bb, a \u00e9crit M. Barrack sur le r\u00e9seau social X.\n<\/p>\n<p>\n La pr\u00e9sidence syrienne a affirm\u00e9 vendredi travailler \u00e0 l&rsquo;envoi d&rsquo;une \u00ab\u00a0force sp\u00e9ciale\u00a0\u00bb dans la r\u00e9gion \u00e0 majorit\u00e9 druze de Soueida, d&rsquo;o\u00f9 elle avait retir\u00e9 ses soldats la veille sous la pression d&rsquo;Isra\u00ebl.\n<\/p>\n<\/p>\n<p>\n Depuis dimanche, les affrontements entre groupes druzes et tribus b\u00e9douines locales, aux relations tendues depuis des ann\u00e9es, y ont fait au moins 638 morts selon l&rsquo;Observatoire syrien des droits de l&rsquo;homme (OSDH).\n<\/p>\n<p>\n L&rsquo;h\u00f4pital gouvernemental de Soueida, le seul de la ville qui fonctionne encore, a accueilli \u00ab\u00a0plus de 400 corps depuis lundi matin\u00a0\u00bb, parmi lesquels \u00ab\u00a0des femmes, des enfants et des personnes \u00e2g\u00e9es\u00a0\u00bb, a dit \u00e0 l&rsquo;AFP le m\u00e9decin Omar Obeid.\n<\/p>\n<p> &#8211; \u00ab\u00a0Une fosse commune\u00a0\u00bb &#8211;<\/p>\n<p>\n \u00ab\u00a0Ce n&rsquo;est plus un h\u00f4pital, c&rsquo;est une fosse commune\u00a0\u00bb, a d\u00e9clar\u00e9 \u00e0 un correspondant de l&rsquo;AFP Rouba, membre du personnel de l&rsquo;h\u00f4pital qui ne veut pas donner son nom de famille.\n<\/p>\n<p>\n Ces violences fragilisent encore plus le pouvoir d&rsquo;Ahmad al-Chareh qui, \u00e0 la t\u00eate d&rsquo;une coalition de groupes rebelles islamistes, avait renvers\u00e9 le pr\u00e9sident Bachar al-Assad en d\u00e9cembre, dans un pays meurtri par pr\u00e8s de 14 ans de guerre civile.\n<\/p>\n<p>\n Dans un communiqu\u00e9 vendredi soir, la pr\u00e9sidence a exhort\u00e9 \u00ab\u00a0toutes les parties \u00e0 faire preuve de retenue et \u00e0 privil\u00e9gier la raison\u00a0\u00bb, tout en affirmant travailler \u00ab\u00a0\u00e0 l&rsquo;envoi d&rsquo;une force sp\u00e9ciale pour mettre fin aux affrontements\u00a0\u00bb.\n<\/p>\n<p>\n Le pouvoir syrien, disant vouloir r\u00e9tablir l&rsquo;ordre, avait d\u00e9j\u00e0 d\u00e9ploy\u00e9 ses forces mardi \u00e0 Soueida, jusque-l\u00e0 contr\u00f4l\u00e9e par des combattants druzes. L&rsquo;OSDH, des t\u00e9moins et des groupes druzes ont toutefois accus\u00e9 les forces syriennes d&rsquo;avoir combattu au c\u00f4t\u00e9 des b\u00e9douins et d&rsquo;avoir commis des exactions.\n<\/p>\n<p>        <img decoding=\"async\" src=\"https:\/\/www.europesays.com\/fr\/wp-content\/uploads\/2025\/07\/4cac6211d28c3e639c6f21b8034da104-760x507.jpg\" alt=\"Un homme est soign\u00e9 dans un h\u00f4pital de Soueida, dans le sud de la Syrie, le 18 juillet 2025, apr\u00e8s des affrontements entre combattants tribaux et druzes ( AFP \/ Shadi AL-DUBAISI )\" loading=\"eager\" width=\"760\" height=\"507\" style=\"max-width: 100%!important; height: auto;\"\/><\/p>\n<p class=\"c-image-news__legend\">Un homme est soign\u00e9 dans un h\u00f4pital de Soueida, dans le sud de la Syrie, le 18 juillet 2025, apr\u00e8s des affrontements entre combattants tribaux et druzes ( AFP \/ Shadi AL-DUBAISI )<\/p>\n<p>\n Les forces gouvernementales s&rsquo;\u00e9taient retir\u00e9es jeudi de la ville, apr\u00e8s des menaces et des bombardements d&rsquo;Isra\u00ebl qui a dit vouloir prot\u00e9ger la minorit\u00e9 druze, M. Chareh affirmant sa volont\u00e9 d&rsquo;\u00e9viter une \u00ab\u00a0guerre ouverte\u00a0\u00bb avec Isra\u00ebl.\n<\/p>\n<p>\n Un cessez-le-feu a \u00e9t\u00e9 conclu entre les parties syriennes, mais la pr\u00e9sidence a accus\u00e9 jeudi les combattants druzes de l&rsquo;avoir viol\u00e9.\n<\/p>\n<p>\n Vendredi matin, des combattants de tribus arabes sunnites, qui ont afflu\u00e9 de diff\u00e9rentes r\u00e9gions syriennes pour pr\u00eater main forte aux b\u00e9douins, s&rsquo;\u00e9taient mass\u00e9s autour de Soueida, selon des correspondants de l&rsquo;AFP sur place.\n<\/p>\n<p>\n Et vendredi soir, quelque 200 de ces combattants ont \u00e9t\u00e9 vus par l&rsquo;AFP \u00e9changeant des tirs d&rsquo;armes automatiques \u00e0 l&rsquo;entr\u00e9e ouest de la ville avec les groupes druzes positionn\u00e9s \u00e0 l&rsquo;int\u00e9rieur.\n<\/p>\n<p> &#8211; \u00ab\u00a0Plus de lait pour les nourrissons\u00a0\u00bb &#8211;<\/p>\n<p>\n L&rsquo;OSDH a confirm\u00e9 des combats dans ce secteur, ajoutant que \u00ab\u00a0des bombardements visaient des quartiers de la ville\u00a0\u00bb.\n<\/p>\n<p>        <img decoding=\"async\" src=\"https:\/\/www.europesays.com\/fr\/wp-content\/uploads\/2025\/07\/34bb3acda2b515702a1c1406536f22e5-760x507.jpg\" alt=\"Des combattants de tribus b\u00e9douines se rassemblent dans le village d'al-Mazraa, dans le gouvernorat de Soueida, adans le sud de la Syrie, sur fond d'affrontements avec des hommes arm\u00e9s druzes, le 18 juillet 2025 ( AFP \/ Bakr ALKASEM )\" loading=\"eager\" width=\"760\" height=\"507\" style=\"max-width: 100%!important; height: auto;\"\/><\/p>\n<p class=\"c-image-news__legend\">Des combattants de tribus b\u00e9douines se rassemblent dans le village d&rsquo;al-Mazraa, dans le gouvernorat de Soueida, adans le sud de la Syrie, sur fond d&rsquo;affrontements avec des hommes arm\u00e9s druzes, le 18 juillet 2025 ( AFP \/ Bakr ALKASEM )<\/p>\n<p>\n Un chef tribal, Anas Al-Enad, a affirm\u00e9 au correspondant de l&rsquo;AFP pr\u00e8s du village druze de Walgha \u00eatre venu avec ses hommes de la r\u00e9gion de Hama (centre) \u00ab\u00a0en r\u00e9ponse aux appels \u00e0 l&rsquo;aide des b\u00e9douins\u00a0\u00bb.\n<\/p>\n<p>\n Le correspondant de l&rsquo;AFP a vu des maisons, des commerces et des voitures br\u00fbl\u00e9s \u00e0 Walgha, d\u00e9sormais sous contr\u00f4le des forces tribales et des b\u00e9douins.\n<\/p>\n<p>\n Selon l&rsquo;OSDH, \u00ab\u00a0les combattants tribaux sont encourag\u00e9s et soutenus par les autorit\u00e9s syriennes qui ne peuvent plus se d\u00e9ployer \u00e0 Soueida en raison des menaces d&rsquo;Isra\u00ebl\u00a0\u00bb.\n<\/p>\n<p>\n Pr\u00e8s de 80.000 personnes ont \u00e9t\u00e9 d\u00e9plac\u00e9es en raison des violences, s&rsquo;est alarm\u00e9e l&rsquo;Organisation internationale pour les migrations (OIM).\n<\/p>\n<p>\n Dans Soueida priv\u00e9e d&rsquo;eau et d&rsquo;\u00e9lectricit\u00e9 et o\u00f9 les communications sont coup\u00e9es, \u00ab\u00a0la situation est catastrophique. Il n&rsquo;y a m\u00eame plus de lait pour nourrissons\u00a0\u00bb, a d\u00e9clar\u00e9 \u00e0 l&rsquo;AFP le r\u00e9dacteur en chef du site local Suwayda 24, Rayan Maarouf.\n<\/p>\n<p>        <img decoding=\"async\" src=\"https:\/\/www.europesays.com\/fr\/wp-content\/uploads\/2025\/07\/102cb776b5072928b44ef7ac6a8ce57f-760x507.jpg\" alt=\"Des combattants b\u00e9douins et tribaux se d\u00e9ploient alors qu\u2019une voiture est en feu \u00e0 l\u2019entr\u00e9e ouest du bastion druze de Soue\u00efda, dans le sud de la Syrie, le 18 juillet 2025 ( AFP \/ Bakr ALKASEM )\" loading=\"eager\" width=\"760\" height=\"507\" style=\"max-width: 100%!important; height: auto;\"\/><\/p>\n<p class=\"c-image-news__legend\">Des combattants b\u00e9douins et tribaux se d\u00e9ploient alors qu\u2019une voiture est en feu \u00e0 l\u2019entr\u00e9e ouest du bastion druze de Soue\u00efda, dans le sud de la Syrie, le 18 juillet 2025 ( AFP \/ Bakr ALKASEM )<\/p>\n<p>\n Le Comit\u00e9 international de la Croix-Rouge (CICR) s&rsquo;est dit \u00ab\u00a0profond\u00e9ment pr\u00e9occup\u00e9 par la d\u00e9t\u00e9rioration rapide de la situation humanitaire\u00a0\u00bb dans la r\u00e9gion.\n<\/p>\n<p>\n \u00ab\u00a0Les gens manquent de tout. Les h\u00f4pitaux ont de plus en plus de mal \u00e0 soigner les bless\u00e9s et les malades\u00a0\u00bb, a d\u00e9clar\u00e9 Stephan Sakalian, chef de la d\u00e9l\u00e9gation du CICR en Syrie.\n<\/p>\n<p>\n Pr\u00e9sente principalement \u00e0 Soueida, la communaut\u00e9 druze de Syrie comptait avant la guerre civile quelque 700.000 personnes. Cette minorit\u00e9 \u00e9sot\u00e9rique issue d&rsquo;une branche de l&rsquo;islam est aussi implant\u00e9e au Liban et en Isra\u00ebl.<\/p>\n","protected":false},"excerpt":{"rendered":"Des combattants de tribus b\u00e9douines se rassemblent dans le village d&rsquo;al-Mazraa, dans le gouvernorat de Soueida, adans le&hellip;\n","protected":false},"author":2,"featured_media":257849,"comment_status":"","ping_status":"","sticky":false,"template":"","format":"standard","meta":{"footnotes":""},"categories":[5],"tags":[400,11,398,408,405,1011,27,403,14,402,399,404,12,401,406,407,28],"class_list":{"0":"post-257848","1":"post","2":"type-post","3":"status-publish","4":"format-standard","5":"has-post-thumbnail","7":"category-international","8":"tag-action-cac-40","9":"tag-actualites","10":"tag-bourse-de-paris","11":"tag-boursorama","12":"tag-cotations","13":"tag-fr","14":"tag-france","15":"tag-indices-devises","16":"tag-international","17":"tag-investir","18":"tag-investissement","19":"tag-marche-boursier","20":"tag-news","21":"tag-sicav","22":"tag-trackers","23":"tag-warrants","24":"tag-world"},"share_on_mastodon":{"url":"https:\/\/pubeurope.com\/@fr\/114877630117491016","error":""},"_links":{"self":[{"href":"https:\/\/www.europesays.com\/fr\/wp-json\/wp\/v2\/posts\/257848","targetHints":{"allow":["GET"]}}],"collection":[{"href":"https:\/\/www.europesays.com\/fr\/wp-json\/wp\/v2\/posts"}],"about":[{"href":"https:\/\/www.europesays.com\/fr\/wp-json\/wp\/v2\/types\/post"}],"author":[{"embeddable":true,"href":"https:\/\/www.europesays.com\/fr\/wp-json\/wp\/v2\/users\/2"}],"replies":[{"embeddable":true,"href":"https:\/\/www.europesays.com\/fr\/wp-json\/wp\/v2\/comments?post=257848"}],"version-history":[{"count":0,"href":"https:\/\/www.europesays.com\/fr\/wp-json\/wp\/v2\/posts\/257848\/revisions"}],"wp:featuredmedia":[{"embeddable":true,"href":"https:\/\/www.europesays.com\/fr\/wp-json\/wp\/v2\/media\/257849"}],"wp:attachment":[{"href":"https:\/\/www.europesays.com\/fr\/wp-json\/wp\/v2\/media?parent=257848"}],"wp:term":[{"taxonomy":"category","embeddable":true,"href":"https:\/\/www.europesays.com\/fr\/wp-json\/wp\/v2\/categories?post=257848"},{"taxonomy":"post_tag","embeddable":true,"href":"https:\/\/www.europesays.com\/fr\/wp-json\/wp\/v2\/tags?post=257848"}],"curies":[{"name":"wp","href":"https:\/\/api.w.org\/{rel}","templated":true}]}}