{"id":257851,"date":"2025-07-19T02:52:15","date_gmt":"2025-07-19T02:52:15","guid":{"rendered":"https:\/\/www.europesays.com\/fr\/257851\/"},"modified":"2025-07-19T02:52:15","modified_gmt":"2025-07-19T02:52:15","slug":"pour-les-personnes-trans-ces-nouvelles-regles-de-la-has-consacrent-une-avancee-majeure","status":"publish","type":"post","link":"https:\/\/www.europesays.com\/fr\/257851\/","title":{"rendered":"Pour les personnes trans, ces nouvelles r\u00e8gles de la HAS consacrent une avanc\u00e9e majeure"},"content":{"rendered":"<p>        <img decoding=\"async\" loading=\"lazy\" src=\"https:\/\/www.europesays.com\/fr\/wp-content\/uploads\/2025\/07\/df25f4f_1658620088679-62039c9e360000fa3024e6d6.jpeg\"  width=\"728\" height=\"410\" alt=\"Aucun avis psychiatrique ne doit plus \u00eatre n\u00e9cessaire, selon la HAS, pour acc\u00e9der \u00e0 des traitements hormonaux ni \u00e0 une chirurgie.\"\/>  <\/p>\n<p>Vladimir Vladimirov via Getty Images<\/p>\n<p>Aucun avis psychiatrique ne doit plus \u00eatre n\u00e9cessaire, selon la HAS, pour acc\u00e9der \u00e0 des traitements hormonaux ni \u00e0 une chirurgie.<\/p>\n<p class=\"asset asset-text\">FRANCE &#8211; Pas une r\u00e9volution, mais une premi\u00e8re \u00e9tape importante. Attendue ce vendredi 18\u00a0juillet, la d\u00e9cision de <a href=\"https:\/\/www.huffingtonpost.fr\/france\/article\/le-rattrapage-du-vaccin-contre-le-papillomavirus-desormais-recommande-pour-tous-les-moins-de-26-ans_249957.html\" target=\"_blank\" rel=\"noopener\">la Haute Autorit\u00e9 de sant\u00e9 (HAS)<\/a> concernant la prise en charge des <a href=\"https:\/\/www.huffingtonpost.fr\/life\/article\/personnes-trans-et-transition-de-genre-la-has-repond-au-figaro-apres-la-publication-d-un-document-de-travail_243528.html\" target=\"_blank\" rel=\"noopener\">mineurs souhaitant entamer une transition de genre<\/a> a finalement \u00e9t\u00e9 report\u00e9e \u00e0 l\u2019ann\u00e9e 2026, en l\u2019\u00ab\u00a0absence de consensus\u00a0\u00bb \u00e0 ce stade.<\/p>\n<p class=\"asset asset-text\">Pour autant, les premi\u00e8res conclusions rendues par la HAS concernant les adultes permettent \u00e0 certains d\u2019y voir une premi\u00e8re avanc\u00e9e majeure. Laquelle\u00a0? Celle de consid\u00e9rer le fait d\u2019\u00eatre transgenre comme une simple autod\u00e9termination de la personne et non comme une maladie. C\u2019est d\u2019ailleurs la toute premi\u00e8res des <a href=\"https:\/\/www.has-sante.fr\/jcms\/p_3636735\/fr\/transidentite-prise-en-charge-de-l-adulte\" target=\"_blank\" rel=\"noopener\" title=\"Nouvelle fen\u00eatre\">152\u00a0recommandations formul\u00e9es par la HAS<\/a> ce vendredi dans un rapport accessible en ligne.<\/p>\n<p class=\"asset asset-text\">Car si la HAS ne r\u00e9pond pas encore clairement sur la mani\u00e8re de prendre en charge les mineurs, elle insiste fortement, concernant les adultes, sur le fait que <a href=\"https:\/\/www.huffingtonpost.fr\/international\/article\/a-londres-et-edimbourg-des-milliers-de-britanniques-defilent-pour-la-defense-des-droits-des-personnes-trans_249014.html\" target=\"_blank\" rel=\"noopener\">la transidentit\u00e9 ne doit pas \u00eatre consid\u00e9r\u00e9e comme une maladie<\/a>, et qu\u2019il faut donc r\u00e9pondre \u00e0 toute demande de transition, regrettant au passage une offre de soins \u00ab\u00a0tr\u00e8s h\u00e9t\u00e9rog\u00e8ne\u00a0\u00bb sur le territoire fran\u00e7ais.<\/p>\n<p class=\"asset asset-text\">\u00ab\u00a0Un avis psychiatrique syst\u00e9matique n\u2019est pas recommand\u00e9\u00a0\u00bb mais \u00ab\u00a0un soutien psychologique peut \u00eatre apport\u00e9 selon les besoins de la personne\u00a0\u00bb, a pr\u00e9cis\u00e9 Claire Compagnon, pr\u00e9sidente de la commission des recommandations de la HAS, lors d\u2019une conf\u00e9rence de presse au si\u00e8ge de la HAS \u00e0 Saint-Denis ce vendredi. Les soins de transition ne sont \u00ab\u00a0pas un confort mais un enjeu vital\u00a0\u00bb, a-t-elle ajout\u00e9.<\/p>\n<p class=\"asset asset-text\">Pour le contexte, la HAS avait \u00e9t\u00e9 saisie en 2022 par le minist\u00e8re de la Sant\u00e9 pour d\u00e9terminer comment doit s\u2019organiser la prise en charge des parcours de transition, un sujet sur lequel aucune recommandation sanitaire officielle n\u2019a jamais \u00e9t\u00e9 donn\u00e9e en France. Mais \u00e0 ce stade, elle ne r\u00e9pondra finalement pas sur le volet le plus sensible\u00a0: que faire quand un mineur demande \u00e0 changer de genre\u00a0? \u00ab\u00a0En l\u2019absence de donn\u00e9es suffisamment robustes et de consensus, la HAS fait le choix d\u2019aborder s\u00e9par\u00e9ment la question des moins de 18\u00a0ans\u00a0\u00bb, explique-t-elle dans un communiqu\u00e9, annon\u00e7ant que ce travail, probablement destin\u00e9 \u00e0 de nouveau prendre des ann\u00e9es, commencera d\u00e9but 2026.<\/p>\n<p>    \u00ab\u00a0Il fallait que ce soit affirm\u00e9, \u00e7a l\u2019est\u00a0\u00bb    <\/p>\n<p class=\"asset asset-text\">Sur Instagram, <a href=\"https:\/\/www.huffingtonpost.fr\/life\/article\/journee-mondiale-contre-la-transphobie-face-au-climat-asphyxiant-l-inquietude-des-associations-et-personnes-trans_234014.html\" target=\"_blank\" rel=\"noopener\">l\u2019association Toutes des femmes<\/a>, bien que d\u00e9\u00e7ue par l\u2019absence de position sur les mineurs \u00e0 ce stade, reconna\u00eet toutefois que ces recommandations permettent enfin d\u2019acter \u00ab\u00a0la d\u00e9psychiatrisation progressive des parcours de soins de ces derni\u00e8res ann\u00e9es\u00a0\u00bb. \u00ab\u00a0Durant le processus de plus de quatre ans qui a men\u00e9 \u00e0 leur publication depuis la saisine par le minist\u00e8re de la Sant\u00e9, les groupes d\u2019influence anti-droit et anti-choix n\u2019ont pourtant cess\u00e9 d\u2019exercer des pressions sur cette autorit\u00e9 publique ind\u00e9pendante\u00a0\u00bb, note au passage l\u2019association.<\/p>\n<p> La lecture de ce contenu est susceptible d\u2019entra\u00eener un d\u00e9p\u00f4t de cookies de la part de l\u2019op\u00e9rateur tiers qui l\u2019h\u00e9berge. Compte-tenu des choix que vous avez exprim\u00e9s en mati\u00e8re de d\u00e9p\u00f4t de cookies, nous avons bloqu\u00e9 l\u2019affichage de ce contenu. Si vous souhaitez y acc\u00e9der, vous devez accepter la cat\u00e9gorie de cookies \u201cContenus tiers\u201d en cliquant sur le bouton ci-dessous. <\/p>\n<p> Lire la Vid\u00e9o        <\/p>\n<p class=\"asset asset-text\">Son de cloche identique du c\u00f4t\u00e9 d\u2019Ana\u00efs Perrin-Prevelle, directrice d\u2019OUTrans et membre du groupe de travail \u00e0 l\u2019origine des recommandations de la HAS. Dans les colonnes du <a href=\"https:\/\/www.nouvelobs.com\/societe\/20250718.OBS106014\/non-les-anti-trans-n-ont-pas-gagne-malgre-l-absence-de-consensus-medical-sur-les-transitions-de-genre-chez-les-mineurs.html?at_medium=display&amp;at_campaign=Push%20Batch&amp;at_creation=20250718.OBS106014_interview_i_non_les_anti_trans_n_ont_pas_gagne_malgre_l_absence_de_consensus_medical_sur_les_transitions_de_genre_chez_les_mineurs\" target=\"_blank\" rel=\"noopener\" title=\"Nouvelle fen\u00eatre\">Nouvel Obs<\/a>, elle salue donc ces avanc\u00e9es tant attendues, tout en regrettant profond\u00e9ment la \u00ab\u00a0politique de la terreur\u00a0\u00bb men\u00e9e par <a href=\"https:\/\/www.huffingtonpost.fr\/international\/article\/au-royaume-uni-les-droits-des-femmes-trans-menaces-par-cette-decision-de-la-cour-supreme-britannique_248889.html\" target=\"_blank\" rel=\"noopener\" title=\"Nouvelle fen\u00eatre\">les opposants aux droits des personnes trans<\/a>.<\/p>\n<p class=\"asset asset-text\">Parmi ces autres recommandations destin\u00e9es aux adultes, l\u2019autorit\u00e9 pr\u00e9conise notamment de r\u00e9pondre aux demandes de chirurgie, en donnant au patient une information exhaustive quant aux risques et au caract\u00e8re irr\u00e9versible de l\u2019op\u00e9ration. Il n\u2019est pas n\u00e9cessaire, insiste-t-elle, de rendre un avis sur l\u2019\u00e9tat psychiatrique du patient m\u00eame si le m\u00e9decin peut lui recommander un d\u00e9lai de r\u00e9flexion. \u00ab\u00a0Il fallait que ce soit affirm\u00e9, \u00e7a l\u2019est. Les choses sont dites, les choses sont claires, il n\u2019y a pas de soins psychiatriques n\u00e9cessaires\u00a0\u00bb, s\u2019est \u00e9galement f\u00e9licit\u00e9 Ana\u00efs Perrin-Prevelle aupr\u00e8s de l\u2019AFP.<\/p>\n","protected":false},"excerpt":{"rendered":"Vladimir Vladimirov via Getty Images Aucun avis psychiatrique ne doit plus \u00eatre n\u00e9cessaire, selon la HAS, pour acc\u00e9der&hellip;\n","protected":false},"author":2,"featured_media":257852,"comment_status":"","ping_status":"","sticky":false,"template":"","format":"standard","meta":{"footnotes":""},"categories":[2],"tags":[11,35220,1011,27,12,71,10657],"class_list":{"0":"post-257851","1":"post","2":"type-post","3":"status-publish","4":"format-standard","5":"has-post-thumbnail","7":"category-actualites","8":"tag-actualites","9":"tag-droits-lgbt","10":"tag-fr","11":"tag-france","12":"tag-news","13":"tag-sante","14":"tag-transgenre"},"share_on_mastodon":{"url":"https:\/\/pubeurope.com\/@fr\/114877637855745962","error":""},"_links":{"self":[{"href":"https:\/\/www.europesays.com\/fr\/wp-json\/wp\/v2\/posts\/257851","targetHints":{"allow":["GET"]}}],"collection":[{"href":"https:\/\/www.europesays.com\/fr\/wp-json\/wp\/v2\/posts"}],"about":[{"href":"https:\/\/www.europesays.com\/fr\/wp-json\/wp\/v2\/types\/post"}],"author":[{"embeddable":true,"href":"https:\/\/www.europesays.com\/fr\/wp-json\/wp\/v2\/users\/2"}],"replies":[{"embeddable":true,"href":"https:\/\/www.europesays.com\/fr\/wp-json\/wp\/v2\/comments?post=257851"}],"version-history":[{"count":0,"href":"https:\/\/www.europesays.com\/fr\/wp-json\/wp\/v2\/posts\/257851\/revisions"}],"wp:featuredmedia":[{"embeddable":true,"href":"https:\/\/www.europesays.com\/fr\/wp-json\/wp\/v2\/media\/257852"}],"wp:attachment":[{"href":"https:\/\/www.europesays.com\/fr\/wp-json\/wp\/v2\/media?parent=257851"}],"wp:term":[{"taxonomy":"category","embeddable":true,"href":"https:\/\/www.europesays.com\/fr\/wp-json\/wp\/v2\/categories?post=257851"},{"taxonomy":"post_tag","embeddable":true,"href":"https:\/\/www.europesays.com\/fr\/wp-json\/wp\/v2\/tags?post=257851"}],"curies":[{"name":"wp","href":"https:\/\/api.w.org\/{rel}","templated":true}]}}