{"id":257853,"date":"2025-07-19T02:53:14","date_gmt":"2025-07-19T02:53:14","guid":{"rendered":"https:\/\/www.europesays.com\/fr\/257853\/"},"modified":"2025-07-19T02:53:14","modified_gmt":"2025-07-19T02:53:14","slug":"nuages-et-eclaircies-cest-la-tendance-de-ce-vendredi-18-juillet","status":"publish","type":"post","link":"https:\/\/www.europesays.com\/fr\/257853\/","title":{"rendered":"Nuages et \u00e9claircies, c&rsquo;est la tendance de ce vendredi 18 juillet\u00a0"},"content":{"rendered":"<p>Encore une belle journ\u00e9e estivale au thermom\u00e8tre ce vendredi, malgr\u00e9 un ciel parfois nuageux en Auvergne-Rh\u00f4ne-Alpes. Le soleil brillera sur la r\u00e9gion PACA.<\/p>\n<p>Le soleil jouera \u00e0 cache-cache ce vendredi 18 juillet.<\/p>\n<p>M\u00e9t\u00e9o France pr\u00e9voit une <b>alternance de nuages et d&rsquo;\u00e9claircies <\/b>en Auvergne-Rh\u00f4ne-Alpes, mais le ciel restera bien d\u00e9gag\u00e9 sur les bords de la M\u00e9diterran\u00e9e.\u00a0<\/p>\n<p>Le mistral faiblit et le vent marin s&rsquo;installe sur le pourtour m\u00e9diterran\u00e9en.\u00a0<\/p>\n<p>Les temp\u00e9ratures\u00a0<\/p>\n<p>C\u00f4t\u00e9 mercure, le matin, il fera 21\u00b0 \u00e0 Chamonix, <b>25\u00b0 \u00e0 Saint-Etienne<\/b> et Annecy, 26\u00b0 \u00e0 <b>Bourgoin-Jallieu <\/b>et <b>Clermont-Ferrand<\/b>, 28\u00b0 \u00e0 <b>Grenoble<\/b>, Sabli\u00e8res et Saint-Tropez, jusqu&rsquo;\u00e0 30\u00b0 \u00e0 Draguignan et Carpentras.<\/p>\n<p>L&rsquo;apr\u00e8s-midi, le thermom\u00e8tre ne d\u00e9passera pas les 28\u00b0 \u00e0 Nice, 30\u00b0 \u00e0 Marseille, Puget-Th\u00e9niers, <b>31\u00b0 \u00e0 Vichy, Clermont-Ferrand et Bourg-en-Bresse<\/b>, 32\u00b0 \u00e0 Chamb\u00e9ry et 34\u00b0 \u00e0 Avignon et Aix-en-Provence.<\/p>\n<p><img loading=\"lazy\" decoding=\"async\" src=\"https:\/\/www.europesays.com\/fr\/wp-content\/uploads\/2025\/07\/1752893594_138_img\" width=\"350\" height=\"200\" border=\"0\" title=\"Une nouvelle technique a permis \u00c3\u00a0 un patient de retrouver l'audition sans aucun risque (ou presque)\"\/><\/p>\n<p>\u25baSant\u00e9<\/p>\n<p style=\"font-size: 22px;\"><b>Auvergne-Rh\u00f4ne-Alpes : il retrouve l&rsquo;audition gr\u00e2ce \u00e0 une premi\u00e8re mondiale !<\/b><\/p>\n<p>Au CHU de Saint-\u00c9tienne (Loire), un patient a retrouv\u00e9&#8230;<\/p>\n<p><\/p>\n","protected":false},"excerpt":{"rendered":"Encore une belle journ\u00e9e estivale au thermom\u00e8tre ce vendredi, malgr\u00e9 un ciel parfois nuageux en Auvergne-Rh\u00f4ne-Alpes. Le soleil&hellip;\n","protected":false},"author":2,"featured_media":257854,"comment_status":"","ping_status":"","sticky":false,"template":"","format":"standard","meta":{"footnotes":""},"categories":[9653],"tags":[39794,1111,11,2430,1777,674,1011,27,24017,12,39793,25,4001,4904,8551,39792],"class_list":{"0":"post-257853","1":"post","2":"type-post","3":"status-publish","4":"format-standard","5":"has-post-thumbnail","7":"category-saint-etienne","8":"tag-claircies","9":"tag-actu","10":"tag-actualites","11":"tag-auvergne-rhone-alpes","12":"tag-eu","13":"tag-europe","14":"tag-fr","15":"tag-france","16":"tag-mto","17":"tag-news","18":"tag-nuages","19":"tag-republique-francaise","20":"tag-saint-etienne","21":"tag-soleil","22":"tag-tendance","23":"tag-vendredi-18-juillet"},"share_on_mastodon":{"url":"https:\/\/pubeurope.com\/@fr\/114877641785784128","error":""},"_links":{"self":[{"href":"https:\/\/www.europesays.com\/fr\/wp-json\/wp\/v2\/posts\/257853","targetHints":{"allow":["GET"]}}],"collection":[{"href":"https:\/\/www.europesays.com\/fr\/wp-json\/wp\/v2\/posts"}],"about":[{"href":"https:\/\/www.europesays.com\/fr\/wp-json\/wp\/v2\/types\/post"}],"author":[{"embeddable":true,"href":"https:\/\/www.europesays.com\/fr\/wp-json\/wp\/v2\/users\/2"}],"replies":[{"embeddable":true,"href":"https:\/\/www.europesays.com\/fr\/wp-json\/wp\/v2\/comments?post=257853"}],"version-history":[{"count":0,"href":"https:\/\/www.europesays.com\/fr\/wp-json\/wp\/v2\/posts\/257853\/revisions"}],"wp:featuredmedia":[{"embeddable":true,"href":"https:\/\/www.europesays.com\/fr\/wp-json\/wp\/v2\/media\/257854"}],"wp:attachment":[{"href":"https:\/\/www.europesays.com\/fr\/wp-json\/wp\/v2\/media?parent=257853"}],"wp:term":[{"taxonomy":"category","embeddable":true,"href":"https:\/\/www.europesays.com\/fr\/wp-json\/wp\/v2\/categories?post=257853"},{"taxonomy":"post_tag","embeddable":true,"href":"https:\/\/www.europesays.com\/fr\/wp-json\/wp\/v2\/tags?post=257853"}],"curies":[{"name":"wp","href":"https:\/\/api.w.org\/{rel}","templated":true}]}}