{"id":257867,"date":"2025-07-19T03:07:27","date_gmt":"2025-07-19T03:07:27","guid":{"rendered":"https:\/\/www.europesays.com\/fr\/257867\/"},"modified":"2025-07-19T03:07:27","modified_gmt":"2025-07-19T03:07:27","slug":"quentin-merlin-a-rennes-ca-se-precise-2","status":"publish","type":"post","link":"https:\/\/www.europesays.com\/fr\/257867\/","title":{"rendered":"Quentin Merlin \u00e0 Rennes, \u00e7a se pr\u00e9cise"},"content":{"rendered":"<p class=\"mb-4 text-lg md:leading-8 break-words\">Les grandes man\u0153uvres se poursuivent en coulisses, et un dossier suscite une attention particuli\u00e8re : celui de Quentin Merlin. Dans ce feuilleton estival, tous les voyants semblent se rapprocher du vert pour une op\u00e9ration \u00e0 venir. Si l\u2019accord n\u2019est pas encore scell\u00e9, les positions convergent entre l\u2019Olympique de Marseille et le Stade Rennais et les n\u00e9gociations avancent dans le bon sens.<\/p>\n<p>L\u2019OM \u00e0 l\u2019\u00e9coute pour Quentin Merlin, Rennes passe \u00e0 l\u2019attaque<img alt=\"L\u2019OM \u00e0 l\u2019\u00e9coute pour Quentin Merlin, Rennes passe \u00e0 l\u2019attaque\" loading=\"lazy\" width=\"960\" height=\"540\" decoding=\"async\" data-nimg=\"1\" class=\"rounded-lg\" style=\"color:transparent\" src=\"https:\/\/www.europesays.com\/fr\/wp-content\/uploads\/2025\/07\/5bb9c65851458cc25bae7e5c3dccad6b.jpeg\"\/><\/p>\n<p>L\u2019OM \u00e0 l\u2019\u00e9coute pour Quentin Merlin, Rennes passe \u00e0 l\u2019attaque<\/p>\n<p class=\"mb-4 text-lg md:leading-8 break-words\"><a href=\"https:\/\/fr.news.yahoo.com\/sport\/om-quentin-merlin-viseur-dun-141749507.html\" data-ylk=\"slk:Depuis plusieurs jours, le nom de Quentin Merlin circule avec insistance du c\u00f4t\u00e9 de Rennes.;elm:context_link;itc:0;sec:content-canvas;outcm:mb_qualified_link;_E:mb_qualified_link;ct:story;\" class=\"link  yahoo-link\" target=\"_blank\" rel=\"noopener\">Depuis plusieurs jours, le nom de Quentin Merlin circule avec insistance du c\u00f4t\u00e9 de Rennes.<\/a> Et pour cause, <a href=\"https:\/\/www.goal.com\/fr\/news\/officiel-une-piste-defensive-echappe-a-l-om\/blte188856307851aba\" rel=\"nofollow noopener\" target=\"_blank\" data-ylk=\"slk:le club breton est d\u00e9termin\u00e9 \u00e0 renforcer le couloir gauche apr\u00e8s le d\u00e9part d\u2019Adrien Truffert \u00e0 Bournemouth pour 17 M\u20ac;elm:context_link;itc:0;sec:content-canvas\" class=\"link \">le club breton est d\u00e9termin\u00e9 \u00e0 renforcer le couloir gauche apr\u00e8s le d\u00e9part d\u2019Adrien Truffert \u00e0 Bournemouth pour 17 M\u20ac<\/a>. L\u2019Olympique de Marseille, de son c\u00f4t\u00e9, ne ferme pas la porte. Le club phoc\u00e9en ne pousse pas Quentin Merlin vers la sortie, mais se montre attentif aux propositions. Roberto De Zerbi ne l\u2019a pas pleinement int\u00e9gr\u00e9 dans ses plans, et une belle offre pourrait convaincre Pablo Longoria de passer \u00e0 l\u2019action.<\/p>\n<p class=\"mb-4 text-lg md:leading-8 break-words\">Selon La Provence, l\u2019OM souhaite une plus-value sur le d\u00e9fenseur de 22 ans, recrut\u00e9 pour 10 M\u20ac en janvier 2024. Un transfert estim\u00e9 \u00e0 environ 15 M\u20ac est donc envisag\u00e9. Le Stade Rennais, fort de ses ambitions et de moyens financiers solides, \u00e9tudie s\u00e9rieusement cette possibilit\u00e9.<\/p>\n<p>Quentin Merlin sensible \u00e0 l\u2019int\u00e9r\u00eat de Rennes<img alt=\"Quentin Merlin sensible \u00e0 l\u2019int\u00e9r\u00eat de Rennes \" loading=\"lazy\" width=\"960\" height=\"540\" decoding=\"async\" data-nimg=\"1\" class=\"rounded-lg\" style=\"color:transparent\" src=\"https:\/\/www.europesays.com\/fr\/wp-content\/uploads\/2025\/07\/1d8b6d839fd9f5d047133b41c06a1b19.jpeg\"\/><\/p>\n<p>Quentin Merlin sensible \u00e0 l\u2019int\u00e9r\u00eat de Rennes<\/p>\n<p class=\"mb-4 text-lg md:leading-8 break-words\">Du c\u00f4t\u00e9 du joueur, la perspective d\u2019un transfert vers Rennes est accueillie favorablement. <a href=\"https:\/\/fr.news.yahoo.com\/sport\/mercato-om-rennes-passe-%C3%A0-132230141.html\" data-ylk=\"slk:Quentin Merlin, actuellement consid\u00e9r\u00e9 comme une option secondaire \u00e0 Marseille, pourrait devenir un titulaire indiscutable en Bretagne;elm:context_link;itc:0;sec:content-canvas;outcm:mb_qualified_link;_E:mb_qualified_link;ct:story;\" class=\"link  yahoo-link\" target=\"_blank\" rel=\"noopener\">Quentin Merlin, actuellement consid\u00e9r\u00e9 comme une option secondaire \u00e0 Marseille, pourrait devenir un titulaire indiscutable en Bretagne<\/a>. Un changement de statut et un projet structurant, men\u00e9 par Habib Beye, qui ne laissent pas l\u2019ancien nantais indiff\u00e9rent.<\/p>\n<p class=\"mb-4 text-lg md:leading-8 break-words\">L\u2019arriv\u00e9e de Quentin Merlin s\u2019inscrirait dans la volont\u00e9 du club rennais de dynamiser son effectif et d\u2019asseoir ses ambitions sur le march\u00e9 estival. Les relations \u00e9troites entre les deux clubs, illustr\u00e9es par les discussions pass\u00e9es autour d\u2019Amine Gouiri ou Lilian Brassier, pourraient faciliter l\u2019issue des n\u00e9gociations.<\/p>\n","protected":false},"excerpt":{"rendered":"Les grandes man\u0153uvres se poursuivent en coulisses, et un dossier suscite une attention particuli\u00e8re : celui de Quentin&hellip;\n","protected":false},"author":2,"featured_media":257868,"comment_status":"","ping_status":"","sticky":false,"template":"","format":"standard","meta":{"footnotes":""},"categories":[2821],"tags":[1111,11,829,1777,674,1011,27,17090,12,39795,584,25,968],"class_list":{"0":"post-257867","1":"post","2":"type-post","3":"status-publish","4":"format-standard","5":"has-post-thumbnail","7":"category-rennes","8":"tag-actu","9":"tag-actualites","10":"tag-bretagne","11":"tag-eu","12":"tag-europe","13":"tag-fr","14":"tag-france","15":"tag-lolympique-de-marseille","16":"tag-news","17":"tag-quentin-merlin","18":"tag-rennes","19":"tag-republique-francaise","20":"tag-roberto-de-zerbi"},"share_on_mastodon":{"url":"https:\/\/pubeurope.com\/@fr\/114877696967315943","error":""},"_links":{"self":[{"href":"https:\/\/www.europesays.com\/fr\/wp-json\/wp\/v2\/posts\/257867","targetHints":{"allow":["GET"]}}],"collection":[{"href":"https:\/\/www.europesays.com\/fr\/wp-json\/wp\/v2\/posts"}],"about":[{"href":"https:\/\/www.europesays.com\/fr\/wp-json\/wp\/v2\/types\/post"}],"author":[{"embeddable":true,"href":"https:\/\/www.europesays.com\/fr\/wp-json\/wp\/v2\/users\/2"}],"replies":[{"embeddable":true,"href":"https:\/\/www.europesays.com\/fr\/wp-json\/wp\/v2\/comments?post=257867"}],"version-history":[{"count":0,"href":"https:\/\/www.europesays.com\/fr\/wp-json\/wp\/v2\/posts\/257867\/revisions"}],"wp:featuredmedia":[{"embeddable":true,"href":"https:\/\/www.europesays.com\/fr\/wp-json\/wp\/v2\/media\/257868"}],"wp:attachment":[{"href":"https:\/\/www.europesays.com\/fr\/wp-json\/wp\/v2\/media?parent=257867"}],"wp:term":[{"taxonomy":"category","embeddable":true,"href":"https:\/\/www.europesays.com\/fr\/wp-json\/wp\/v2\/categories?post=257867"},{"taxonomy":"post_tag","embeddable":true,"href":"https:\/\/www.europesays.com\/fr\/wp-json\/wp\/v2\/tags?post=257867"}],"curies":[{"name":"wp","href":"https:\/\/api.w.org\/{rel}","templated":true}]}}