{"id":257873,"date":"2025-07-19T03:11:14","date_gmt":"2025-07-19T03:11:14","guid":{"rendered":"https:\/\/www.europesays.com\/fr\/257873\/"},"modified":"2025-07-19T03:11:14","modified_gmt":"2025-07-19T03:11:14","slug":"universite-cote-dazur-et-armee-un-partenariat-pour-sensibiliser-les","status":"publish","type":"post","link":"https:\/\/www.europesays.com\/fr\/257873\/","title":{"rendered":"Universit\u00e9 C\u00f4te d\u2019Azur et Arm\u00e9e : un partenariat pour sensibiliser les (\u2026)"},"content":{"rendered":"<p>                    <img loading=\"lazy\" decoding=\"async\" src=\"https:\/\/www.europesays.com\/fr\/wp-content\/uploads\/2025\/07\/d700e0114c1030b74df317552ac529.png\" class=\"img-responsive post-image\" width=\"680\" height=\"510\" alt=\"Universit\u00e9 C\u00f4te d'Azur et\" title=\"Universit\u00e9 C\u00f4te d'Azur et Arm\u00e9e : un partenariat pour sensibiliser les \u00e9tudiants aux enjeux de la d\u00e9fense\"\/><\/p>\n<p class=\"chapo\">L\u2019Universit\u00e9 C\u00f4te d\u2019Azur et la D\u00e9l\u00e9gation Militaire D\u00e9partementale (DMD) des Alpes-Maritimes ont sign\u00e9, le 11 juillet sur le campus Valrose \u00e0 Nice, une convention de partenariat visant \u00e0 rapprocher les \u00e9tudiants des r\u00e9alit\u00e9s et opportunit\u00e9s du monde de la d\u00e9fense.<\/p>\n<p>Ce partenariat de trois ans pr\u00e9voit un ensemble d\u2019actions concr\u00e8tes\u00a0: conf\u00e9rences, visites, forums m\u00e9tiers, diffusion d\u2019offres de stages et d\u2019emploi, mais aussi \u00e9v\u00e9nements conjoints pour mieux faire conna\u00eetre les carri\u00e8res militaires et le statut de r\u00e9serviste.<br class=\"texte\"\/><br \/>\n\u00ab\u00a0Ce partenariat avec la D\u00e9l\u00e9gation Militaire D\u00e9partementale illustre notre volont\u00e9 d\u2019ouvrir toujours davantage l\u2019universit\u00e9 sur le monde professionnel, dans toute sa diversit\u00e9. Il offre \u00e0 nos \u00e9tudiants une opportunit\u00e9 pr\u00e9cieuse de d\u00e9couvrir les m\u00e9tiers de la d\u00e9fense, de s\u2019engager en tant que r\u00e9servistes, et d\u2019enrichir leur parcours par des exp\u00e9riences concr\u00e8tes. Je me r\u00e9jouis de cette collaboration qui refl\u00e8te notre engagement commun en faveur de la transmission, de l\u2019engagement citoyen et de l\u2019excellence\u00a0\u00bb, a expliqu\u00e9 <strong>Jeanick Brisswalter<\/strong>, pr\u00e9sident d\u2019Universit\u00e9 C\u00f4te d\u2019Azur.<\/p>\n<p>Lien \u00e9troit avec la facult\u00e9 de Droit et Science politique<\/p>\n<p>Le partenariat s\u2019inscrit principalement dans le cadre de l\u2019\u00c9cole Universitaire de Recherche \u2018Droit, science politique et management\u2019, en lien \u00e9troit avec la facult\u00e9 de Droit et Science politique. La DMD des Alpes-Maritimes entend s\u2019impliquer pleinement dans cette collaboration, comme l\u2019a soulign\u00e9 <strong>Madame le Colonel Gwennola Coll\u00e9ter,<\/strong> d\u00e9l\u00e9gu\u00e9e militaire d\u00e9partementale\u00a0: \u00ab\u00a0Ce partenariat avec l\u2019Universit\u00e9 C\u00f4te d\u2019Azur incarne cette volont\u00e9 partag\u00e9e de b\u00e2tir des ponts solides entre g\u00e9n\u00e9rations, institutions et vocations. En tissant des liens durables entre la communaut\u00e9 universitaire et les forces arm\u00e9es, nous \u0153uvrons \u00e0 pr\u00e9parer notre jeunesse \u00e0 relever les d\u00e9fis de demain, avec lucidit\u00e9, engagement et d\u00e9termination. Ce partenariat, c\u2019est l\u2019ouverture d\u2019un dialogue f\u00e9cond entre civils et militaires, entre savoirs acad\u00e9miques et exp\u00e9riences de terrain. C\u2019est aussi la promesse de transmettre, ensemble, les valeurs fondamentales de notre R\u00e9publique\u00a0: le sens du devoir, l\u2019esprit de d\u00e9fense, et le go\u00fbt de l\u2019engagement.\u00a0\u00bb<\/p>\n<p>Une initiative salu\u00e9e par les enseignants et \u00e9tudiants, qui marque une nouvelle \u00e9tape dans le rapprochement entre le monde acad\u00e9mique et les institutions r\u00e9galiennes.<\/p>\n<p>Visuel de Une\u00a0:  de gauche \u00e0 droite\u00a0: Eva Mouial Bassilana, doyenne de la facult\u00e9 de Droit et Science politique, Jeanick Brisswalter, pr\u00e9sident d\u2019Universit\u00e9 C\u00f4te d\u2019Azur et Gwennola Coll\u00e9ter, d\u00e9l\u00e9gu\u00e9e militaire des Alpes Maritimes \u00a9UCA<\/p>\n","protected":false},"excerpt":{"rendered":"L\u2019Universit\u00e9 C\u00f4te d\u2019Azur et la D\u00e9l\u00e9gation Militaire D\u00e9partementale (DMD) des Alpes-Maritimes ont sign\u00e9, le 11 juillet sur le&hellip;\n","protected":false},"author":2,"featured_media":257874,"comment_status":"","ping_status":"","sticky":false,"template":"","format":"standard","meta":{"footnotes":""},"categories":[2819],"tags":[1111,11,2408,1777,674,1011,27,12,2401,882,25],"class_list":{"0":"post-257873","1":"post","2":"type-post","3":"status-publish","4":"format-standard","5":"has-post-thumbnail","7":"category-nice","8":"tag-actu","9":"tag-actualites","10":"tag-appels-d","11":"tag-eu","12":"tag-europe","13":"tag-fr","14":"tag-france","15":"tag-news","16":"tag-nice","17":"tag-provence-alpes-cote-dazur","18":"tag-republique-francaise"},"share_on_mastodon":{"url":"https:\/\/pubeurope.com\/@fr\/114877712647554509","error":""},"_links":{"self":[{"href":"https:\/\/www.europesays.com\/fr\/wp-json\/wp\/v2\/posts\/257873","targetHints":{"allow":["GET"]}}],"collection":[{"href":"https:\/\/www.europesays.com\/fr\/wp-json\/wp\/v2\/posts"}],"about":[{"href":"https:\/\/www.europesays.com\/fr\/wp-json\/wp\/v2\/types\/post"}],"author":[{"embeddable":true,"href":"https:\/\/www.europesays.com\/fr\/wp-json\/wp\/v2\/users\/2"}],"replies":[{"embeddable":true,"href":"https:\/\/www.europesays.com\/fr\/wp-json\/wp\/v2\/comments?post=257873"}],"version-history":[{"count":0,"href":"https:\/\/www.europesays.com\/fr\/wp-json\/wp\/v2\/posts\/257873\/revisions"}],"wp:featuredmedia":[{"embeddable":true,"href":"https:\/\/www.europesays.com\/fr\/wp-json\/wp\/v2\/media\/257874"}],"wp:attachment":[{"href":"https:\/\/www.europesays.com\/fr\/wp-json\/wp\/v2\/media?parent=257873"}],"wp:term":[{"taxonomy":"category","embeddable":true,"href":"https:\/\/www.europesays.com\/fr\/wp-json\/wp\/v2\/categories?post=257873"},{"taxonomy":"post_tag","embeddable":true,"href":"https:\/\/www.europesays.com\/fr\/wp-json\/wp\/v2\/tags?post=257873"}],"curies":[{"name":"wp","href":"https:\/\/api.w.org\/{rel}","templated":true}]}}