{"id":257875,"date":"2025-07-19T03:12:11","date_gmt":"2025-07-19T03:12:11","guid":{"rendered":"https:\/\/www.europesays.com\/fr\/257875\/"},"modified":"2025-07-19T03:12:11","modified_gmt":"2025-07-19T03:12:11","slug":"condamne-pour-stups-alors-quil-etait-ecroue-en-afrique-qui-est-le-commanditaire-presume-de-lincendie-qui-avait-fait-sept-morts-a-nice","status":"publish","type":"post","link":"https:\/\/www.europesays.com\/fr\/257875\/","title":{"rendered":"Condamn\u00e9 pour stups alors qu\u2019il \u00e9tait \u00e9crou\u00e9 en Afrique: qui est le commanditaire pr\u00e9sum\u00e9 de l\u2019incendie qui avait fait sept morts \u00e0 Nice?"},"content":{"rendered":"<p>              <img ci-src=\"https:\/\/www.nicematin.com\/faits-divers\/protec\/DATA_ART_15932358-rG0ESogA.jpg?vh=bd6fca&amp;ci_seal=8fc084ee68\" alt=\"\"\/><br \/>\n        L\u00e9gende Web uniquement. <strong>S\u00e9bastien Botella.<\/strong> <\/p>\n<p>Palais de justice de Nice, jeudi 30 janvier. Le tribunal correctionnel rend sa d\u00e9cision, apr\u00e8s quatre jours d\u2019audience consacr\u00e9s \u00e0 un trafic de stup\u00e9fiants \u00e0 Nice-Est. Seize pr\u00e9venus \u00e9taient jug\u00e9s. Les policiers investissent la grande salle. Ils vont passer les menottes aux poignets de quatre pr\u00e9venus. Cinq autres manquent \u00e0 l\u2019appel. Herv\u00e9 M. compte parmi eux. Et pour cause\u2026<\/p>\n<p>Ce jeune trafiquant a fui Nice \u00e0 l\u2019\u00e9t\u00e9 2024. Un \u00e9t\u00e9 meurtrier, marqu\u00e9 par l\u2019incendie criminel qui a tu\u00e9 sept innocents, dans le quartier des Moulins \u00e0 Nice-Ouest. Herv\u00e9 M. est suspect\u00e9 d\u2019en \u00eatre le commanditaire.<\/p>\n<p>Originaire du S\u00e9n\u00e9gal, il a \u00e9t\u00e9 rattrap\u00e9 en Guin\u00e9e-Bissau voisine le 22 d\u00e9cembre, puis \u00e9crou\u00e9. <a href=\"https:\/\/www.nicematin.com\/faits-divers\/incendie-meurtrier-aux-moulins-a-nice-rattrape-en-afrique-le-commanditaire-presume-est-a-son-tour-en-prison-994531\" rel=\"nofollow noopener\" target=\"_blank\">C\u2019est son arrestation qu\u2019a officialis\u00e9e le procureur de la R\u00e9publique de Nice mercredi soir.<\/a> M\u00eame si Damien Martinelli ne l\u2019a pas cit\u00e9 nomm\u00e9ment.<\/p>\n<p>Condamn\u00e9 \u00e0 quatre reprises<\/p>\n<p>Retour au 30 janvier. Ce jour-l\u00e0, Herv\u00e9 M. est condamn\u00e9 par d\u00e9faut \u00e0 une des plus lourdes peines: quatre ans ferme. Aucun avocat ne le repr\u00e9sentait. La justice le pr\u00e9sente comme un \u00ab\u00a0g\u00e9rant\u00a0\u00bb de bon niveau, mais pas forc\u00e9ment au sommet de la pyramide. Le juge d\u2019instruction l\u2019avait d\u2019ailleurs laiss\u00e9 sous contr\u00f4le judiciaire. Un copr\u00e9venu l\u2019a tout de m\u00eame qualifi\u00e9 de \u00ab\u00a0trop dangereux\u00a0\u00bb.<\/p>\n<p>Quand les enqu\u00eateurs de la s\u00fbret\u00e9 d\u00e9partementale des Alpes-Maritimes sont venus le cueillir, le 6 mars 2023, Herv\u00e9 M. se trouvait en maison d\u2019arr\u00eat\u2026 pour une autre affaire. La condamnation de janvier 2025 sera sa quatri\u00e8me. La troisi\u00e8me pour trafic de stups.<\/p>\n<p>En d\u00e9cembre 2016, le tribunal pour enfants lui a inflig\u00e9 deux ans de prison dont un ferme. En juillet 2021, le tribunal correctionnel l\u2019a condamn\u00e9 \u00e0 cinq ans de prison. Dont quatre ferme, d\u00e9j\u00e0.<\/p>\n<p>Un mandat d\u2019arr\u00eat diffus\u00e9 par Interpol<\/p>\n<p>\u00c0 l\u2019\u00e9poque, Herv\u00e9 M. est impliqu\u00e9 dans un vaste trafic de drogue aux Liserons. C\u2019est autour de cette m\u00eame impasse, au 328 route de Turin, que tourne le dernier dossier en date.<\/p>\n<p>Officiellement, Herv\u00e9 M. est alors domicili\u00e9 chez sa m\u00e8re, dans le centre-ville de Nice. Comme d\u2019autres, il assure tirer ses revenus de paris en ligne. Ses comptes bancaires font appara\u00eetre plusieurs milliers d\u2019euros de gains tir\u00e9s de la Fran\u00e7aise des jeux ou Winamax. Lors de sa garde \u00e0 vue, il nie toute implication dans un trafic. Il jure travailler, m\u00eame si les surveillances polici\u00e8res semblent r\u00e9v\u00e9ler le contraire. Herv\u00e9 M. se serait-il pr\u00e9sent\u00e9 \u00e0 son proc\u00e8s, le 30 janvier? Les policiers bissao-guin\u00e9ens ne lui ont pas laiss\u00e9 le choix. Cinq semaines plus t\u00f4t, ce natif de Dakar a \u00e9t\u00e9 intercept\u00e9 \u00e0 l\u2019a\u00e9roport Osvaldo-Vieira. \u00c0 26 ans, il \u00e9tait vis\u00e9 par un mandat d\u2019arr\u00eat diffus\u00e9 par Interpol, \u00e9mis par le juge qui pilote l\u2019instruction sur le drame des Moulins.<\/p>\n<p>Recrut\u00e9s sur Snapchat<\/p>\n<p>\u00ab\u00a0L\u2019information judiciaire [a permis] d\u2019identifier un individu susceptible d\u2019avoir jou\u00e9 un r\u00f4le en qualit\u00e9 de commanditaire\u00a0\u00bb, dixit le procureur Martinelli. Un suspect \u00ab\u00a0d\u00e9j\u00e0 mis en cause et condamn\u00e9 \u00e0 plusieurs reprises \u00e0 Nice dans le cadre de trafics de stup\u00e9fiants d\u2019envergure\u00a0\u00bb. Mais jamais encore pour des faits criminels.<\/p>\n<p>Herv\u00e9 M. a-t-il gravi plusieurs paliers suppl\u00e9mentaires? C\u2019est ce que soup\u00e7onnent les limiers du service interd\u00e9partemental de police judiciaire (SIPJ). Le trafiquant aurait recrut\u00e9, via Snapchat, les trois jeunes Franciliens venus \u00ab\u00a0mettre le feu aux Moulins\u00a0\u00bb le 18 juillet 2024. \u00ab\u00a0Avec moi, tu vas te faire de l\u2019argent\u00a0\u00bb, aurait-il promis au plus jeune, \u00e2g\u00e9 de 17 ans, <a href=\"https:\/\/www.leparisien.fr\/faits-divers\/on-est-morts-les-petits-ont-fait-nimporte-quoi-sur-les-traces-des-adolescents-de-lincendie-meurtrier-a-nice-03-11-2024-7HK5FBVRCRCN3KNS4V6R3HXQFY.php\" target=\"_blank\" rel=\"noopener nofollow\">selon des \u00e9changes rapport\u00e9s par Le Parisien<\/a>. Il aurait ensuite annonc\u00e9: \u00ab\u00a0Demain, il y a une mission.\u00a0\u00bb<\/p>\n<p>Une seconde mission fatale<\/p>\n<p>La mission? Reprendre un point de deal. Le trio francilien s\u2019y serait essay\u00e9 le 12 juillet. Sans succ\u00e8s. Sa tentative se serait conclue sur des tirs dissuasifs et un passage en garde \u00e0 vue.<\/p>\n<p>L\u2019incendie criminel aurait \u00e9t\u00e9 une seconde mission, de rattrapage en quelque sorte. Son prix, selon Le Parisien: 700 euros par personne.<\/p>\n<p>Le but est sans doute d\u2019impressionner, plus que de tuer. Mais rien ne va se passer comme pr\u00e9vu. Les hydrocarbures d\u00e9vers\u00e9s aux trois premiers \u00e9tages g\u00e9n\u00e8rent des flammes qui gagnent le septi\u00e8me. Elles ravagent l\u2019appartement <a href=\"https:\/\/www.nicematin.com\/faits-divers\/un-an-apres-le-tragique-incendie-aux-moulins-qui-avait-fait-sept-morts-a-nice-l-emotion-toujours-intacte-994698\" rel=\"nofollow noopener\" target=\"_blank\">d\u2019une famille comorienne sans aucun lien avec le narcotrafic.<\/a><\/p>\n<p>Cette fois, Herv\u00e9 M. s\u2019expose \u00e0 une mise en examen pour \u00ab\u00a0destruction volontaire par incendie en bande organis\u00e9e et ayant entra\u00een\u00e9 la mort\u00a0\u00bb et \u00ab\u00a0association de malfaiteurs\u00a0\u00bb. Encore faut-il qu\u2019il puisse \u00eatre jug\u00e9 \u00e0 Nice\u2026 Les autorit\u00e9s fran\u00e7aises ont demand\u00e9 son extradition \u00e0 la Guin\u00e9e-Bissau. Sans retour \u00e0 ce stade.<\/p>\n<p>Le sort d\u2019un incendiaire pr\u00e9sum\u00e9, arr\u00eat\u00e9 fin avril dans son Alg\u00e9rie natale, est encore plus incertain. <a href=\"https:\/\/www.nicematin.com\/faits-divers\/incendie-mortel-aux-moulins-a-nice-un-grassois-connu-pour-trafic-de-stupefiants-mis-en-examen-992989\" rel=\"nofollow noopener\" target=\"_blank\">Cinq autres suspects, dont le reste du commando, sont incarc\u00e9r\u00e9s en France.<\/a> Tous encourent la r\u00e9clusion criminelle \u00e0 perp\u00e9tuit\u00e9.<\/p>\n","protected":false},"excerpt":{"rendered":"L\u00e9gende Web uniquement. S\u00e9bastien Botella. Palais de justice de Nice, jeudi 30 janvier. Le tribunal correctionnel rend sa&hellip;\n","protected":false},"author":2,"featured_media":257876,"comment_status":"","ping_status":"","sticky":false,"template":"","format":"standard","meta":{"footnotes":""},"categories":[2819],"tags":[1111,11,1777,674,118,1011,27,303,12,2401,882,25],"class_list":{"0":"post-257875","1":"post","2":"type-post","3":"status-publish","4":"format-standard","5":"has-post-thumbnail","7":"category-nice","8":"tag-actu","9":"tag-actualites","10":"tag-eu","11":"tag-europe","12":"tag-faits-divers","13":"tag-fr","14":"tag-france","15":"tag-justice","16":"tag-news","17":"tag-nice","18":"tag-provence-alpes-cote-dazur","19":"tag-republique-francaise"},"share_on_mastodon":{"url":"https:\/\/pubeurope.com\/@fr\/114877716427624681","error":""},"_links":{"self":[{"href":"https:\/\/www.europesays.com\/fr\/wp-json\/wp\/v2\/posts\/257875","targetHints":{"allow":["GET"]}}],"collection":[{"href":"https:\/\/www.europesays.com\/fr\/wp-json\/wp\/v2\/posts"}],"about":[{"href":"https:\/\/www.europesays.com\/fr\/wp-json\/wp\/v2\/types\/post"}],"author":[{"embeddable":true,"href":"https:\/\/www.europesays.com\/fr\/wp-json\/wp\/v2\/users\/2"}],"replies":[{"embeddable":true,"href":"https:\/\/www.europesays.com\/fr\/wp-json\/wp\/v2\/comments?post=257875"}],"version-history":[{"count":0,"href":"https:\/\/www.europesays.com\/fr\/wp-json\/wp\/v2\/posts\/257875\/revisions"}],"wp:featuredmedia":[{"embeddable":true,"href":"https:\/\/www.europesays.com\/fr\/wp-json\/wp\/v2\/media\/257876"}],"wp:attachment":[{"href":"https:\/\/www.europesays.com\/fr\/wp-json\/wp\/v2\/media?parent=257875"}],"wp:term":[{"taxonomy":"category","embeddable":true,"href":"https:\/\/www.europesays.com\/fr\/wp-json\/wp\/v2\/categories?post=257875"},{"taxonomy":"post_tag","embeddable":true,"href":"https:\/\/www.europesays.com\/fr\/wp-json\/wp\/v2\/tags?post=257875"}],"curies":[{"name":"wp","href":"https:\/\/api.w.org\/{rel}","templated":true}]}}