{"id":257877,"date":"2025-07-19T03:13:30","date_gmt":"2025-07-19T03:13:30","guid":{"rendered":"https:\/\/www.europesays.com\/fr\/257877\/"},"modified":"2025-07-19T03:13:30","modified_gmt":"2025-07-19T03:13:30","slug":"pres-de-nantes-un-narcotrafiquant-gerait-son-affaire-depuis-le-parvis-dune-eglise","status":"publish","type":"post","link":"https:\/\/www.europesays.com\/fr\/257877\/","title":{"rendered":"Pr\u00e8s de Nantes, un narcotrafiquant g\u00e9rait son affaire depuis le parvis d\u2019une \u00e9glise"},"content":{"rendered":"<p>Un homme de 18 ans a \u00e9t\u00e9 condamn\u00e9, jeudi, \u00e0 un an de prison, apr\u00e8s avoir \u00e9t\u00e9 interpell\u00e9 en flagrant d\u00e9lit, au centre de Saint-\u00c9tienne-de-Mer-Morte. \u00c0 la t\u00eate d\u2019un r\u00e9seau modeste mais lucratif, le pr\u00e9venu donnait rendez-vous au pied du lieu de culte.<\/p>\n<p class=\"fig-paragraph\">La proximit\u00e9 du lieu de culte lui \u00e9tait agr\u00e9able. Un jeune homme de 18 ans a \u00e9t\u00e9 arr\u00eat\u00e9 en flagrant d\u00e9lit de vente de stup\u00e9fiants, le 15 juillet, \u00e0 Saint-\u00c9tienne-de-Mer-Morte, \u00e0 une trentaine de kilom\u00e8tres au sud\u00a0<a href=\"https:\/\/www.lefigaro.fr\/nantes\" target=\"_blank\" data-fig-type=\"Section\" rel=\"noopener\" data-gtm-custom-categorie=\"navigation\" data-gtm-custom-action=\"crossclick\" data-gtm-custom-label=\"Contextuel\" data-gtm-event=\"customEventSPE\" data-fig-domain=\"LEFIGARO\">de Nantes<\/a>. Son commerce illicite se tramait dans l\u2019ombre de l\u2019\u00e9glise, au nez et \u00e0 la barbe des autorit\u00e9s eccl\u00e9siastiques. Ses transactions n\u2019ont cependant pas \u00e9chapp\u00e9 aux riverains. Alert\u00e9e, la\u00a0<a href=\"https:\/\/emploi.lefigaro.fr\/recherche-d-emploi\/actualites-de-la-recherche-d-emploi\/2673-gendarmerie-nationale\/\" target=\"_blank\" rel=\"noopener\" data-gtm-custom-categorie=\"navigation\" data-gtm-custom-action=\"crossclick\" data-gtm-custom-label=\"Contextuel\" data-gtm-event=\"customEventSPE\">gendarmerie nationale<\/a>\u00a0a mis en place un dispositif de surveillance, qui a permis l\u2019arrestation du dealeur en pleine vente.<\/p>\n<p class=\"fig-paragraph\">Le dealeur a reconnu, lors de son audition, tenir depuis avril 2024 un r\u00e9seau de trafic de stup\u00e9fiant sur la partie m\u00e9ridionale de la Loire-Atlantique. \u00abIl \u00e9coulait environ un kilogramme de r\u00e9sine de cannabis chaque semaine. Issus de tout le sud du pays de Retz, ses clients se d\u00e9pla\u00e7aient sur la commune pour faire leurs achats. L\u2019ensemble des transactions \u00e9taient men\u00e9es aux pieds de l\u2019\u00e9glise\u00bb, pr\u00e9cise au Figaro le chef d\u2019escadron \u00c9tienne Naud, commandant de la compagnie de gendarmerie de Pornic. Le jeune narcotrafiquant, qui agissait seul, aurait engrang\u00e9 pas moins de 60.000 euros de b\u00e9n\u00e9fices depuis plus d\u2019un an.<\/p>\n<p>                                    <a class=\"fig-a11y-skip a11y-hidden\" href=\"#fig-a11y-skip-main-inarticle\"><br \/>\n        Passer la publicit\u00e9<br \/>\n    <\/a><\/p>\n<p>D\u00e9j\u00e0 condamn\u00e9<\/p>\n<p class=\"fig-paragraph\">D\u00e9j\u00e0 connu pour de multiples infractions li\u00e9es au trafic de stup\u00e9fiants, avec une condamnation, prononc\u00e9e en 2023 par la justice des mineurs, le jeune adulte avait refait surface dans le centre bourg de cette commune rurale situ\u00e9e aux portes de la Vend\u00e9e. La perquisition de son logement a permis aux autorit\u00e9s de saisir plus d\u2019un kilo de r\u00e9sine de cannabis, 32.330 euros en liquide, un couteau ainsi que du mat\u00e9riel de conditionnement.<\/p>\n<p class=\"fig-paragraph\">D\u00e9f\u00e9r\u00e9 devant le parquet du tribunal correctionnel de Nantes, le narcotrafiquant de Saint-\u00c9tienne-de-Mer-Morte a \u00e9t\u00e9 condamn\u00e9, jeudi 17 juillet, \u00e0 un an d\u2019emprisonnement, sans ordre d\u2019incarc\u00e9ration imm\u00e9diate. Son v\u00e9hicule et les sommes plac\u00e9es au sein d\u2019un compte bancaire ainsi qu\u2019en liquide ont par ailleurs \u00e9t\u00e9 confisqu\u00e9s par la justice.<\/p>\n","protected":false},"excerpt":{"rendered":"Un homme de 18 ans a \u00e9t\u00e9 condamn\u00e9, jeudi, \u00e0 un an de prison, apr\u00e8s avoir \u00e9t\u00e9 interpell\u00e9&hellip;\n","protected":false},"author":2,"featured_media":257878,"comment_status":"","ping_status":"","sticky":false,"template":"","format":"standard","meta":{"footnotes":""},"categories":[2818],"tags":[1111,11,1777,674,462,1011,27,2640,2642,766,2638,2643,2637,2639,2646,2645,2641,2635,2644,2647,12,2636,25],"class_list":{"0":"post-257877","1":"post","2":"type-post","3":"status-publish","4":"format-standard","5":"has-post-thumbnail","7":"category-nantes","8":"tag-actu","9":"tag-actualites","10":"tag-eu","11":"tag-europe","12":"tag-fc-nantes","13":"tag-fr","14":"tag-france","15":"tag-hauts-paves-saint-felix","16":"tag-ile-de-nantes","17":"tag-nantes","18":"tag-nantes-bellevue-chantenay-sainte-anne","19":"tag-nantes-breil-barberie","20":"tag-nantes-centre-ville","21":"tag-nantes-dervallieres-zola","22":"tag-nantes-doulon-bottiere","23":"tag-nantes-erdre","24":"tag-nantes-malakoff-saint-donatien","25":"tag-nantes-metropole","26":"tag-nantes-nord","27":"tag-nantes-sud","28":"tag-news","29":"tag-pays-de-la-loire","30":"tag-republique-francaise"},"share_on_mastodon":{"url":"https:\/\/pubeurope.com\/@fr\/114877720499386376","error":""},"_links":{"self":[{"href":"https:\/\/www.europesays.com\/fr\/wp-json\/wp\/v2\/posts\/257877","targetHints":{"allow":["GET"]}}],"collection":[{"href":"https:\/\/www.europesays.com\/fr\/wp-json\/wp\/v2\/posts"}],"about":[{"href":"https:\/\/www.europesays.com\/fr\/wp-json\/wp\/v2\/types\/post"}],"author":[{"embeddable":true,"href":"https:\/\/www.europesays.com\/fr\/wp-json\/wp\/v2\/users\/2"}],"replies":[{"embeddable":true,"href":"https:\/\/www.europesays.com\/fr\/wp-json\/wp\/v2\/comments?post=257877"}],"version-history":[{"count":0,"href":"https:\/\/www.europesays.com\/fr\/wp-json\/wp\/v2\/posts\/257877\/revisions"}],"wp:featuredmedia":[{"embeddable":true,"href":"https:\/\/www.europesays.com\/fr\/wp-json\/wp\/v2\/media\/257878"}],"wp:attachment":[{"href":"https:\/\/www.europesays.com\/fr\/wp-json\/wp\/v2\/media?parent=257877"}],"wp:term":[{"taxonomy":"category","embeddable":true,"href":"https:\/\/www.europesays.com\/fr\/wp-json\/wp\/v2\/categories?post=257877"},{"taxonomy":"post_tag","embeddable":true,"href":"https:\/\/www.europesays.com\/fr\/wp-json\/wp\/v2\/tags?post=257877"}],"curies":[{"name":"wp","href":"https:\/\/api.w.org\/{rel}","templated":true}]}}