{"id":257879,"date":"2025-07-19T03:14:21","date_gmt":"2025-07-19T03:14:21","guid":{"rendered":"https:\/\/www.europesays.com\/fr\/257879\/"},"modified":"2025-07-19T03:14:21","modified_gmt":"2025-07-19T03:14:21","slug":"fc-nantes-finalement-al-duhail-a-su-convaincre-jean-charles-castelletto-sport","status":"publish","type":"post","link":"https:\/\/www.europesays.com\/fr\/257879\/","title":{"rendered":"FC Nantes. Finalement, Al-Duhail a su convaincre Jean-Charles Castelletto . Sport"},"content":{"rendered":"<p>Selon les informations de L\u2019\u00c9quipe\u00a0que nous sommes en mesure de confirmer, le transfert de Jean-Charles Castelletto devrait aboutir avec le club qatari d\u2019Al-Duhail.<a href=\"https:\/\/nantes.maville.com\/sport\/detail_-mercato-fc-nantes.-jean-charles-castelletto-proche-d-un-depart-au-qatar-_8-6894551_actu.Htm\" target=\"_blank\" rel=\"noopener\"> Initialement courtis\u00e9 par Al-Wakrah (Qatar)<\/a> et <a href=\"https:\/\/nantes.maville.com\/sport\/detail_-fc-nantes.-jean-charles-castelletto-signe-finalement-a-al-jazira-_8-6900814_actu.Htm\" target=\"_blank\" rel=\"noopener\">Al-Jazira (\u00c9mirats Arabes Unis) la semaine derni\u00e8re,<\/a> l\u2019international camerounais a finalement \u00e9t\u00e9 plus s\u00e9duit par la proposition d\u2019Al-Duhail, qui s\u2019offre les services de l\u2019ex Canari pour quatre millions d\u2019euros, le montant propos\u00e9 \u00e9galement par Al-Jazira.<\/p>\n<p>Castelletto rejoint plusieurs anciens joueurs de Ligue 1<\/p>\n<p><a href=\"https:\/\/nantes.maville.com\/sport\/detail_-loire-atlantique-mercato.-le-depart-de-lafont-tourne-une-page-au-fc-nantes-_8-6901899_actu.Htm\" target=\"_blank\" rel=\"noopener\">Le d\u00e9part de nombreux cadres nantais lors de ce mercato<\/a> faisait de Jean-Charles Castelletto l\u2019un des derniers repr\u00e9sentants du groupe vainqueur de la Coupe de France 2022 au sein de l\u2019effectif du FC Nantes. Arriv\u00e9 du Stade Brestois pour 2,4 millions d\u2019euros, le d\u00e9fenseur central aura pass\u00e9 cinq saisons (163 matchs jou\u00e9s) sous la tunique jaune et verte. C\u00f4t\u00e9 arriv\u00e9es, le FC Nantes cherche encore \u00e0 boucler<a href=\"https:\/\/www.ouest-france.fr\/sport\/football\/fc-nantes\/mercato-fc-nantes-une-offre-pour-le-milieu-sud-coreen-hong-hyun-seok-d8eab72e-5762-11f0-9771-bf42ae6be7a5#:~:text=Le%20FC%20Nantes%20est%20en,%C3%A0%204%20millions%20d&#039;euros.\" target=\"_blank\" rel=\"noopener\"> l\u2019arriv\u00e9e d\u2019un milieu de terrain cor\u00e9en<\/a> avant le d\u00e9but de saison.<\/p>\n<p>\u00c0 Doha, il retrouvera d\u2019anciens joueurs de Ligue 1\u00a0comme Benjamin Bourigeaud, Marco Verratti ou encore Youssouf Sabaly. Le tout coach\u00e9 par Djamel Belmadi, ex-entra\u00eeneur de la s\u00e9lection alg\u00e9rienne.<\/p>\n<\/p>\n<p>\u00a0<\/p>\n","protected":false},"excerpt":{"rendered":"Selon les informations de L\u2019\u00c9quipe\u00a0que nous sommes en mesure de confirmer, le transfert de Jean-Charles Castelletto devrait aboutir&hellip;\n","protected":false},"author":2,"featured_media":257880,"comment_status":"","ping_status":"","sticky":false,"template":"","format":"standard","meta":{"footnotes":""},"categories":[2818],"tags":[1111,11,2063,1777,674,1011,27,1922,1393,2487,766,12,2636,1404,584,25,2923,4251,853],"class_list":{"0":"post-257879","1":"post","2":"type-post","3":"status-publish","4":"format-standard","5":"has-post-thumbnail","7":"category-nantes","8":"tag-actu","9":"tag-actualites","10":"tag-annonces","11":"tag-eu","12":"tag-europe","13":"tag-fr","14":"tag-france","15":"tag-info","16":"tag-loisirs","17":"tag-meteo","18":"tag-nantes","19":"tag-news","20":"tag-pays-de-la-loire","21":"tag-quotidien","22":"tag-rennes","23":"tag-republique-francaise","24":"tag-restaurants","25":"tag-sortir","26":"tag-spectacles"},"share_on_mastodon":{"url":"https:\/\/pubeurope.com\/@fr\/114877724312497798","error":""},"_links":{"self":[{"href":"https:\/\/www.europesays.com\/fr\/wp-json\/wp\/v2\/posts\/257879","targetHints":{"allow":["GET"]}}],"collection":[{"href":"https:\/\/www.europesays.com\/fr\/wp-json\/wp\/v2\/posts"}],"about":[{"href":"https:\/\/www.europesays.com\/fr\/wp-json\/wp\/v2\/types\/post"}],"author":[{"embeddable":true,"href":"https:\/\/www.europesays.com\/fr\/wp-json\/wp\/v2\/users\/2"}],"replies":[{"embeddable":true,"href":"https:\/\/www.europesays.com\/fr\/wp-json\/wp\/v2\/comments?post=257879"}],"version-history":[{"count":0,"href":"https:\/\/www.europesays.com\/fr\/wp-json\/wp\/v2\/posts\/257879\/revisions"}],"wp:featuredmedia":[{"embeddable":true,"href":"https:\/\/www.europesays.com\/fr\/wp-json\/wp\/v2\/media\/257880"}],"wp:attachment":[{"href":"https:\/\/www.europesays.com\/fr\/wp-json\/wp\/v2\/media?parent=257879"}],"wp:term":[{"taxonomy":"category","embeddable":true,"href":"https:\/\/www.europesays.com\/fr\/wp-json\/wp\/v2\/categories?post=257879"},{"taxonomy":"post_tag","embeddable":true,"href":"https:\/\/www.europesays.com\/fr\/wp-json\/wp\/v2\/tags?post=257879"}],"curies":[{"name":"wp","href":"https:\/\/api.w.org\/{rel}","templated":true}]}}