{"id":257881,"date":"2025-07-19T03:15:24","date_gmt":"2025-07-19T03:15:24","guid":{"rendered":"https:\/\/www.europesays.com\/fr\/257881\/"},"modified":"2025-07-19T03:15:24","modified_gmt":"2025-07-19T03:15:24","slug":"sepanouir-dans-la-filiere-bois-des-landes","status":"publish","type":"post","link":"https:\/\/www.europesays.com\/fr\/257881\/","title":{"rendered":"S&rsquo;\u00e9panouir dans la fili\u00e8re bois des Landes"},"content":{"rendered":"<p>Depuis 2018, J\u00e9r\u00e9my a concr\u00e9tis\u00e9 son r\u00eave en cr\u00e9ant JCMD, sa propre entreprise de menuiserie \u00e0 Saint-Geours-de-Maremne. Mais J\u00e9r\u00e9my est plus qu&rsquo;un simple entrepreneur, c&rsquo;est un fervent partageur de savoir. Avide de transmettre sa passion et son expertise, il est devenu, il y a trois ans, le ma\u00eetre d&rsquo;apprentissage d&rsquo;un jeune en BTS D\u00e9veloppement et R\u00e9alisation Bois.<\/p>\n<p>\u00ab Je l\u2019ai pris dans l\u2019entreprise et l\u2019ai vu \u00e9volu\u00e9 en m\u00eame temps que la structure. Ayant moi-m\u00eame \u00e9tudi\u00e9 au GRETA-CFA Aquitaine, je savais que je ne prenais pas beaucoup de risques, car je connais la qualit\u00e9 de leurs formations. Cette partie de mon m\u00e9tier est tr\u00e8s enrichissante, car l\u2019apprentissage est mutuel. Certains patrons voient d\u2019abord l\u2019aspect n\u00e9gatif \u00e0 prendre un apprenti, mais pour moi, c\u2019est avant tout l\u2019occasion de former un jeune en fonction des besoins de ma structure, de voir de quoi il est capable et \u00e7a facilite l\u2019embauche par la suite \u00bb, ajoute l\u2019artisan.<\/p>\n<p>Le parcours de J\u00e9r\u00e9my Constant est une v\u00e9ritable source d&rsquo;inspiration, d\u00e9montrant comment passion, d\u00e9vouement et transmission peuvent transformer une vocation en une entreprise florissante, tout en fa\u00e7onnant l&rsquo;avenir de la fili\u00e8re bois.<\/p>\n<p>De son c\u00f4t\u00e9, R\u00e9mi Dass\u00e9 n&rsquo;est pas qu&rsquo;un simple professionnel du bois, c&rsquo;est un v\u00e9ritable passionn\u00e9 ! Anim\u00e9 par un amour profond pour les constructions en bois et un don inn\u00e9 pour le contact humain, il a su transformer ses passions en une carri\u00e8re florissante. Son parcours est aussi solide que les charpentes qu&rsquo;il admire.<\/p>\n<p>Apr\u00e8s avoir obtenu un Bac Pro Construction bois, R\u00e9mi Dass\u00e9 a poursuivi sur sa lanc\u00e9e avec un BTS Conseil et Commercialisation de solutions techniques (CCST). Et ce n&rsquo;est pas tout : il a choisi l&rsquo;alternance avec le GRETA-CFA Aquitaine, une voie qui lui a permis de forger une expertise concr\u00e8te sur le terrain.<\/p>\n<p>\u00ab Le plus int\u00e9ressant avec cette formation, c\u2019est la combinaison entre la th\u00e9orie et la pratique. L\u2019alternance nous permet d\u2019avoir d\u00e9j\u00e0 un pied \u00e0 l\u2019\u00e9trier et de faire un rapprochement entre ce qu\u2019on apprend \u00e0 l\u2019\u00e9cole et la r\u00e9alit\u00e9 de l\u2019entreprise. C\u2019est un vrai atout pour la suite \u00bb, t\u00e9moigne-t-il.<\/p>\n<p>Mais l&rsquo;aventure ne s&rsquo;arr\u00eate pas l\u00e0 ! Fort de ses acquis, R\u00e9mi Dass\u00e9 a pris son envol pour une ann\u00e9e en Australie, une exp\u00e9rience qui a sans aucun doute enrichi sa vision du monde et ses comp\u00e9tences. De retour en France, il a pos\u00e9 ses valises dans les Landes, o\u00f9 il met d\u00e9sormais son \u00e9nergie et son savoir-faire au service de Chausson Mat\u00e9riaux depuis un an et demi.<\/p>\n<p>Un parcours inspirant qui d\u00e9montre qu&rsquo;avec de la passion et de la d\u00e9termination, R\u00e9mi a prouv\u00e9 qu&rsquo;il y a plus \u00e0 b\u00e2tir que de simples structures en bois !<\/p>\n","protected":false},"excerpt":{"rendered":"Depuis 2018, J\u00e9r\u00e9my a concr\u00e9tis\u00e9 son r\u00eave en cr\u00e9ant JCMD, sa propre entreprise de menuiserie \u00e0 Saint-Geours-de-Maremne. Mais&hellip;\n","protected":false},"author":2,"featured_media":257882,"comment_status":"","ping_status":"","sticky":false,"template":"","format":"standard","meta":{"footnotes":""},"categories":[2817],"tags":[1111,11,1997,39797,341,1777,674,1119,1011,27,8530,12,2219,25],"class_list":{"0":"post-257881","1":"post","2":"type-post","3":"status-publish","4":"format-standard","5":"has-post-thumbnail","7":"category-bordeaux","8":"tag-actu","9":"tag-actualites","10":"tag-bordeaux","11":"tag-eco-locale","12":"tag-emploi","13":"tag-eu","14":"tag-europe","15":"tag-formation","16":"tag-fr","17":"tag-france","18":"tag-landes","19":"tag-news","20":"tag-nouvelle-aquitaine","21":"tag-republique-francaise"},"share_on_mastodon":{"url":"https:\/\/pubeurope.com\/@fr\/114877728265676132","error":""},"_links":{"self":[{"href":"https:\/\/www.europesays.com\/fr\/wp-json\/wp\/v2\/posts\/257881","targetHints":{"allow":["GET"]}}],"collection":[{"href":"https:\/\/www.europesays.com\/fr\/wp-json\/wp\/v2\/posts"}],"about":[{"href":"https:\/\/www.europesays.com\/fr\/wp-json\/wp\/v2\/types\/post"}],"author":[{"embeddable":true,"href":"https:\/\/www.europesays.com\/fr\/wp-json\/wp\/v2\/users\/2"}],"replies":[{"embeddable":true,"href":"https:\/\/www.europesays.com\/fr\/wp-json\/wp\/v2\/comments?post=257881"}],"version-history":[{"count":0,"href":"https:\/\/www.europesays.com\/fr\/wp-json\/wp\/v2\/posts\/257881\/revisions"}],"wp:featuredmedia":[{"embeddable":true,"href":"https:\/\/www.europesays.com\/fr\/wp-json\/wp\/v2\/media\/257882"}],"wp:attachment":[{"href":"https:\/\/www.europesays.com\/fr\/wp-json\/wp\/v2\/media?parent=257881"}],"wp:term":[{"taxonomy":"category","embeddable":true,"href":"https:\/\/www.europesays.com\/fr\/wp-json\/wp\/v2\/categories?post=257881"},{"taxonomy":"post_tag","embeddable":true,"href":"https:\/\/www.europesays.com\/fr\/wp-json\/wp\/v2\/tags?post=257881"}],"curies":[{"name":"wp","href":"https:\/\/api.w.org\/{rel}","templated":true}]}}