{"id":257887,"date":"2025-07-19T03:18:10","date_gmt":"2025-07-19T03:18:10","guid":{"rendered":"https:\/\/www.europesays.com\/fr\/257887\/"},"modified":"2025-07-19T03:18:10","modified_gmt":"2025-07-19T03:18:10","slug":"les-orages-vont-ils-frapper-toulouse-et-loccitanie-ce-week-end-voici-les-previsions-meteo","status":"publish","type":"post","link":"https:\/\/www.europesays.com\/fr\/257887\/","title":{"rendered":"Les orages vont-ils frapper Toulouse et l&rsquo;Occitanie ce week-end ? Voici les pr\u00e9visions m\u00e9t\u00e9o"},"content":{"rendered":"<p>            Par<br \/>\n        <strong><br \/>\n            <a href=\"https:\/\/actu.fr\/auteur\/redaction-toulouse\" title=\"Consulter tous les articles de R\u00e9daction de Toulouse\" rel=\"nofollow noopener\" target=\"_blank\">R\u00e9daction de Toulouse<\/a><br \/>\n        <\/strong><\/p>\n<p>        Publi\u00e9 le<\/p>\n<p>            19 juil. 2025 \u00e0 5h04        <\/p>\n<p>Apr\u00e8s quelques jours de chaleur, le temps va se rafra\u00eechir (voire se g\u00e2ter) \u00e0 <a href=\"https:\/\/actu.fr\/toulouse\/\" rel=\"nofollow noopener\" target=\"_blank\">Toulouse<\/a> et en Occitanie ce week-end, avec un ciel nuageux ce samedi et un<strong> dimanche pluvieux, voire orageux<\/strong>. On fait le point sur les pr\u00e9visions m\u00e9t\u00e9o de ce samedi 19 et dimanche 20 juillet 2025.\u00a0<\/p>\n<p>Samedi 19 juillet : la grisaille \u00e0 Toulouse, la pluie en Occitanie<\/p>\n<p class=\" wall-content\">Le ciel sera totalement couvert pour le premier matin de ce week-end, avec 22\u00b0 attendus \u00e0 Toulouse. L\u2019apr\u00e8s-midi, <strong>quelques rayons de soleil<\/strong> per\u00e7eront les nuages sous 25\u00b0 (ressenti, cinq degr\u00e9s de plus). La Ville rose sera \u00e9pargn\u00e9e par le vent, y compris dans la soir\u00e9e, mais le ciel restera voil\u00e9. L\u2019occasion de profiter de la fra\u00eecheur <strong>avant que le temps ne se g\u00e2te<\/strong>.\u00a0<\/p>\n<p>    <img   decoding=\"async\" loading=\"lazy\" src=\"https:\/\/www.europesays.com\/fr\/wp-content\/uploads\/2025\/07\/toulouse-samedi-960x640.jpg\" alt=\"La m\u00e9t\u00e9o du samedi 19 juillet \u00e0 Toulouse, dans l'apr\u00e8s-midi.\" width=\"960\" height=\"640\"\/><br \/>\n    La m\u00e9t\u00e9o du samedi 19 juillet \u00e0 Toulouse, dans l\u2019apr\u00e8s-midi. (\u00a9M\u00e9t\u00e9o France)<\/p>\n<p class=\" wall-content\">Toujours ce samedi, la pluie qui \u00e9pargne Toulouse ne manquera pas de tomber sur le reste de l\u2019Occitanie. Le matin, le sud et l\u2019est de la r\u00e9gion seront touch\u00e9s par une fine pluie, particuli\u00e8rement dans le Gers, \u00e0 Tarbes, Saint-Gaudens et Foix, ainsi que B\u00e9ziers, Montpellier et N\u00eemes.\u00a0<\/p>\n<p class=\" wall-content\">Toujours samedi matin, des <strong>orages<\/strong> pourraient frapper <a href=\"https:\/\/actu.fr\/occitanie\/rodez_12202\" rel=\"nofollow noopener\" target=\"_blank\">Rodez<\/a> et Saint-Affrique, tandis que des <strong>averses orageuses<\/strong> sont attendues \u00e0 la pointe nord de l\u2019Occitanie, \u00e0 Laguiole, Saint-C\u00e9r\u00e9 et Mende. Le centre de la r\u00e9gion sera simplement couvert.\u00a0<\/p>\n<p class=\" wall-content\">Le temps s\u2019am\u00e9liorera dans l\u2019apr\u00e8s-midi, avec un ciel couvert mais travers\u00e9 de rayons de soleil, dans la plupart de la r\u00e9gion. Il fera entre 22 et 26 degr\u00e9s.<\/p>\n<p>Vid\u00e9os : en ce moment sur Actu<br \/>\n    <img   decoding=\"async\" loading=\"lazy\" src=\"https:\/\/www.europesays.com\/fr\/wp-content\/uploads\/2025\/07\/samedi-aprem-occitanie-960x640.jpg\" alt=\"La m\u00e9t\u00e9o du samedi 19 juillet en Occitanie, dans l'apr\u00e8s-midi.\" width=\"960\" height=\"640\"\/><br \/>\n    La m\u00e9t\u00e9o du samedi 19 juillet en Occitanie, dans l\u2019apr\u00e8s-midi. (\u00a9M\u00e9t\u00e9o France)Dimanche 20 juillet : pluie et risque d\u2019orages<\/p>\n<p class=\" wall-content\">Ce dimanche s\u2019annonce <strong>pluvieux<\/strong> et <strong>orageux<\/strong> \u00e0 Toulouse. Quelques \u00e9claircies sont attendues le matin, sous 25\u00b0 (ressenti 30), mais une faible pluie et des rafales \u00e0 45 km\/h viendront g\u00e2ter l\u2019apr\u00e8s-midi. Des averses orageuses devraient frapper la Ville rose dans la soir\u00e9e, avec un temps lourd : il fera 21\u00b0, mais 29\u00b0 ressentis. Le long de la nuit, des averses sont aussi attendues.\u00a0<\/p>\n<p>    <img   decoding=\"async\" loading=\"lazy\" src=\"https:\/\/www.europesays.com\/fr\/wp-content\/uploads\/2025\/07\/meteo-dimanche-toulouse-960x640.jpg\" alt=\"La m\u00e9t\u00e9o du dimanche 20 juillet \u00e0 Toulouse, dans l'apr\u00e8s-midi.\" width=\"960\" height=\"640\"\/><br \/>\n    La m\u00e9t\u00e9o du dimanche 20 juillet \u00e0 Toulouse, dans l\u2019apr\u00e8s-midi. (\u00a9M\u00e9t\u00e9o France)<\/p>\n<p class=\" wall-content\">En Occitanie, m\u00eame situation. Apr\u00e8s une <strong>matin\u00e9e cl\u00e9mente<\/strong>, bien que l\u00e9g\u00e8rement couverte, place \u00e0 la pluie et aux orages dans toute la r\u00e9gion l\u2019apr\u00e8s-midi. Seul le sud sera <strong>\u00e9pargn\u00e9<\/strong> par les averses orageuses, c\u2019est \u00e0 dire Saint-Gaudens, Foix, et Font-Romeu, o\u00f9 il fera entre 21 et 24 degr\u00e9s.<\/p>\n<p class=\" wall-content\">Au-dessus, les <strong>orages<\/strong> devraient frapper Carcassonne, Castres, Montauban, Saint-Affrique, B\u00e9ziers, Mende et Saint-C\u00e9r\u00e9. Cahors, Auch, Salle-sur-L\u2019Hers et Albi subiront des <strong>averses orageuses<\/strong>.\u00a0<\/p>\n<p>    <img   decoding=\"async\" loading=\"lazy\" src=\"https:\/\/www.europesays.com\/fr\/wp-content\/uploads\/2025\/07\/dimanche-20-occitanie-960x640.jpg\" alt=\"La m\u00e9t\u00e9o du dimanche 20 juillet en Occitanie, dans l'apr\u00e8s-midi.\" width=\"960\" height=\"640\"\/><br \/>\n    La m\u00e9t\u00e9o du dimanche 20 juillet en Occitanie, dans l\u2019apr\u00e8s-midi. (\u00a9M\u00e9t\u00e9o France)<\/p>\n<p class=\" wall-content\">Suivez toute l\u2019actualit\u00e9 de vos villes et m\u00e9dias favoris en vous inscrivant \u00e0 <a href=\"https:\/\/moncompte.actu.fr\" title=\"D\u00e9couvez Mon Actu\" rel=\"nofollow noopener\" data-trk=\"{&quot;cta&quot;:{&quot;action&quot;:&quot;https:\\\/\\\/moncompte.actu.fr&quot;,&quot;category&quot;:&quot;mon compte&quot;,&quot;from&quot;:&quot;article footer&quot;,&quot;name&quot;:&quot;Mon actu&quot;,&quot;type&quot;:&quot;cta&quot;}}\" target=\"_blank\">Mon Actu<\/a>.<\/p>\n","protected":false},"excerpt":{"rendered":"Par R\u00e9daction de Toulouse Publi\u00e9 le 19 juil. 2025 \u00e0 5h04 Apr\u00e8s quelques jours de chaleur, le temps&hellip;\n","protected":false},"author":2,"featured_media":257888,"comment_status":"","ping_status":"","sticky":false,"template":"","format":"standard","meta":{"footnotes":""},"categories":[2816],"tags":[1111,11,1777,674,1011,27,2487,2357,12,2680,4594,25,2312],"class_list":{"0":"post-257887","1":"post","2":"type-post","3":"status-publish","4":"format-standard","5":"has-post-thumbnail","7":"category-toulouse","8":"tag-actu","9":"tag-actualites","10":"tag-eu","11":"tag-europe","12":"tag-fr","13":"tag-france","14":"tag-meteo","15":"tag-meteo-france","16":"tag-news","17":"tag-occitanie","18":"tag-orages","19":"tag-republique-francaise","20":"tag-toulouse"},"share_on_mastodon":{"url":"","error":""},"_links":{"self":[{"href":"https:\/\/www.europesays.com\/fr\/wp-json\/wp\/v2\/posts\/257887","targetHints":{"allow":["GET"]}}],"collection":[{"href":"https:\/\/www.europesays.com\/fr\/wp-json\/wp\/v2\/posts"}],"about":[{"href":"https:\/\/www.europesays.com\/fr\/wp-json\/wp\/v2\/types\/post"}],"author":[{"embeddable":true,"href":"https:\/\/www.europesays.com\/fr\/wp-json\/wp\/v2\/users\/2"}],"replies":[{"embeddable":true,"href":"https:\/\/www.europesays.com\/fr\/wp-json\/wp\/v2\/comments?post=257887"}],"version-history":[{"count":0,"href":"https:\/\/www.europesays.com\/fr\/wp-json\/wp\/v2\/posts\/257887\/revisions"}],"wp:featuredmedia":[{"embeddable":true,"href":"https:\/\/www.europesays.com\/fr\/wp-json\/wp\/v2\/media\/257888"}],"wp:attachment":[{"href":"https:\/\/www.europesays.com\/fr\/wp-json\/wp\/v2\/media?parent=257887"}],"wp:term":[{"taxonomy":"category","embeddable":true,"href":"https:\/\/www.europesays.com\/fr\/wp-json\/wp\/v2\/categories?post=257887"},{"taxonomy":"post_tag","embeddable":true,"href":"https:\/\/www.europesays.com\/fr\/wp-json\/wp\/v2\/tags?post=257887"}],"curies":[{"name":"wp","href":"https:\/\/api.w.org\/{rel}","templated":true}]}}