{"id":257921,"date":"2025-07-19T03:39:18","date_gmt":"2025-07-19T03:39:18","guid":{"rendered":"https:\/\/www.europesays.com\/fr\/257921\/"},"modified":"2025-07-19T03:39:18","modified_gmt":"2025-07-19T03:39:18","slug":"le-prix-fou-propose-par-manchester-united-pour-recruter-un-ancien-joueur-de-lestac-angleterre-manchester-united","status":"publish","type":"post","link":"https:\/\/www.europesays.com\/fr\/257921\/","title":{"rendered":"Le prix fou propos\u00e9 par Manchester United pour recruter un ancien joueur de l\u2019ESTAC &#8211; Angleterre &#8211; Manchester United"},"content":{"rendered":"<p>Plus les mots.<\/p>\n<p>Apr\u00e8s plusieurs semaines de n\u00e9gociations intenses, <strong>Manchester United et Brentford se seraient enfin mis d\u2019accord sur le prix du transfert de Bryan Mbeumo<\/strong> chez les Red Devils. <a target=\"_blank\" href=\"https:\/\/www.nytimes.com\/athletic\/6499896\/2025\/07\/18\/bryan-mbeumo-man-utd-transfer\/\" rel=\"nofollow noopener\">D\u2019apr\u00e8s The Athletic<\/a>, le board du club mancunien compte d\u00e9bourser<strong> 81 millions d\u2019euros bonus compris<\/strong> pour s\u2019attacher les services de l\u2019international camerounais.<\/p>\n<p>Where is Bryan<\/p>\n<p>Toujours d\u2019apr\u00e8s les informations du m\u00e9dia am\u00e9ricain, l\u2019arriv\u00e9e de Mbeumo devrait \u00eatre confirm\u00e9e ce week-end par Manchester United. <strong>Grandiose \u00e0 Brentford depuis plusieurs ann\u00e9es<\/strong>, l\u2019ancien de Troyes a d\u00e9finitivement explos\u00e9 cette saison avec des statistiques impressionnantes en Premier League : <strong>20 buts et 8 passes d\u00e9cisives.<\/strong><\/p>\n<p>Apr\u00e8s l\u2019arriv\u00e9e de <a target=\"_blank\" href=\"https:\/\/www.sofoot.com\/breves\/manchester-united-annonce-larrivee-du-bresilien-matheus-cunha#goog_rewarded\" rel=\"nofollow noopener\">Matheus Cunha au d\u00e9but du mercato<\/a> pour 74 millions d\u2019euros, <strong>les Red Devils d\u00e9boursent \u00e0 nouveau une somme importante pour recruter un attaquant.<\/strong><\/p>\n<p>Et dire que dans le m\u00eame temps, <a target=\"_blank\" href=\"https:\/\/www.sofoot.com\/breves\/salaries-licencies-ou-sucres-de-cantine-manchester-united-poursuit-ses-coupes-budgetaires\" rel=\"nofollow noopener\">ils licencient des employ\u00e9s pour \u00ab\u202fraisons budg\u00e9taires\u00a0\u00bb.<\/a><\/p>\n<p>\t\t\t\t\t\t\t\t\t\t<a class=\"lien-connexe\" href=\"https:\/\/www.sofoot.com\/breves\/manchester-united-sen-sort-tres-bien-a-brentford\" rel=\"nofollow noopener\" target=\"_blank\">Manchester United s\u2019en sort tr\u00e8s bien \u00e0 Brentford<\/a>\t\t\t\t\t<\/p>\n","protected":false},"excerpt":{"rendered":"Plus les mots. Apr\u00e8s plusieurs semaines de n\u00e9gociations intenses, Manchester United et Brentford se seraient enfin mis d\u2019accord&hellip;\n","protected":false},"author":2,"featured_media":257922,"comment_status":"","ping_status":"","sticky":false,"template":"","format":"standard","meta":{"footnotes":""},"categories":[2],"tags":[47,11,61,69,65,64,63,1011,27,68,66,12,62,70,25,67],"class_list":{"0":"post-257921","1":"post","2":"type-post","3":"status-publish","4":"format-standard","5":"has-post-thumbnail","7":"category-actualites","8":"tag-actualite","9":"tag-actualites","10":"tag-actus-football","11":"tag-bundesliga","12":"tag-championnats-europeens","13":"tag-equipe-de-france","14":"tag-football","15":"tag-fr","16":"tag-france","17":"tag-ligua","18":"tag-ligue-1","19":"tag-news","20":"tag-news-foot","21":"tag-premier-league","22":"tag-republique-francaise","23":"tag-serie-a"},"share_on_mastodon":{"url":"https:\/\/pubeurope.com\/@fr\/114877822616038778","error":""},"_links":{"self":[{"href":"https:\/\/www.europesays.com\/fr\/wp-json\/wp\/v2\/posts\/257921","targetHints":{"allow":["GET"]}}],"collection":[{"href":"https:\/\/www.europesays.com\/fr\/wp-json\/wp\/v2\/posts"}],"about":[{"href":"https:\/\/www.europesays.com\/fr\/wp-json\/wp\/v2\/types\/post"}],"author":[{"embeddable":true,"href":"https:\/\/www.europesays.com\/fr\/wp-json\/wp\/v2\/users\/2"}],"replies":[{"embeddable":true,"href":"https:\/\/www.europesays.com\/fr\/wp-json\/wp\/v2\/comments?post=257921"}],"version-history":[{"count":0,"href":"https:\/\/www.europesays.com\/fr\/wp-json\/wp\/v2\/posts\/257921\/revisions"}],"wp:featuredmedia":[{"embeddable":true,"href":"https:\/\/www.europesays.com\/fr\/wp-json\/wp\/v2\/media\/257922"}],"wp:attachment":[{"href":"https:\/\/www.europesays.com\/fr\/wp-json\/wp\/v2\/media?parent=257921"}],"wp:term":[{"taxonomy":"category","embeddable":true,"href":"https:\/\/www.europesays.com\/fr\/wp-json\/wp\/v2\/categories?post=257921"},{"taxonomy":"post_tag","embeddable":true,"href":"https:\/\/www.europesays.com\/fr\/wp-json\/wp\/v2\/tags?post=257921"}],"curies":[{"name":"wp","href":"https:\/\/api.w.org\/{rel}","templated":true}]}}