{"id":257925,"date":"2025-07-19T03:41:15","date_gmt":"2025-07-19T03:41:15","guid":{"rendered":"https:\/\/www.europesays.com\/fr\/257925\/"},"modified":"2025-07-19T03:41:15","modified_gmt":"2025-07-19T03:41:15","slug":"premier-majeur-et-premier-cut-pour-adrien-saddier","status":"publish","type":"post","link":"https:\/\/www.europesays.com\/fr\/257925\/","title":{"rendered":"Premier Majeur et premier cut pour Adrien Saddier !"},"content":{"rendered":"<p>\t\t\t\t\t\t<img width=\"770\" height=\"556\" src=\"https:\/\/www.europesays.com\/fr\/wp-content\/uploads\/2025\/07\/the-153rd-open-day-one_largeimage_m365499-770x556.jpg\" class=\"img-responsive wp-post-image\" alt=\"adrien saddier (Photo by Stuart Franklin\/R&amp;A\/R&amp;A via Getty Images)\" decoding=\"async\" fetchpriority=\"high\"  \/>\t\t\t\t\t<\/p>\n<p>\t\t\t\t\t\t Partager cet article <\/p>\n<p class=\"screen-reader-text juiz_sps_maybe_hidden_text\">Partager la publication \u00ab\u00a0Premier Majeur et premier cut pour Adrien Saddier !\u00a0\u00bb<\/p>\n<p><strong>Adrien Saddier (photo) accompagne pour deux tours suppl\u00e9mentaires Romain Langasque et Antoine Rozner dans ce 153e The Open de l\u2019histoire. Auteur d\u2019une carte dans le par (71) ce vendredi, le Haut-Savoyard accroche la 52e place \u00e0 +1 total. Cela ne passe en revanche pas pour Julien Guerrier (+3) ni pour Martin Couvra, malgr\u00e9 une belle r\u00e9action apr\u00e8s son 78 (+7) de jeudi.<\/strong><\/p>\n<p><strong>L.V. (avec Stefan Colin \u00e0 Portrush)<\/strong><\/p>\n<p>Un dernier par sur le 18 et l\u2019affaire est entendue. <strong>Adrien Saddier<\/strong>, sous la menace d\u2019un cut mouvant entre +1 et +2, est finalement pass\u00e9 du bon c\u00f4t\u00e9. Sa carte dans le par (71) lui permet de prendre la 52e place \u00e0 +1 et surtout de poursuivre l\u2019aventure jusqu\u2019\u00e0 dimanche. Pour un coup d\u2019essai, c\u2019est quasiment un coup de ma\u00eetre !<\/p>\n<blockquote><p>\nFaire le cut, c\u2019\u00e9tait du bonus. J\u2019esp\u00e8re maintenant faire des scores sous le par pour grapiller des places au leaderboard.<\/p>\n<p>Adrien Saddier<\/p>\n<\/blockquote>\n<p>\u00ab\u00a0Je m\u2019en suis bien sorti, je suis tr\u00e8s content de faire ce cut et avoir deux jours de plus ici, anaylse-t-il en zone mixte. Le jeu de fer a \u00e9t\u00e9 un peu moins bon aujourd\u2019hui mais j\u2019ai super bien putt\u00e9 (26 putts). Le chipping aussi\u00a0! Tr\u00e8s content de ce petit jeu.\u00a0\u00bb<\/p>\n<p>\u00ab\u00a0Je ne suis pas venu dans ce Majeur pour faire le cut, ajoute-t-il. Je voulais d\u2019abord prendre beaucoup de plaisir, avec mon p\u00e8re pr\u00e8s de moi. J\u2019\u00e9tais dans le pur plaisir. Et cela a fonctionn\u00e9. Faire le cut, c\u2019\u00e9tait du bonus. J\u2019esp\u00e8re maintenant faire des scores sous le par pour grapiller des places au leaderboard.\u00a0\u00bb<\/p>\n<p>\u00ab\u00a0Je trouve que le parcours ici est vraiment franc, poursuit-il. Si on joue bien, on va \u00eatre r\u00e9compens\u00e9. Demain\u00a0? Il faut toujours r\u00eaver, a moi de rester concentr\u00e9 dans ma t\u00eate et de faire tomber les birdies. Je suis venu ici ce matin voir le d\u00e9part de Rory (<strong>McIlroy<\/strong>). C\u2019est une belle atmosph\u00e8re, une foule qui comprend le golf. Cela fait plaisir\u00a0!\u00a0\u00bb<\/p>\n<blockquote><p>\nCela fait un moment que je joue correct mais sans plus. La confiance n\u2019est pas l\u00e0.\u00a0Il faut en tirer les conclusions\u2026<\/p>\n<p>\u00a0<\/p>\n<p>Julien Guerrier<\/p>\n<\/blockquote>\n<p>\t\t\t\t\t<a id=\"177253\" href=\"https:\/\/www.noyangolf.com\/fr\/\" target=\"_blank\" rel=\"sponsorised nofollow noopener\"><img decoding=\"async\" src=\"data:image\/svg+xml,%3Csvg%20xmlns=\" http:=\"\" class=\"img-responsive\" alt=\"\" data-lazy-src=\"https:\/\/www.europesays.com\/fr\/wp-content\/uploads\/2025\/06\/noyan-e01-where-golf-meets-excellence-1170x275-1.jpg\"\/><\/a><br \/>\nGuerrier et Couvra restent \u00e0 quai<\/p>\n<p>Evidemment, l\u2019atmosph\u00e8re \u00e9tait un peu plus lourde autour de <strong>Julien Guerrier<\/strong> qui finit \u00e0 +3 total apr\u00e8s avoir post\u00e9 une carte de 72 (+1). Ce passage entre les trous 11 et 14 o\u00f9 il a conc\u00e9d\u00e9 deux bogeys et un double lui aura \u00e9t\u00e9 finalement fatal. Mais le Rochelais, d\u00e9sormais domicili\u00e9 \u00e0 Duba\u00ef avec femme et enfants, reste lucide sur sa performance dans ce 153e The Open de l\u2019histoire. Son second British apr\u00e8s Liverpool en\u2026 2006. Il \u00e9tait alors encore amateur\u00a0!<\/p>\n<p>\u00ab\u00a0C\u2019est une question de niveau de jeu plut\u00f4t qu\u2019autre chose, r\u00e9sume-t-il alors qu\u2019il affichait un solide -2 apr\u00e8s les trous de l\u2019aller. Je n\u2019ai pas tr\u00e8s bien tap\u00e9 la balle d\u00e8s le d\u00e9but. Mes points forts d\u2019habitude, ce sont le putting et le driving. Le driving aujourd\u2019hui, je n\u2019ai \u00e9t\u00e9 pas bon (4 fairways touch\u00e9s sur 14, soit 28,6 % de r\u00e9ussite). En revanche, j\u2019ai tr\u00e8s bien putt\u00e9 (30 putts). Je tenais le score. Au 11, le bogey ce n\u2019est pas tr\u00e8s grave mais la balle perdue au 12, \u00e7a fait mal. Il y a eu aussi un tr\u00e8s mauvais coup au 14 (double bogey)\u2026\u00a0\u00bb<\/p>\n<p>\u00ab\u00a0J\u2019ai fait des changements techniques qui devrait me tenir sous pression dans ce cas-l\u00e0 mais ce n\u2019est pas le cas justement, regrette-t-il encore. Il y a pas mal de choses \u00e0 tirer de cet Open. Cela fait un moment que je joue correct mais sans plus. La confiance n\u2019est pas l\u00e0.\u00a0Il faut en tirer les conclusions\u2026 On va se reposer et bien se pr\u00e9parer pour la fin de la saison. Pour l\u2019instant, c\u2019est tr\u00e8s moyen\u2026 \u00bb<\/p>\n<blockquote><p>\nCela va me donner beaucoup d\u2019exp\u00e9rience pour la suite. Cela va me permettre d\u2019avancer plus vite. Je sais que j\u2019en sortirai bien meilleur que les semaines pr\u00e9c\u00e9dentes\u2026<\/p>\n<p>Martin Couvra<\/p>\n<\/blockquote>\n<p>Lui aussi ne sera pas l\u00e0 ce week-end en Irlande du Nord. On s\u2019en doutait un peu apr\u00e8s son premier tour boucl\u00e9 en 78 (+7). Mais <strong>Martin Couvra<\/strong>, 143e \u00e0 +9 total, veut tirer le positif de cette nouvelle exp\u00e9rience, la premi\u00e8re en Majeur.<\/p>\n<p>\u00ab\u00a0C\u2019\u00e9tait un peu plus solide aujourd\u2019hui, souffle-t-il doucement \u00e0 la sortie du recording apr\u00e8s avoir sign\u00e9 une carte de 73 (+2). Mais ce parcours est l\u2019un des plus durs que j\u2019ai jou\u00e9. Cela va me donner beaucoup d\u2019exp\u00e9rience pour la suite. Cela va me permettre d\u2019avancer plus vite. Il faut en tirer les bonnes conclusions. Je sais que j\u2019en sortirai bien meilleur que les semaines pr\u00e9c\u00e9dentes\u2026 Ce ne sera que du positif pour la suite. On va prendre le temps de temps pour dig\u00e9rer. Je suis \u00e9videmment frustr\u00e9 mais je sais que par la suite, ce ne sera que du positif.\u00a0\u00bb<\/p>\n<p>\u00ab\u00a0J\u2019esp\u00e8re que je vais en jouer beaucoup d\u2019autres (Majeurs)\u2026 J\u2019en jouerai d\u2019autres, reprend-il. J\u2019ai envie de tous les faire. J\u2019ai une pr\u00e9f\u00e9rence pour le Masters et le British. Je vais maintenant prendre quatre semaines off. Et me pr\u00e9parer pour la fin de la saison sur le Tour avant et jouer sur le PGA Tour l\u2019ann\u00e9e prochaine. Avant, il y aura l\u2019Open de France. J\u2019ai de tr\u00e8s bons souvenirs l\u00e0-bas (\u00e0 <strong>St Nom-la-Bret\u00e8che<\/strong>). \u00bb<\/p>\n<p>\t\t\t\t<img loading=\"lazy\" decoding=\"async\" src=\"data:image\/svg+xml,%3Csvg%20xmlns=\" http:=\"\" attributionsrc=\"\" border=\"0\" height=\"1\" width=\"1\" alt=\"Advertisement\" data-lazy-src=\"https:\/\/www.europesays.com\/fr\/wp-content\/uploads\/2025\/07\/B33047934.411969880;dc_trk_aid=603484932;dc_trk_cid=227659580;ord=[timestamp];dc_lat=;dc_rdid=;tag_f.gif\"\/><\/p>\n<p>\t\t\t\t\t<a id=\"158175\" href=\"https:\/\/ad.doubleclick.net\/ddm\/trackclk\/N1153799.3770024GOLFPLANATE\/B33047934.411969880;dc_trk_aid=603484932;dc_trk_cid=227659580;dc_lat=;dc_rdid=;tag_for_child_directed_treatment=;tfua=;gdpr=${GDPR};gdpr_consent=${GDPR_CONSENT_755};ltd=;dc_tdv=1\" target=\"_blank\" rel=\"sponsorised nofollow noopener\"><img decoding=\"async\" src=\"data:image\/svg+xml,%3Csvg%20xmlns=\" http:=\"\" class=\"img-responsive\" alt=\"\" data-lazy-src=\"https:\/\/www.europesays.com\/fr\/wp-content\/uploads\/2025\/07\/callaway-e01-elyte-driver-1170x275-1.jpg\"\/><\/a><\/p>\n<p>Photo : Stuart Franklin\/R&amp;A\/R&amp;A via Getty Images<\/p>\n","protected":false},"excerpt":{"rendered":"Partager cet article Partager la publication \u00ab\u00a0Premier Majeur et premier cut pour Adrien Saddier !\u00a0\u00bb Adrien Saddier (photo)&hellip;\n","protected":false},"author":2,"featured_media":257926,"comment_status":"","ping_status":"","sticky":false,"template":"","format":"standard","meta":{"footnotes":""},"categories":[1418],"tags":[1011,27,1472,60],"class_list":{"0":"post-257925","1":"post","2":"type-post","3":"status-publish","4":"format-standard","5":"has-post-thumbnail","7":"category-golf","8":"tag-fr","9":"tag-france","10":"tag-golf","11":"tag-sports"},"share_on_mastodon":{"url":"https:\/\/pubeurope.com\/@fr\/114877830552782856","error":""},"_links":{"self":[{"href":"https:\/\/www.europesays.com\/fr\/wp-json\/wp\/v2\/posts\/257925","targetHints":{"allow":["GET"]}}],"collection":[{"href":"https:\/\/www.europesays.com\/fr\/wp-json\/wp\/v2\/posts"}],"about":[{"href":"https:\/\/www.europesays.com\/fr\/wp-json\/wp\/v2\/types\/post"}],"author":[{"embeddable":true,"href":"https:\/\/www.europesays.com\/fr\/wp-json\/wp\/v2\/users\/2"}],"replies":[{"embeddable":true,"href":"https:\/\/www.europesays.com\/fr\/wp-json\/wp\/v2\/comments?post=257925"}],"version-history":[{"count":0,"href":"https:\/\/www.europesays.com\/fr\/wp-json\/wp\/v2\/posts\/257925\/revisions"}],"wp:featuredmedia":[{"embeddable":true,"href":"https:\/\/www.europesays.com\/fr\/wp-json\/wp\/v2\/media\/257926"}],"wp:attachment":[{"href":"https:\/\/www.europesays.com\/fr\/wp-json\/wp\/v2\/media?parent=257925"}],"wp:term":[{"taxonomy":"category","embeddable":true,"href":"https:\/\/www.europesays.com\/fr\/wp-json\/wp\/v2\/categories?post=257925"},{"taxonomy":"post_tag","embeddable":true,"href":"https:\/\/www.europesays.com\/fr\/wp-json\/wp\/v2\/tags?post=257925"}],"curies":[{"name":"wp","href":"https:\/\/api.w.org\/{rel}","templated":true}]}}