{"id":257931,"date":"2025-07-19T03:46:16","date_gmt":"2025-07-19T03:46:16","guid":{"rendered":"https:\/\/www.europesays.com\/fr\/257931\/"},"modified":"2025-07-19T03:46:16","modified_gmt":"2025-07-19T03:46:16","slug":"marc-marquez-enleve-son-10e-sprint-de-la-saison-rts-ch","status":"publish","type":"post","link":"https:\/\/www.europesays.com\/fr\/257931\/","title":{"rendered":"Marc Marquez enl\u00e8ve son 10e sprint de la saison &#8211; rts.ch"},"content":{"rendered":"<p>Comme pr\u00e9vu, Marc Marquez (Ducati) a remport\u00e9 le sprint MotoGP du Grand Prix d&rsquo;Allemagne. Sur un Sachsenring d\u00e9tremp\u00e9, l&rsquo;Espagnol a toutefois d\u00fb s&#8217;employer pour signer un nouveau triomphe.<\/p>\n<p>Parti en pole position, le leader du championnat du monde est parti trop large d\u00e8s le premier virage, reculant au cinqui\u00e8me rang. Il a ensuite entam\u00e9 la remont\u00e9e attendue, s&#8217;emparant de la deuxi\u00e8me place \u00e0 six tours de la fin, puis d\u00e9passant l&rsquo;Italien Marco Bezzecchi (Aprilia) dans l&rsquo;ultime boucle. Le podium a \u00e9t\u00e9 compl\u00e9t\u00e9 par le Fran\u00e7ais Fabio Quartararo (Yamaha).<\/p>\n<p>Marc Marquez est d\u00e9cid\u00e9ment le roi du sprint cette saison. Il en a gagn\u00e9 dix sur les onze courus! Au championnat, son avance sur son fr\u00e8re Alex Marquez (Ducati-Gresini) se monte d\u00e9sormais \u00e0 78 points.<\/p>\n<p>La course a aussi \u00e9t\u00e9 marqu\u00e9e par la grosse chute de Franco Morbidelli (Ducati-VR 46). L&rsquo;Italien a \u00e9t\u00e9 transport\u00e9 au centre m\u00e9dical du circuit.<\/p>\n<p class=\"sources\">ats\/tzing<\/p>\n","protected":false},"excerpt":{"rendered":"Comme pr\u00e9vu, Marc Marquez (Ducati) a remport\u00e9 le sprint MotoGP du Grand Prix d&rsquo;Allemagne. Sur un Sachsenring d\u00e9tremp\u00e9,&hellip;\n","protected":false},"author":2,"featured_media":257932,"comment_status":"","ping_status":"","sticky":false,"template":"","format":"standard","meta":{"footnotes":""},"categories":[1413],"tags":[672,5828,4266,39798,1680,1011,27,39799,1741,39800,1461,1961,1457,39801,7449,1456,7450,39802,36255,39803,517,60,14040,3067,4921],"class_list":{"0":"post-257931","1":"post","2":"type-post","3":"status-publish","4":"format-standard","5":"has-post-thumbnail","7":"category-moto","8":"tag-allemagne","9":"tag-aprilia","10":"tag-ducati","11":"tag-ducati-motor-holding","12":"tag-fabio-quartararo","13":"tag-fr","14":"tag-france","15":"tag-grand-prix-dallemagne","16":"tag-johann-zarco","17":"tag-luca-lunetta","18":"tag-marc-marquez","19":"tag-marco-bezzecchi","20":"tag-moto","21":"tag-moto-gp-allemagne","22":"tag-moto3","23":"tag-motocycle","24":"tag-noah-dettwiler","25":"tag-pole-position","26":"tag-sachsenring","27":"tag-saxe","28":"tag-sport","29":"tag-sports","30":"tag-sprint","31":"tag-suisse","32":"tag-yamaha"},"share_on_mastodon":{"url":"https:\/\/pubeurope.com\/@fr\/114877850129870336","error":""},"_links":{"self":[{"href":"https:\/\/www.europesays.com\/fr\/wp-json\/wp\/v2\/posts\/257931","targetHints":{"allow":["GET"]}}],"collection":[{"href":"https:\/\/www.europesays.com\/fr\/wp-json\/wp\/v2\/posts"}],"about":[{"href":"https:\/\/www.europesays.com\/fr\/wp-json\/wp\/v2\/types\/post"}],"author":[{"embeddable":true,"href":"https:\/\/www.europesays.com\/fr\/wp-json\/wp\/v2\/users\/2"}],"replies":[{"embeddable":true,"href":"https:\/\/www.europesays.com\/fr\/wp-json\/wp\/v2\/comments?post=257931"}],"version-history":[{"count":0,"href":"https:\/\/www.europesays.com\/fr\/wp-json\/wp\/v2\/posts\/257931\/revisions"}],"wp:featuredmedia":[{"embeddable":true,"href":"https:\/\/www.europesays.com\/fr\/wp-json\/wp\/v2\/media\/257932"}],"wp:attachment":[{"href":"https:\/\/www.europesays.com\/fr\/wp-json\/wp\/v2\/media?parent=257931"}],"wp:term":[{"taxonomy":"category","embeddable":true,"href":"https:\/\/www.europesays.com\/fr\/wp-json\/wp\/v2\/categories?post=257931"},{"taxonomy":"post_tag","embeddable":true,"href":"https:\/\/www.europesays.com\/fr\/wp-json\/wp\/v2\/tags?post=257931"}],"curies":[{"name":"wp","href":"https:\/\/api.w.org\/{rel}","templated":true}]}}