{"id":257947,"date":"2025-07-19T03:56:12","date_gmt":"2025-07-19T03:56:12","guid":{"rendered":"https:\/\/www.europesays.com\/fr\/257947\/"},"modified":"2025-07-19T03:56:12","modified_gmt":"2025-07-19T03:56:12","slug":"et-si-lia-etait-capable-de-visualiser-et-retranscrire-nos-reves-en-images","status":"publish","type":"post","link":"https:\/\/www.europesays.com\/fr\/257947\/","title":{"rendered":"Et si l&rsquo;IA \u00e9tait capable de visualiser et retranscrire nos r\u00eaves en images ?"},"content":{"rendered":"<p><strong>Aux Pays-Bas, une soci\u00e9t\u00e9 affirme avoir mis au point un<br \/>\n\u00ab\u00a0enregistreur de r\u00eaves\u00a0\u00bb. L\u2019appareil \u00e0 monter soi-m\u00eame<br \/>\net \u00e0 imprimer 3D \u00e9coute la personne se rem\u00e9morer son dernier r\u00eave<br \/>\nau r\u00e9veil, avant de g\u00e9n\u00e9rer ce dernier en images sur un \u00e9cran. Par<br \/>\nailleurs, les d\u00e9veloppeurs ont rendu public le code source de leur<br \/>\ninnovation.<\/strong><\/p>\n<p>Des s\u00e9quences cin\u00e9matographiques saisissantes<\/p>\n<p>Rappelons tout d\u2019abord que <strong>la m\u00e9moire des r\u00eaves est tr\u00e8s<br \/>\n\u00e9ph\u00e9m\u00e8re<\/strong>, si bien que <a href=\"https:\/\/sciencepost.fr\/pourquoi-souvenirs-de-reves-ou-non-facteurs\/\" target=\"_blank\" rel=\"noopener nofollow\">les d\u00e9tails s\u2019effacent tr\u00e8s<br \/>\nrapidement apr\u00e8s le r\u00e9veil<\/a>. Ainsi, les personnes d\u00e9sirant<br \/>\nimmortaliser leurs r\u00eaves sur le long terme peuvent par exemple<br \/>\nnoter ce dont elles se souviennent. Et s\u2019il existait un moyen<br \/>\nbeaucoup plus efficace et ludique ? La soci\u00e9t\u00e9 n\u00e9erlandaise Modem<br \/>\nWorks a <strong>con\u00e7u un \u00ab\u00a0enregistreur de<br \/>\nr\u00eaves\u00a0\u00bb<\/strong> (Dream Recorder) \u00e9quip\u00e9 d\u2019une intelligence<br \/>\nartificielle, comme le r\u00e9v\u00e9lait <a href=\"https:\/\/fr.euronews.com\/next\/2025\/06\/28\/lia-peut-elle-visualiser-nos-reves-cest-ce-quessaie-de-faire-cette-entreprise-neerlandaise\" target=\"_blank\" rel=\"noopener nofollow\">Euronews<\/a> dans un article publi\u00e9<br \/>\nle 28 juin 2025.<\/p>\n<p>Dans un premier temps, les utilisateurs doivent<br \/>\n<strong>t\u00e9l\u00e9charger le code source ouvert<\/strong> <a href=\"https:\/\/github.com\/modem-works\/dream-recorder?tab=readme-ov-file\" target=\"_blank\" rel=\"noopener nofollow\">sur GitHub<\/a>, une plateforme<br \/>\nd\u2019h\u00e9bergement de projets. Ensuite, il s\u2019agit de rassembler le<br \/>\nmat\u00e9riel complet (disponible dans le commerce), d\u2019imprimer en 3D la<br \/>\ncoque de l\u2019appareil avant d\u2019assembler le tout.\u00a0Apr\u00e8s<br \/>\nl\u2019assemblage, le Dream Recorder est pr\u00eat \u00e0 l\u2019utilisation. Il suffit<br \/>\nd\u2019appuyer deux fois dessus pour lancer un enregistrement, donnant<br \/>\nla possibilit\u00e9 \u00e0 l\u2019utilisateur de se rem\u00e9morer son dernier r\u00eave \u00e0<br \/>\nhaute voix. Une fois l\u2019enregistrement termin\u00e9, l\u2019appareil<br \/>\n<strong>g\u00e9n\u00e8re le r\u00eave sur son \u00e9cran HDMI.<\/strong><\/p>\n<p>\u00ab\u00a0Dream Recorder est un portail vers votre<br \/>\nsubconscient. Cet appareil magique de chevet capture vos visions<br \/>\nnocturnes et les restitue sous forme de s\u00e9quences<br \/>\ncin\u00e9matographiques saisissantes.\u00a0\u00bb, peut-on lire <a href=\"https:\/\/modemworks.com\/projects\/dreamrecorder\/?referal=image\" target=\"_blank\" rel=\"noopener nofollow\">sur le site Web de Modem<br \/>\nWorks<\/a>.<\/p>\n<p><img loading=\"lazy\" data-lazyloaded=\"1\" decoding=\"async\" class=\"size-full wp-image-312840\" src=\"https:\/\/www.europesays.com\/fr\/wp-content\/uploads\/2025\/07\/Dream-recorder-reve.webp.webp\" alt=\"Dream recorder r\u00eave\" width=\"2048\" height=\"999\"  data-\/><br \/>\nCr\u00e9dits : Modem WorksQuel mat\u00e9riel l\u2019utilisateur doit-il acqu\u00e9rir ?<\/p>\n<p>Outre l\u2019\u00e9cran, la <strong>liste du mat\u00e9riel n\u00e9cessaire<\/strong><br \/>\ncomprend une carte micro SD, un microphone USB, un processeur de 8<br \/>\ngigaoctets, pour un co\u00fbt total d\u2019environ 285 euros. Toutefois, il<br \/>\nfaut savoir que le Dream Recorder requiert \u00e9galement le paiement de<br \/>\nl\u2019interface de programmation d\u2019applications (API) d\u2019OpenAI afin<br \/>\nd\u2019aider \u00e0 g\u00e9n\u00e9rer les images. Cependant, les prix restent assez<br \/>\nabordables, \u00e0 savoir entre 0,01 et 0,14 dollars par r\u00eave, selon la<br \/>\nqualit\u00e9 des images.<\/p>\n<p>Enfin, l\u2019initiative de Modem Works n\u2019est pas la seule \u00e0<br \/>\n<strong>tenter transcrire les r\u00eaves en images<\/strong>. Deux<br \/>\ntravaux datant de 2023 concernent en effet d\u2019autres projet.<br \/>\n<a href=\"https:\/\/www.science.org\/doi\/10.1126\/sciadv.adj3906\" target=\"_blank\" rel=\"noopener nofollow\">Le premier<\/a> est celui des ATR<br \/>\nComputational Neuroscience Laboratories (Japon), dont le syst\u00e8me<br \/>\nd\u2019IA ayant recours \u00e0 l\u2019IRM serait pr\u00e9cis \u00e0 hauteur de 60%. <a href=\"https:\/\/arxiv.org\/abs\/2305.11675\" target=\"_blank\" rel=\"noopener nofollow\">Le second<\/a> implique les universit\u00e9s de Hong Kong et<br \/>\nSingapour, dont les travaux et la pr\u00e9cision sont tr\u00e8s<br \/>\nsimilaires.<\/p>\n","protected":false},"excerpt":{"rendered":"Aux Pays-Bas, une soci\u00e9t\u00e9 affirme avoir mis au point un \u00ab\u00a0enregistreur de r\u00eaves\u00a0\u00bb. L\u2019appareil \u00e0 monter soi-m\u00eame et&hellip;\n","protected":false},"author":2,"featured_media":257948,"comment_status":"","ping_status":"","sticky":false,"template":"","format":"standard","meta":{"footnotes":""},"categories":[10],"tags":[1011,27,72,71],"class_list":{"0":"post-257947","1":"post","2":"type-post","3":"status-publish","4":"format-standard","5":"has-post-thumbnail","7":"category-sante","8":"tag-fr","9":"tag-france","10":"tag-health","11":"tag-sante"},"share_on_mastodon":{"url":"https:\/\/pubeurope.com\/@fr\/114877889559892460","error":""},"_links":{"self":[{"href":"https:\/\/www.europesays.com\/fr\/wp-json\/wp\/v2\/posts\/257947","targetHints":{"allow":["GET"]}}],"collection":[{"href":"https:\/\/www.europesays.com\/fr\/wp-json\/wp\/v2\/posts"}],"about":[{"href":"https:\/\/www.europesays.com\/fr\/wp-json\/wp\/v2\/types\/post"}],"author":[{"embeddable":true,"href":"https:\/\/www.europesays.com\/fr\/wp-json\/wp\/v2\/users\/2"}],"replies":[{"embeddable":true,"href":"https:\/\/www.europesays.com\/fr\/wp-json\/wp\/v2\/comments?post=257947"}],"version-history":[{"count":0,"href":"https:\/\/www.europesays.com\/fr\/wp-json\/wp\/v2\/posts\/257947\/revisions"}],"wp:featuredmedia":[{"embeddable":true,"href":"https:\/\/www.europesays.com\/fr\/wp-json\/wp\/v2\/media\/257948"}],"wp:attachment":[{"href":"https:\/\/www.europesays.com\/fr\/wp-json\/wp\/v2\/media?parent=257947"}],"wp:term":[{"taxonomy":"category","embeddable":true,"href":"https:\/\/www.europesays.com\/fr\/wp-json\/wp\/v2\/categories?post=257947"},{"taxonomy":"post_tag","embeddable":true,"href":"https:\/\/www.europesays.com\/fr\/wp-json\/wp\/v2\/tags?post=257947"}],"curies":[{"name":"wp","href":"https:\/\/api.w.org\/{rel}","templated":true}]}}