{"id":257964,"date":"2025-07-19T04:05:11","date_gmt":"2025-07-19T04:05:11","guid":{"rendered":"https:\/\/www.europesays.com\/fr\/257964\/"},"modified":"2025-07-19T04:05:11","modified_gmt":"2025-07-19T04:05:11","slug":"un-defi-logistique-et-des-hotels-complets-a-saint-etienne","status":"publish","type":"post","link":"https:\/\/www.europesays.com\/fr\/257964\/","title":{"rendered":"\u00ab\u00a0un d\u00e9fi logistique\u00a0\u00bb et des h\u00f4tels complets \u00e0 Saint-\u00c9tienne"},"content":{"rendered":"<p>Depuis ce vendredi 18\u00a0juillet, le stade Henri-Lux vibre au rythme des Championnats de France d\u2019athl\u00e9tisme Avenir.<\/p>\n<p>Organis\u00e9 du 18 au 20\u00a0juillet, l\u2019\u00e9v\u00e9nement attire pr\u00e8s de 10\u00a0000 spectateurs au parc de l\u2019\u00c9tivalli\u00e8re, pour soutenir les 2\u00a0600 jeunes sportifs venus des quatre coins de la France et des Outre-Mer.<\/p>\n<p>Derniers r\u00e9glages avant le top d\u00e9part<\/p>\n<p>Avant le coup d\u2019envoi, Saint-\u00c9tienne s\u2019\u00e9tait lanc\u00e9e dans une autre forme de comp\u00e9tition\u00a0: celle des pr\u00e9paratifs.<\/p>\n<p>Pendant plus d\u2019un an, le club du Coquelicot 42, s\u2019est d\u00e9men\u00e9 pour organiser ce rendez-vous national. \u00ab\u00a0C\u2019est un gros d\u00e9fi logistique pour une petite structure comme la&#8230;<\/p>\n","protected":false},"excerpt":{"rendered":"Depuis ce vendredi 18\u00a0juillet, le stade Henri-Lux vibre au rythme des Championnats de France d\u2019athl\u00e9tisme Avenir. Organis\u00e9 du&hellip;\n","protected":false},"author":2,"featured_media":257965,"comment_status":"","ping_status":"","sticky":false,"template":"","format":"standard","meta":{"footnotes":""},"categories":[9653],"tags":[1111,11,4132,2430,7539,1777,674,107,1011,27,3367,12,25,4001,7538,517],"class_list":{"0":"post-257964","1":"post","2":"type-post","3":"status-publish","4":"format-standard","5":"has-post-thumbnail","7":"category-saint-etienne","8":"tag-actu","9":"tag-actualites","10":"tag-athletisme","11":"tag-auvergne-rhone-alpes","12":"tag-edition-loire-sud","13":"tag-eu","14":"tag-europe","15":"tag-fil-info","16":"tag-fr","17":"tag-france","18":"tag-loire","19":"tag-news","20":"tag-republique-francaise","21":"tag-saint-etienne","22":"tag-saint-etienne-ville","23":"tag-sport"},"share_on_mastodon":{"url":"https:\/\/pubeurope.com\/@fr\/114877924783925277","error":""},"_links":{"self":[{"href":"https:\/\/www.europesays.com\/fr\/wp-json\/wp\/v2\/posts\/257964","targetHints":{"allow":["GET"]}}],"collection":[{"href":"https:\/\/www.europesays.com\/fr\/wp-json\/wp\/v2\/posts"}],"about":[{"href":"https:\/\/www.europesays.com\/fr\/wp-json\/wp\/v2\/types\/post"}],"author":[{"embeddable":true,"href":"https:\/\/www.europesays.com\/fr\/wp-json\/wp\/v2\/users\/2"}],"replies":[{"embeddable":true,"href":"https:\/\/www.europesays.com\/fr\/wp-json\/wp\/v2\/comments?post=257964"}],"version-history":[{"count":0,"href":"https:\/\/www.europesays.com\/fr\/wp-json\/wp\/v2\/posts\/257964\/revisions"}],"wp:featuredmedia":[{"embeddable":true,"href":"https:\/\/www.europesays.com\/fr\/wp-json\/wp\/v2\/media\/257965"}],"wp:attachment":[{"href":"https:\/\/www.europesays.com\/fr\/wp-json\/wp\/v2\/media?parent=257964"}],"wp:term":[{"taxonomy":"category","embeddable":true,"href":"https:\/\/www.europesays.com\/fr\/wp-json\/wp\/v2\/categories?post=257964"},{"taxonomy":"post_tag","embeddable":true,"href":"https:\/\/www.europesays.com\/fr\/wp-json\/wp\/v2\/tags?post=257964"}],"curies":[{"name":"wp","href":"https:\/\/api.w.org\/{rel}","templated":true}]}}