{"id":257980,"date":"2025-07-19T04:21:04","date_gmt":"2025-07-19T04:21:04","guid":{"rendered":"https:\/\/www.europesays.com\/fr\/257980\/"},"modified":"2025-07-19T04:21:04","modified_gmt":"2025-07-19T04:21:04","slug":"feu-dartifice-et-spectacle-de-drones-a-360-degres-pour-la-fete-nationale-2","status":"publish","type":"post","link":"https:\/\/www.europesays.com\/fr\/257980\/","title":{"rendered":"feu d\u2019artifice et spectacle de drones \u00e0 360 degr\u00e9s pour la F\u00eate nationale"},"content":{"rendered":"<p>Apr\u00e8s un rideau de pluie gris et terne tout au long de la journ\u00e9e, place aux <a href=\"https:\/\/www.dna.fr\/defense-guerre-conflit\/2025\/07\/13\/14-juillet-plus-de-300-personnes-defilent-depuis-la-place-de-la-republique\" target=\"_blank\" rel=\"noopener\">c\u00e9l\u00e9brations du 14-Juillet<\/a> sous des cieux plus cl\u00e9ments le soir venu.<\/p>\n<p>Plus de 50\u00a0000 spectateurs ont r\u00e9pondu pr\u00e9sent aux festivit\u00e9s, selon les estimations de la Ville.<\/p>\n<p>  Un bal populaire avant le bouquet final<\/p>\n<p>Sur la place du Mar\u00e9chal-de-Lattre-de-Tassigny, noire de monde, <a href=\"https:\/\/www.dna.fr\/culture-loisirs\/2025\/07\/09\/festivites-du-14-juillet-tournee-de-la-chouc-nos-idees-de-sorties-a-strasbourg\" target=\"_blank\" rel=\"noopener\">le duo strasbourgeois Foes &amp; June<\/a> assure l\u2019ambiance concert du bal populaire \u00e0 partir de 20\u00a0h, avant le fameux feu d\u2019artifice tir\u00e9 \u00e0 22\u00a0h\u00a030.<\/p>\n<p>Dans la foule, Le\u00efla Harkat danse au rythme endiabl\u00e9 du duo\u00a0: \u00ab\u00a0C\u2019est magnifique, c\u2019est rassembleur, hors du temps, on se r\u00e9g\u00e9n\u00e8re, on en a besoin avec l\u2019ambiance actuelle\u00a0!\u00a0\u00bb \u00c0 ses c\u00f4t\u00e9s, sa maman Zorah, 70 ans, ne d\u00e9m\u00e9rite pas sur le d\u00e9hanch\u00e9. \u00ab\u00a0Il faut en profiter, les jeunes g\u00e9n\u00e9rations risquent de ne plus conna\u00eetre \u00e7a\u00a0\u00bb, souffle la septuag\u00e9naire.<\/p>\n<p>  480 drones dans les airs<\/p>\n<p>Place au spectacle. Pendant 20 minutes, \u00e0 travers des tableaux comme \u00ab\u00a0Libert\u00e9, \u00e9galit\u00e9, fraternit\u00e9\u00a0\u00bb ou celui de l\u2019Europe avec l\u2019hymne et le drapeau, le grand feu d\u2019artifice rend un hommage color\u00e9 \u00e0 la R\u00e9publique, au continent et \u00e0 la paix dans le monde. Le blason de la ville et le mot \u00ab\u00a0Strasbourg\u00a0\u00bb en lettres capitales flottent dans le ciel. Une cigogne avec des lunettes de soleil pointe aussi le bout de son bec.<\/p>\n<p> La chanson L\u2019Oiseau et l\u2019enfant de Kids United accompagne un grand globe terrestre port\u00e9 par des mains.<\/p>\n<p>Les drones partent pour laisser la place au bouquet final. On finit sur la chanson Earth Song de Michael Jackson. Frissons dans la foule, silence et enfin applaudissements d\u00e9cha\u00een\u00e9s du public. C\u2019\u00e9tait le 14\u00a0Juillet 2025 \u00e0 Strasbourg. \u00ab\u00a0Ils ont mis le paquet cette ann\u00e9e\u00a0!\u00a0\u00bb lance une spectatrice.<\/p>\n<p>Envoy\u00e9s depuis le parc de l\u2019\u00c9toile, les tableaux a\u00e9riens ont \u00e9t\u00e9 r\u00e9alis\u00e9s par 480 drones de la soci\u00e9t\u00e9 alsacienne Exception Drones. Pour cette \u00e9dition, les tableaux \u00e9taient visibles \u00e0 360 degr\u00e9s, pour un effet panoramique r\u00e9ussi.<\/p>\n<p>L\u2019an pass\u00e9, le premier show de drones avait \u00e9merveill\u00e9 le public, <a href=\"https:\/\/www.dna.fr\/culture-loisirs\/2024\/07\/14\/quatre-cents-drones-au-milieu-des-fusees-pour-le-14-juillet\" target=\"_blank\" rel=\"noopener\">mais il fallait \u00eatre pile dans l\u2019axe de la place pour en profiter pleinement<\/a>.<\/p>\n<p>Un peu plus t\u00f4t dans la journ\u00e9e, un fauconnier a \u00e9loign\u00e9 \u00ab\u00a0la biodiversit\u00e9 du site pour le temps du spectacle et \u00e9viter les collisions, \u00e0 l\u2019aide de deux buses et un faucon\u00a0\u00bb, indique la mairie.<\/p>\n","protected":false},"excerpt":{"rendered":"Apr\u00e8s un rideau de pluie gris et terne tout au long de la journ\u00e9e, place aux c\u00e9l\u00e9brations du&hellip;\n","protected":false},"author":2,"featured_media":250358,"comment_status":"","ping_status":"","sticky":false,"template":"","format":"standard","meta":{"footnotes":""},"categories":[2820],"tags":[1111,11,1687,27337,1777,674,3326,107,1011,27,775,12,25,640],"class_list":{"0":"post-257980","1":"post","2":"type-post","3":"status-publish","4":"format-standard","5":"has-post-thumbnail","7":"category-strasbourg","8":"tag-actu","9":"tag-actualites","10":"tag-culture-loisirs","11":"tag-estivales","12":"tag-eu","13":"tag-europe","14":"tag-fete-locale","15":"tag-fil-info","16":"tag-fr","17":"tag-france","18":"tag-grand-est","19":"tag-news","20":"tag-republique-francaise","21":"tag-strasbourg"},"share_on_mastodon":{"url":"https:\/\/pubeurope.com\/@fr\/114877987722359271","error":""},"_links":{"self":[{"href":"https:\/\/www.europesays.com\/fr\/wp-json\/wp\/v2\/posts\/257980","targetHints":{"allow":["GET"]}}],"collection":[{"href":"https:\/\/www.europesays.com\/fr\/wp-json\/wp\/v2\/posts"}],"about":[{"href":"https:\/\/www.europesays.com\/fr\/wp-json\/wp\/v2\/types\/post"}],"author":[{"embeddable":true,"href":"https:\/\/www.europesays.com\/fr\/wp-json\/wp\/v2\/users\/2"}],"replies":[{"embeddable":true,"href":"https:\/\/www.europesays.com\/fr\/wp-json\/wp\/v2\/comments?post=257980"}],"version-history":[{"count":0,"href":"https:\/\/www.europesays.com\/fr\/wp-json\/wp\/v2\/posts\/257980\/revisions"}],"wp:featuredmedia":[{"embeddable":true,"href":"https:\/\/www.europesays.com\/fr\/wp-json\/wp\/v2\/media\/250358"}],"wp:attachment":[{"href":"https:\/\/www.europesays.com\/fr\/wp-json\/wp\/v2\/media?parent=257980"}],"wp:term":[{"taxonomy":"category","embeddable":true,"href":"https:\/\/www.europesays.com\/fr\/wp-json\/wp\/v2\/categories?post=257980"},{"taxonomy":"post_tag","embeddable":true,"href":"https:\/\/www.europesays.com\/fr\/wp-json\/wp\/v2\/tags?post=257980"}],"curies":[{"name":"wp","href":"https:\/\/api.w.org\/{rel}","templated":true}]}}