{"id":257998,"date":"2025-07-19T04:32:09","date_gmt":"2025-07-19T04:32:09","guid":{"rendered":"https:\/\/www.europesays.com\/fr\/257998\/"},"modified":"2025-07-19T04:32:09","modified_gmt":"2025-07-19T04:32:09","slug":"a-deux-heures-de-lille-cette-ville-est-lune-des-meilleures-destinations-en-europe-pour-un-court-sejour","status":"publish","type":"post","link":"https:\/\/www.europesays.com\/fr\/257998\/","title":{"rendered":"A deux heures de Lille, cette ville est l&rsquo;une des meilleures destinations en Europe pour un court s\u00e9jour"},"content":{"rendered":"<p>            Par<br \/>\n        <strong><br \/>\n            <a href=\"https:\/\/actu.fr\/auteur\/nicolas-demollien\" title=\"Consulter tous les articles de Nicolas Demollien\" rel=\"nofollow noopener\" target=\"_blank\">Nicolas Demollien<\/a><br \/>\n        <\/strong><\/p>\n<p>        Publi\u00e9 le<\/p>\n<p>            19 juil. 2025 \u00e0 6h18        <\/p>\n<p>Et si vous vous offriez une<b> petite escapade<\/b> dans une <b>magnifique ville<\/b> ? A <b>seulement deux heures<\/b> de <a href=\"https:\/\/actu.fr\/hauts-de-france\/lille_59350\" rel=\"nofollow noopener\" target=\"_blank\">Lille<\/a> (Nord), un site sp\u00e9cialis\u00e9 dans le tourisme a class\u00e9 une ville de <a href=\"https:\/\/actu.fr\/tag\/belgique\" rel=\"nofollow noopener\" target=\"_blank\">Belgique<\/a> parmi les <b>meilleures destinations europ\u00e9ennes pour un city break<\/b> (court s\u00e9jour). D\u00e9tails.<\/p>\n<p>Une des meilleures destinations en Europe \u00e0 deux heures de Lille<\/p>\n<p class=\" wall-content\">Cette ville, c\u2019est <b>Namur<\/b>. Le site <a href=\"https:\/\/www.europeanbestdestinations.com\/european-best-destinations-2025\/\" rel=\"nofollow noopener\" target=\"_blank\">European Best Destinations<\/a> explique son choix se portant sur cette ville : \u00ab\u00a0Namur,\u00a0 c\u2019est <b>la destination romantique et culturelle id\u00e9ale de 2025<\/b>. Avec ses <b>h\u00f4tels de charme<\/b>, ses<b> restaurants gastronomiques<\/b> haut de gamme et ses <b>bars tendance<\/b>, la ville offre une cuisine de confort typiquement belge, rehauss\u00e9e d\u2019une <b>touche artistique unique<\/b>\u00ab\u00a0.<\/p>\n<p class=\" wall-content\">Il est vrai que la ville constitue une v\u00e9ritable <b>perle<\/b>, offrant \u00e9galement un patrimoine naturel et architectural des plus riches.\u00a0<\/p>\n<p class=\" wall-content\">A commencer par sa <b>citadelle<\/b>, t\u00e9moignage du pass\u00e9, ancienne r\u00e9sidence des comtes de Namur, et <b>class\u00e9e au patrimoine de Wallonie<\/b>. \u00ab\u00a0Il est possible de visiter les impressionnants souterrains et le centre Terra Nova. Avec ses espaces verts et ses <b>vues imprenables sur la ville<\/b>, la Citadelle est un incontournable pour les amateurs de balade. Un petit train vous guide \u00e0 travers le site\u00a0\u00bb, d\u00e9taille-t-on du c\u00f4t\u00e9 de l\u2019<a href=\"https:\/\/visitwallonia.fr\/\" rel=\"nofollow noopener\" target=\"_blank\">office de tourisme de Wallonnie<\/a>.<\/p>\n<p class=\" wall-content\">On vous invit\u00e9 \u00e9galement \u00e0 vous promener dans le <b>Vieux Namur<\/b> avec ses ruelles pi\u00e9tonnes qui offrent un v\u00e9ritable <b>d\u00e9paysement<\/b>. Vous y d\u00e9couvrirez le riche patrimoine de la ville mais aussi des boutiques et terrasses des plus sympathiques.<\/p>\n<p>Vid\u00e9os : en ce moment sur Actu<\/p>\n<p class=\" wall-content\">\u00ab\u00a0C\u2019est un peu <b>un village dans la ville<\/b>, une ambiance particuli\u00e8re, rare et riche en d\u00e9couvertes\u00a0\u00bb. Remontez dans le pass\u00e9 en d\u00e9ambulant dans ces vieux quartiers, aux <b>ruelles enti\u00e8rement pi\u00e9tonnes<\/b>, ponctu\u00e9es de richesses architecturales majeures, de terrasses accueillantes et de boutiques charmantes.<\/p>\n<p>Un t\u00e9l\u00e9ph\u00e9rique pour s\u2019\u00e9lever<\/p>\n<p class=\" wall-content\">Dans le Vieux Namur, justement, ne passez pas non plus \u00e0 c\u00f4t\u00e9 du <b>mus\u00e9e Rops<\/b> consacr\u00e9 \u00e0 l\u2019artiste F\u00e9licien Rops : \u00ab\u00a0vous y d\u00e9couvrirez l\u2019histoire de sa vie, ses rencontres et ses cr\u00e9ations, comme le\u00a0c\u00e9l\u00e8bre Pornokrates\u00a0appel\u00e9 aussi La Dame au cochon\u00a0\u00bb.<\/p>\n<p class=\" wall-content\">Et pour une vue plus globale sur tous les lieux de la ville, prenez de la hauteur et rejoignez le centre-ville depuis le <b>sommet de la Citadelle gr\u00e2ce au t\u00e9l\u00e9ph\u00e9rique<\/b>. Ce simple voyage vous offrira un v\u00e9ritable moment de d\u00e9paysement.<\/p>\n<p data-end=\"2051\" data-is-only-node=\"\" class=\" wall-content\">\u00ab\u00a0Que vous la visitiez pour ses <b>vues romantiques<\/b> sur la rivi\u00e8re, son charme historique, sa sc\u00e8ne culturelle anim\u00e9e ou ses innovations de pointe, Namur est une ville en mouvement, vivante et pr\u00eate \u00e0 vous inspirer\u00a0\u00bb, conclut European Best Destinations.<\/p>\n<p class=\" wall-content\"><a href=\"https:\/\/www.instagram.com\/p\/CwzlqnYNEei\/embed\" title=\"Ouvrir le lien sur Instagram\" rel=\"nofollow noopener\" target=\"_blank\">Visualiser le contenu sur Instagram<\/a><\/p>\n<p class=\" wall-content\">Plus d\u2019infos sur le <a href=\"https:\/\/www.namurtourisme.be\/fr\/\" rel=\"nofollow noopener\" target=\"_blank\">site de l\u2019office de tourisme de Namur<\/a>.\u00a0<\/p>\n<p class=\" wall-content\">Suivez toute l\u2019actualit\u00e9 de vos villes et m\u00e9dias favoris en vous inscrivant \u00e0 <a href=\"https:\/\/moncompte.actu.fr\" title=\"D\u00e9couvez Mon Actu\" rel=\"nofollow noopener\" data-trk=\"{&quot;cta&quot;:{&quot;action&quot;:&quot;https:\\\/\\\/moncompte.actu.fr&quot;,&quot;category&quot;:&quot;mon compte&quot;,&quot;from&quot;:&quot;article footer&quot;,&quot;name&quot;:&quot;Mon actu&quot;,&quot;type&quot;:&quot;cta&quot;}}\" target=\"_blank\">Mon Actu<\/a>.<\/p>\n<p>                    <script async src=\"\/\/www.instagram.com\/embed.js\"><\/script><\/p>\n","protected":false},"excerpt":{"rendered":"Par Nicolas Demollien Publi\u00e9 le 19 juil. 2025 \u00e0 6h18 Et si vous vous offriez une petite escapade&hellip;\n","protected":false},"author":2,"featured_media":257999,"comment_status":"","ping_status":"","sticky":false,"template":"","format":"standard","meta":{"footnotes":""},"categories":[2815],"tags":[1111,11,828,1777,674,1011,27,811,1307,1652,12,25,602,586],"class_list":{"0":"post-257998","1":"post","2":"type-post","3":"status-publish","4":"format-standard","5":"has-post-thumbnail","7":"category-lille","8":"tag-actu","9":"tag-actualites","10":"tag-belgique","11":"tag-eu","12":"tag-europe","13":"tag-fr","14":"tag-france","15":"tag-hauts-de-france","16":"tag-lille","17":"tag-loisirs-culture","18":"tag-news","19":"tag-republique-francaise","20":"tag-tourisme","21":"tag-voyage"},"share_on_mastodon":{"url":"https:\/\/pubeurope.com\/@fr\/114878031042416529","error":""},"_links":{"self":[{"href":"https:\/\/www.europesays.com\/fr\/wp-json\/wp\/v2\/posts\/257998","targetHints":{"allow":["GET"]}}],"collection":[{"href":"https:\/\/www.europesays.com\/fr\/wp-json\/wp\/v2\/posts"}],"about":[{"href":"https:\/\/www.europesays.com\/fr\/wp-json\/wp\/v2\/types\/post"}],"author":[{"embeddable":true,"href":"https:\/\/www.europesays.com\/fr\/wp-json\/wp\/v2\/users\/2"}],"replies":[{"embeddable":true,"href":"https:\/\/www.europesays.com\/fr\/wp-json\/wp\/v2\/comments?post=257998"}],"version-history":[{"count":0,"href":"https:\/\/www.europesays.com\/fr\/wp-json\/wp\/v2\/posts\/257998\/revisions"}],"wp:featuredmedia":[{"embeddable":true,"href":"https:\/\/www.europesays.com\/fr\/wp-json\/wp\/v2\/media\/257999"}],"wp:attachment":[{"href":"https:\/\/www.europesays.com\/fr\/wp-json\/wp\/v2\/media?parent=257998"}],"wp:term":[{"taxonomy":"category","embeddable":true,"href":"https:\/\/www.europesays.com\/fr\/wp-json\/wp\/v2\/categories?post=257998"},{"taxonomy":"post_tag","embeddable":true,"href":"https:\/\/www.europesays.com\/fr\/wp-json\/wp\/v2\/tags?post=257998"}],"curies":[{"name":"wp","href":"https:\/\/api.w.org\/{rel}","templated":true}]}}