{"id":25800,"date":"2025-04-15T03:38:08","date_gmt":"2025-04-15T03:38:08","guid":{"rendered":"https:\/\/www.europesays.com\/fr\/25800\/"},"modified":"2025-04-15T03:38:08","modified_gmt":"2025-04-15T03:38:08","slug":"le-recit-de-lenvoyee-speciale-du-figaro","status":"publish","type":"post","link":"https:\/\/www.europesays.com\/fr\/25800\/","title":{"rendered":"le r\u00e9cit de l\u2019envoy\u00e9e sp\u00e9ciale du Figaro"},"content":{"rendered":"<p data-module=\"fig-standfirst\" data-context=\"@media (min-width:48em)\"><strong>REPORTAGE <\/strong>&#8211; Depuis que l\u2019arm\u00e9e russe a repouss\u00e9 les forces ukrainiennes hors de la r\u00e9gion frontali\u00e8re de Koursk, Soumy, ville du nord de l\u2019Ukraine, endure une intensification des frappes sur ses infrastructures civiles.<\/p>\n<p class=\"fig-paragraph fig-paragraph--dropped\">M\u00eame en\u00a0<a href=\"http:\/\/www.lefigaro.fr\/international\/les-hommes-sont-partis-beaucoup-sont-morts-en-ukraine-l-industrie-mobilise-les-femmes-20250410\" data-fig-type=\"Article\" data-gtm-custom-categorie=\"navigation\" data-gtm-custom-action=\"crossclick\" data-gtm-custom-label=\"Contextuel\" data-gtm-event=\"customEventSPE\" data-fig-domain=\"LEFIGARO\" rel=\"nofollow noopener\" target=\"_blank\">temps de guerre<\/a>, les bus continuent de circuler. En ce dimanche des Rameaux, vers 10\u00a0h\u00a020, Vira Ivanivna, 85\u00a0ans, avait pris place \u00e0 bord du bus num\u00e9ro\u00a06, en direction de l\u2019a\u00e9roport pour rentrer chez elle. L\u2019octog\u00e9naire revenait de l\u2019\u00e9glise, des branches de saule \u00e0 la main, b\u00e9nies par le pr\u00eatre comme le veut la tradition. \u00c0 ses c\u00f4t\u00e9s, Kyrylo, 13\u00a0ans, et sa m\u00e8re, Marina Lyachenko, se rendaient \u00ab\u00a0chez mamie\u00a0\u00bb pour c\u00e9l\u00e9brer ce dimanche festif pr\u00e9c\u00e9dant P\u00e2ques et marquant le d\u00e9but de la semaine sainte. Ce jour-l\u00e0, le soleil brillait enfin apr\u00e8s plusieurs jours de neige, incitant les habitants \u00e0 fl\u00e2ner dans le centre pi\u00e9tonnier pour go\u00fbter aux pr\u00e9mices du printemps.<\/p>\n<p class=\"fig-paragraph fig-paragraph--dropped\">Soudain, une premi\u00e8re explosion retentit. Une sc\u00e8ne presque banale dans cette ville situ\u00e9e \u00e0 seulement 40 kilom\u00e8tres de la fronti\u00e8re russe. Les drones Shahed hantent chaque nuit le ciel de\u00a0<a href=\"http:\/\/www.lefigaro.fr\/international\/trump-qualifie-le-bombardement-en-ukraine-d-horrible-20250414\" data-fig-type=\"NewsFlash\" data-gtm-custom-categorie=\"navigation\" data-gtm-custom-action=\"crossclick\" data-gtm-custom-label=\"Contextuel\" data-gtm-event=\"customEventSPE\" data-fig-domain=\"LEFIGARO\" rel=\"nofollow noopener\" target=\"_blank\">Soumy<\/a>, s\u2019abattant parfois sur des habitations. Cette fois-ci, la d\u00e9tonation est plus forte, mais Vira, Marina et les autres passagers\u2026<\/p>\n<p class=\"fig-premium-paywall__infos\">\n        Cet article est r\u00e9serv\u00e9 aux abonn\u00e9s.        Il vous reste 88% \u00e0 d\u00e9couvrir.\n    <\/p>\n<p>                <img  data- alt=\"Le Figaro\" class=\"fig-img--complete fig-img\"\/><\/p>\n<p class=\"fig-premium-paywall__title\">Vous avez envie de lire la suite ?<\/p>\n<p class=\"fig-premium-paywall__subtitle\">D\u00e9bloquez tous les articles imm\u00e9diatement.<\/p>\n<p class=\"fig-premium-paywall__connect\">\n                D\u00e9j\u00e0 abonn\u00e9\u00a0?                <a class=\"fig-premium-paywall__connect-link\" href=\"https:\/\/connect.lefigaro.fr\/login?client=horizon_web&amp;type=main&amp;redirect_uri=https%3A%2F%2Fwww.lefigaro.fr%2Finternational%2Fdeuil-et-colere-a-soumy-en-ukraine-apres-la-double-frappe-russe-meurtriere-le-recit-de-l-envoyee-speciale-du-figaro-20250414\" data-js-gtm=\"{&quot;customCategorie&quot;: &quot;conversion&quot;, &quot;customAction&quot;: &quot;before_Landing_Connexion_paywall_auto&quot;, &quot;customLabel&quot;: &quot;bGVmaWdhcm8uZnJfXzFmMDE5NDNkLWIzMzgtNjczZS1hOTYxLWQ5ZmFlMzY2ZmFjZF9fQXJ0aWNsZQ==_Deuil et col\u00e8re \u00e0 Soumy, en Ukraine, apr\u00e8s la double frappe russe meurtri\u00e8re: le r\u00e9cit de l\u2019envoy\u00e9e sp\u00e9ciale du &lt;i&gt;Figaro&lt;\/i&gt;_318&quot;, &quot;customIDSPE&quot;: &quot;bGVmaWdhcm8uZnJfXzFmMDE5NDNkLWIzMzgtNjczZS1hOTYxLWQ5ZmFlMzY2ZmFjZF9fQXJ0aWNsZQ==&quot;, &quot;event&quot;: &quot;customEventSPE&quot;}\" rel=\"nofollow noopener\" target=\"_blank\"><br \/>\n                    Connectez-vous<br \/>\n                <\/a>\n            <\/p>\n","protected":false},"excerpt":{"rendered":"REPORTAGE &#8211; Depuis que l\u2019arm\u00e9e russe a repouss\u00e9 les forces ukrainiennes hors de la r\u00e9gion frontali\u00e8re de Koursk,&hellip;\n","protected":false},"author":2,"featured_media":25801,"comment_status":"","ping_status":"","sticky":false,"template":"","format":"standard","meta":{"footnotes":""},"categories":[1591],"tags":[259,11,260,1887,131,14,261,12,262,1885,1886,132],"class_list":{"0":"post-25800","1":"post","2":"type-post","3":"status-publish","4":"format-standard","5":"has-post-thumbnail","7":"category-russie","8":"tag-actualite-internationale","9":"tag-actualites","10":"tag-affaires-etrangeres","11":"tag-federation-de-russie","12":"tag-guerre-en-ukraine","13":"tag-international","14":"tag-ministere-des-affaires-etrangeres","15":"tag-news","16":"tag-politique-etrangere","17":"tag-russia","18":"tag-russian-federation","19":"tag-russie"},"share_on_mastodon":{"url":"https:\/\/pubeurope.com\/@fr\/114339899229724614","error":""},"_links":{"self":[{"href":"https:\/\/www.europesays.com\/fr\/wp-json\/wp\/v2\/posts\/25800","targetHints":{"allow":["GET"]}}],"collection":[{"href":"https:\/\/www.europesays.com\/fr\/wp-json\/wp\/v2\/posts"}],"about":[{"href":"https:\/\/www.europesays.com\/fr\/wp-json\/wp\/v2\/types\/post"}],"author":[{"embeddable":true,"href":"https:\/\/www.europesays.com\/fr\/wp-json\/wp\/v2\/users\/2"}],"replies":[{"embeddable":true,"href":"https:\/\/www.europesays.com\/fr\/wp-json\/wp\/v2\/comments?post=25800"}],"version-history":[{"count":0,"href":"https:\/\/www.europesays.com\/fr\/wp-json\/wp\/v2\/posts\/25800\/revisions"}],"wp:featuredmedia":[{"embeddable":true,"href":"https:\/\/www.europesays.com\/fr\/wp-json\/wp\/v2\/media\/25801"}],"wp:attachment":[{"href":"https:\/\/www.europesays.com\/fr\/wp-json\/wp\/v2\/media?parent=25800"}],"wp:term":[{"taxonomy":"category","embeddable":true,"href":"https:\/\/www.europesays.com\/fr\/wp-json\/wp\/v2\/categories?post=25800"},{"taxonomy":"post_tag","embeddable":true,"href":"https:\/\/www.europesays.com\/fr\/wp-json\/wp\/v2\/tags?post=25800"}],"curies":[{"name":"wp","href":"https:\/\/api.w.org\/{rel}","templated":true}]}}