{"id":258000,"date":"2025-07-19T04:33:09","date_gmt":"2025-07-19T04:33:09","guid":{"rendered":"https:\/\/www.europesays.com\/fr\/258000\/"},"modified":"2025-07-19T04:33:09","modified_gmt":"2025-07-19T04:33:09","slug":"pres-de-marseille-la-justice-suspend-un-arrete-interdisant-le-port-du-burkini","status":"publish","type":"post","link":"https:\/\/www.europesays.com\/fr\/258000\/","title":{"rendered":"Pr\u00e8s de Marseille. La justice suspend un arr\u00eat\u00e9 interdisant le port du burkini"},"content":{"rendered":"<p>            Par<br \/>\n        <strong><br \/>\n            <a href=\"https:\/\/actu.fr\/auteur\/thomas-blanc\" title=\"Consulter tous les articles de Thomas Blanc\" rel=\"nofollow noopener\" target=\"_blank\">Thomas Blanc<\/a><br \/>\n        <\/strong><\/p>\n<p>        Publi\u00e9 le<\/p>\n<p>            19 juil. 2025 \u00e0 6h04        <\/p>\n<p>Il esp\u00e9rait que cela se fasse sans faire de vague. Le maire (LR) de <a href=\"https:\/\/actu.fr\/provence-alpes-cote-d-azur\/carry-le-rouet_13021\" rel=\"nofollow noopener\" target=\"_blank\">Carry-le-Rouet<\/a>, pr\u00e8s de <a href=\"https:\/\/actu.fr\/marseille\/\" rel=\"nofollow noopener\" target=\"_blank\">Marseille<\/a>, Ren\u00e9-Francis Carpentier, avait \u00e9mis un arr\u00eat\u00e9 en date du 19\u00a0juin <strong>interdisant entre autres le port du burkini<\/strong> et la mendicit\u00e9 sur le littoral.<\/p>\n<p class=\" wall-content\">Cet arr\u00eat\u00e9 n\u2019est plus d\u2019actualit\u00e9 puisque le <a href=\"https:\/\/actu.fr\/tag\/justice\" rel=\"nofollow noopener\" target=\"_blank\">tribunal administratif<\/a> de <a href=\"https:\/\/actu.fr\/marseille\/\" rel=\"nofollow noopener\" target=\"_blank\">Marseille<\/a>, saisi par la branche marseillaise de la Ligue des droits de l\u2019Homme, <strong>a suspendu les articles<\/strong> correspondant \u00e0 ces mesures.<\/p>\n<p>Pas de risque pour l\u2019hygi\u00e8ne<\/p>\n<p class=\" wall-content\">D\u2019abord pass\u00e9e inaper\u00e7ue, cette situation a \u00e9clat\u00e9 au grand jour le jour o\u00f9 une femme v\u00eatue d\u2019un <a href=\"https:\/\/actu.fr\/?s=burkini\" rel=\"nofollow noopener\" target=\"_blank\">burkini<\/a> <strong>a \u00e9t\u00e9 expuls\u00e9e\u00a0d\u2019une plage publique<\/strong> de la commune.<\/p>\n<p class=\" wall-content\">Pour la Ligue des droits de l\u2019Homme, \u00ab\u2009l\u2019arr\u00eat\u00e9 porte une atteinte grave et manifestement ill\u00e9gale aux libert\u00e9s fondamentales que sont la libert\u00e9 d\u2019aller et venir, la libert\u00e9 de conscience, la libert\u00e9 personnelle et la libert\u00e9 d\u2019utiliser et d\u2019occuper l\u2019espace public.\u2009\u00bb<\/p>\n<p>    <a href=\"https:\/\/www.google.com\/maps\/embed?pb=!1m18!1m12!1m3!1d92807.43772242387!2d5.128877177706378!3d43.37216387689544!2m3!1f0!2f0!3f0!3m2!1i1024!2i768!4f13.1!3m3!1m2!1s0x12c9ddce6acb8e71%3A0x1c900491ffad815c!2sMairie%20de%20Carry%20le%20Rouet!5e0!3m2!1sfr!2sfr!4v1752852488383!5m2!1sfr!2sfr\" title=\"Ouvrie le lien\" rel=\"nofollow noopener\" target=\"_blank\">Cliquez ici pour visualiser le contenu<\/a><\/p>\n<p>Vid\u00e9os : en ce moment sur Actu<\/p>\n<p class=\" wall-content\">La commune de Carry-le-Rouet maintenait quant \u00e0 elle l\u2019argument \u00ab\u2009d\u2019<strong>un risque pour l\u2019hygi\u00e8ne<\/strong>\u2009\u00bb que le tribunal a d\u00e9bout\u00e9.<\/p>\n<p class=\" wall-content\">\u00ab\u2009Il n\u2019est pas \u00e9tabli que le port de tenues de la nature de celles que l\u2019arr\u00eat\u00e9 en litige entend prohiber serait constitutif d\u2019un risque pour l\u2019hygi\u00e8ne ou la s\u00e9curit\u00e9 des usagers des plages, des baigneurs et des sauveteurs\u2009\u00bb, a expliqu\u00e9 la juge des r\u00e9f\u00e9r\u00e9s du tribunal administratif de Marseille dans son ordonnance \u00e9mise le 11\u00a0juillet 2025.<\/p>\n<p class=\" wall-content\">Idem pour l\u2019argument de la difficult\u00e9 de sauvetage, \u00ab\u2009aucun \u00e9l\u00e9ment produit devant le juge des r\u00e9f\u00e9r\u00e9s <strong>ne permet d\u2019\u00e9tablir la r\u00e9alit\u00e9 et l\u2019ampleur de ces difficult\u00e9s [de sauvetage]<\/strong>, et la commune ne fait valoir aucune circonstance locale de nature \u00e0 justifier l\u2019interdiction en cause sur son territoire.\u2009\u00bb<\/p>\n<p>1\u2009500\u00a0euros \u00e0 payer<\/p>\n<p class=\" wall-content\">Le tribunal administratif a d\u00e8s lors suspendu l\u2019article\u00a08 de l\u2019arr\u00eat\u00e9 interdisant le port du burkini et a condamn\u00e9 la commune de Carry-le-Rouet <strong>\u00e0 verser 1\u2009500\u00a0euros \u00e0 la Ligue des droits de l\u2019Homme<\/strong>.<\/p>\n<p class=\" wall-content\">La mairie de Carry-le-Rouet a indiqu\u00e9 \u00e0 nos confr\u00e8res du Figaro ne pas faire appel de la d\u00e9cision. Aucune tenue n\u2019est donc prohib\u00e9e sur les plages des <strong>Bouches-du-Rh\u00f4ne<\/strong> pour cet \u00e9t\u00e9\u2009!<\/p>\n<p class=\" wall-content\">Suivez toute l\u2019actualit\u00e9 de vos villes et m\u00e9dias favoris en vous inscrivant \u00e0 <a href=\"https:\/\/moncompte.actu.fr\" title=\"D\u00e9couvez Mon Actu\" rel=\"nofollow noopener\" data-trk=\"{&quot;cta&quot;:{&quot;action&quot;:&quot;https:\\\/\\\/moncompte.actu.fr&quot;,&quot;category&quot;:&quot;mon compte&quot;,&quot;from&quot;:&quot;article footer&quot;,&quot;name&quot;:&quot;Mon actu&quot;,&quot;type&quot;:&quot;cta&quot;}}\" target=\"_blank\">Mon Actu<\/a>.<\/p>\n","protected":false},"excerpt":{"rendered":"Par Thomas Blanc Publi\u00e9 le 19 juil. 2025 \u00e0 6h04 Il esp\u00e9rait que cela se fasse sans faire&hellip;\n","protected":false},"author":2,"featured_media":258001,"comment_status":"","ping_status":"","sticky":false,"template":"","format":"standard","meta":{"footnotes":""},"categories":[2814],"tags":[1111,11,1777,674,1011,27,303,884,12,882,4020,25,104],"class_list":{"0":"post-258000","1":"post","2":"type-post","3":"status-publish","4":"format-standard","5":"has-post-thumbnail","7":"category-marseille","8":"tag-actu","9":"tag-actualites","10":"tag-eu","11":"tag-europe","12":"tag-fr","13":"tag-france","14":"tag-justice","15":"tag-marseille","16":"tag-news","17":"tag-provence-alpes-cote-dazur","18":"tag-religion","19":"tag-republique-francaise","20":"tag-societe"},"share_on_mastodon":{"url":"https:\/\/pubeurope.com\/@fr\/114878034931246247","error":""},"_links":{"self":[{"href":"https:\/\/www.europesays.com\/fr\/wp-json\/wp\/v2\/posts\/258000","targetHints":{"allow":["GET"]}}],"collection":[{"href":"https:\/\/www.europesays.com\/fr\/wp-json\/wp\/v2\/posts"}],"about":[{"href":"https:\/\/www.europesays.com\/fr\/wp-json\/wp\/v2\/types\/post"}],"author":[{"embeddable":true,"href":"https:\/\/www.europesays.com\/fr\/wp-json\/wp\/v2\/users\/2"}],"replies":[{"embeddable":true,"href":"https:\/\/www.europesays.com\/fr\/wp-json\/wp\/v2\/comments?post=258000"}],"version-history":[{"count":0,"href":"https:\/\/www.europesays.com\/fr\/wp-json\/wp\/v2\/posts\/258000\/revisions"}],"wp:featuredmedia":[{"embeddable":true,"href":"https:\/\/www.europesays.com\/fr\/wp-json\/wp\/v2\/media\/258001"}],"wp:attachment":[{"href":"https:\/\/www.europesays.com\/fr\/wp-json\/wp\/v2\/media?parent=258000"}],"wp:term":[{"taxonomy":"category","embeddable":true,"href":"https:\/\/www.europesays.com\/fr\/wp-json\/wp\/v2\/categories?post=258000"},{"taxonomy":"post_tag","embeddable":true,"href":"https:\/\/www.europesays.com\/fr\/wp-json\/wp\/v2\/tags?post=258000"}],"curies":[{"name":"wp","href":"https:\/\/api.w.org\/{rel}","templated":true}]}}