{"id":258006,"date":"2025-07-19T04:36:14","date_gmt":"2025-07-19T04:36:14","guid":{"rendered":"https:\/\/www.europesays.com\/fr\/258006\/"},"modified":"2025-07-19T04:36:14","modified_gmt":"2025-07-19T04:36:14","slug":"pour-10-euros-on-mange-tres-bien","status":"publish","type":"post","link":"https:\/\/www.europesays.com\/fr\/258006\/","title":{"rendered":"Pour 10 euros, on mange tr\u00e8s bien"},"content":{"rendered":"<p>            Par<br \/>\n        <strong><br \/>\n            <a href=\"https:\/\/actu.fr\/auteur\/anthony-soudani\" title=\"Consulter tous les articles de Anthony Soudani\" rel=\"nofollow noopener\" target=\"_blank\">Anthony Soudani<\/a><br \/>\n        <\/strong><\/p>\n<p>        Publi\u00e9 le<\/p>\n<p>            19 juil. 2025 \u00e0 6h08        <\/p>\n<p>Litani, <a href=\"https:\/\/actu.fr\/auvergne-rhone-alpes\/lyon_69123\/lyon-ce-restaurant-propose-un-buffet-a-volonte-xxl-a-35-euros-pour-le-ramadan_62359720.html\" rel=\"nofollow noopener\" target=\"_blank\">restaurant de sp\u00e9cialit\u00e9s libanaises<\/a> connu \u00e0 Confluence, a ouvert en version \u00ab\u00a0street-food\u00a0\u00bb au troisi\u00e8me et dernier du centre commercial Westfield <a href=\"https:\/\/actu.fr\/auvergne-rhone-alpes\/lyon_69123\/lyon-cette-boutique-chinoise-tendance-debarque-au-centre-part-dieu-une-premiere-en-ville_62813374.html\" rel=\"nofollow noopener\" target=\"_blank\">Part-Dieu<\/a> de Lyon. Depuis d\u00e9but juillet, les premiers clients se pressent. La r\u00e9daction d\u2019actu Lyon a pu tester en exclusivit\u00e9 ce nouveau commerce qui connait d\u00e9j\u00e0 un grand succ\u00e8s, baptis\u00e9 Sesam.<\/p>\n<p>Du snacking libanais 100% halal<\/p>\n<p class=\" wall-content\">Ouvert au centre de l\u2019\u00e9tage d\u00e9di\u00e9 aux restaurants, \u00e0 c\u00f4t\u00e9 de Coco et en face de la <a href=\"https:\/\/actu.fr\/auvergne-rhone-alpes\/lyon_69123\/lyon-cette-salle-de-loisirs-xxl-et-ultra-moderne-ouvre-a-la-part-dieu_60488752.html\" rel=\"nofollow noopener\" target=\"_blank\">T\u00eate dans les nuages<\/a>, Sesam attire d\u00e9j\u00e0 plusieurs clients. Fatima et Hussein Selman, qui travaillaient sur cette ouverte depuis un an, ont r\u00e9ussi leur pari : \u00ab\u00a0Le directeur du centre \u00e9tait venu manger \u00e0 notre restaurant et nous a dit qu\u2019il nous voulait \u00e0 la Part-Dieu.\u00a0\u00bb<\/p>\n<p class=\" wall-content\">Le couple a cr\u00e9\u00e9 un kiosque de 131 m\u00b2 \u00e0 l\u2019image de son restaurant de Confluence, tout en fleurs. Cela apporte une touche vraiment diff\u00e9rente au lieu. On retrouve <strong>74 places assises.<\/strong><\/p>\n<p class=\" wall-content\">Mais c\u2019est surtout du c\u00f4t\u00e9 de la nourriture que Sesam fait la diff\u00e9rence. L\u2019offre est centr\u00e9e autour d\u2019une forme de snacking libanais 100% halal. La seule de ce type dans le centre commercial Part-Dieu.<\/p>\n<p>\u00ab\u00a0Pour 10 ou 12 euros, on mange d\u00e9j\u00e0 tr\u00e8s bien\u00a0\u00bb<\/p>\n<p class=\" wall-content\">On peut donc d\u00e9guster un Shawarma b\u0153uf \u00e0 8,50 euros (notre coup de c\u0153ur). Il y a \u00e9galement des options v\u00e9g\u00e9tariennes avec un \u00ab\u00a0roll chaud au Falafel\u00a0\u00bb. Tout est fait maison, \u00e0 part les frites en accompagnement, pour l\u2019instant. Mais il est possible de changer l\u2019accompagnement pour une salade maison, tr\u00e8s fra\u00eeche et d\u00e9licieuse.\u00a0<\/p>\n<p>Vid\u00e9os : en ce moment sur Actu<br \/>\n    <img   decoding=\"async\" loading=\"lazy\" src=\"https:\/\/www.europesays.com\/fr\/wp-content\/uploads\/2025\/07\/shawarma-sesam-lyon-part-dieu-960x640.jpeg\" alt=\"Les shawarmas sont g\u00e9n\u00e9reux et peuvent \u00eatre accompagn\u00e9s d'une tr\u00e8s bonne salade.\" width=\"960\" height=\"640\"\/><br \/>\n    Les shawarmas sont g\u00e9n\u00e9reux et peuvent \u00eatre accompagn\u00e9s d\u2019une tr\u00e8s bonne salade. (\u00a9Anthony Soudani \/ actu Lyon)<\/p>\n<p class=\" wall-content\">Le menu est<strong> autour de 12 euros en moyenne<\/strong>. \u00ab\u00a0Pour 10 ou 12 euros, on mange d\u00e9j\u00e0 tr\u00e8s bien\u00a0\u00bb, nous assure Hussein. Et il est vrai qu\u2019apr\u00e8s le Shawarma b\u0153uf, difficile de dire qu\u2019on a encore faim.<\/p>\n<p class=\" wall-content\">Pour les plus petits estomacs, des wraps froids sont propos\u00e9s avec des recettes libanaises et beaucoup de l\u00e9gumes frais. L\u00e0 encore, les prix sont comp\u00e9titifs <strong>entre 5,50 et 6,50 euros<\/strong>. La plupart sont v\u00e9g\u00e9tariens.<\/p>\n<p class=\" wall-content\">Il est par ailleurs propos\u00e9 des bowls falafel, poulet ou b\u0153uf de 11 \u00e0 13 euros. Sans oublier des empa\u00f1adas revisit\u00e9s au b\u0153uf, fromage et au poulet.\u00a0<\/p>\n<p>Un large choix de desserts<\/p>\n<p class=\" wall-content\">Encore faim ? Fatima et Hussein Selman vous proposent de terminer votre repas soit avec le baklava, cette p\u00e2tisserie orientale tr\u00e8s gourmande, soit avec des fruits ou la fameuse <strong>glace \u00e0 la fleur d\u2019oranger, pistache et cr\u00e8me de lait.<\/strong><\/p>\n<p class=\" wall-content\">Cette nouvelle adresse est ouverte tous les jours aux horaires d\u2019ouverture du centre commercial Part-Dieu. Et si les plats sont parfois gourmands, Fatima Selman insiste sur la touche \u00ab\u00a0healthy\u00a0\u00bb avec beaucoup de l\u00e9gumes frais, des salades et des sauces \u00ab\u00a0maison\u00a0\u00bb tr\u00e8s l\u00e9g\u00e8res.<\/p>\n<p>    <img   decoding=\"async\" loading=\"lazy\" src=\"https:\/\/www.europesays.com\/fr\/wp-content\/uploads\/2025\/07\/sesam-restaurant-part-dieu-lyon-960x640.jpg\" alt=\"Il y a d\u00e9j\u00e0 du monde au nouveau restaurant Sesam de Lyon Part-Dieu.\" width=\"960\" height=\"640\"\/><br \/>\n    Il y a d\u00e9j\u00e0 du monde au nouveau restaurant Sesam de Lyon Part-Dieu. (\u00a9Anthony Soudani \/ actu Lyon)<\/p>\n<p class=\" wall-content\">\u00ab\u00a0D\u2019ailleurs, nous avons une grosse client\u00e8le f\u00e9minine\u00a0\u00bb, rel\u00e8ve Hussein, en regardant la file d\u2019attente se former devant son restaurant. \u00ab\u00a0Certains clients sont d\u00e9j\u00e0 revenus 4 ou 5 fois depuis l\u2019ouverture le 1\u1d49\u02b3 juillet\u00a0\u00bb, se r\u00e9jouit le passionn\u00e9 de cuisine libanaise.<\/p>\n<p class=\" wall-content\">Suivez toute l\u2019actualit\u00e9 de vos villes et m\u00e9dias favoris en vous inscrivant \u00e0 <a href=\"https:\/\/moncompte.actu.fr\" title=\"D\u00e9couvez Mon Actu\" rel=\"nofollow noopener\" data-trk=\"{&quot;cta&quot;:{&quot;action&quot;:&quot;https:\\\/\\\/moncompte.actu.fr&quot;,&quot;category&quot;:&quot;mon compte&quot;,&quot;from&quot;:&quot;article footer&quot;,&quot;name&quot;:&quot;Mon actu&quot;,&quot;type&quot;:&quot;cta&quot;}}\" target=\"_blank\">Mon Actu<\/a>.<\/p>\n","protected":false},"excerpt":{"rendered":"Par Anthony Soudani Publi\u00e9 le 19 juil. 2025 \u00e0 6h08 Litani, restaurant de sp\u00e9cialit\u00e9s libanaises connu \u00e0 Confluence,&hellip;\n","protected":false},"author":2,"featured_media":258007,"comment_status":"","ping_status":"","sticky":false,"template":"","format":"standard","meta":{"footnotes":""},"categories":[1889],"tags":[1111,11,2430,215,1777,674,1011,27,1305,2428,6178,12,25,1340],"class_list":{"0":"post-258006","1":"post","2":"type-post","3":"status-publish","4":"format-standard","5":"has-post-thumbnail","7":"category-lyon","8":"tag-actu","9":"tag-actualites","10":"tag-auvergne-rhone-alpes","11":"tag-commerce","12":"tag-eu","13":"tag-europe","14":"tag-fr","15":"tag-france","16":"tag-lifestyle","17":"tag-lyon","18":"tag-lyon-part-dieu","19":"tag-news","20":"tag-republique-francaise","21":"tag-restaurant"},"share_on_mastodon":{"url":"https:\/\/pubeurope.com\/@fr\/114878046766709721","error":""},"_links":{"self":[{"href":"https:\/\/www.europesays.com\/fr\/wp-json\/wp\/v2\/posts\/258006","targetHints":{"allow":["GET"]}}],"collection":[{"href":"https:\/\/www.europesays.com\/fr\/wp-json\/wp\/v2\/posts"}],"about":[{"href":"https:\/\/www.europesays.com\/fr\/wp-json\/wp\/v2\/types\/post"}],"author":[{"embeddable":true,"href":"https:\/\/www.europesays.com\/fr\/wp-json\/wp\/v2\/users\/2"}],"replies":[{"embeddable":true,"href":"https:\/\/www.europesays.com\/fr\/wp-json\/wp\/v2\/comments?post=258006"}],"version-history":[{"count":0,"href":"https:\/\/www.europesays.com\/fr\/wp-json\/wp\/v2\/posts\/258006\/revisions"}],"wp:featuredmedia":[{"embeddable":true,"href":"https:\/\/www.europesays.com\/fr\/wp-json\/wp\/v2\/media\/258007"}],"wp:attachment":[{"href":"https:\/\/www.europesays.com\/fr\/wp-json\/wp\/v2\/media?parent=258006"}],"wp:term":[{"taxonomy":"category","embeddable":true,"href":"https:\/\/www.europesays.com\/fr\/wp-json\/wp\/v2\/categories?post=258006"},{"taxonomy":"post_tag","embeddable":true,"href":"https:\/\/www.europesays.com\/fr\/wp-json\/wp\/v2\/tags?post=258006"}],"curies":[{"name":"wp","href":"https:\/\/api.w.org\/{rel}","templated":true}]}}