{"id":258011,"date":"2025-07-19T04:41:10","date_gmt":"2025-07-19T04:41:10","guid":{"rendered":"https:\/\/www.europesays.com\/fr\/258011\/"},"modified":"2025-07-19T04:41:10","modified_gmt":"2025-07-19T04:41:10","slug":"andre-vingt-trois-ancien-archeveque-de-paris-est-mort-a-82-ans","status":"publish","type":"post","link":"https:\/\/www.europesays.com\/fr\/258011\/","title":{"rendered":"Andr\u00e9 Vingt-Trois, ancien archev\u00eaque de Paris, est mort \u00e0 82\u00a0ans"},"content":{"rendered":"<p class=\"paragraph text_align_left lp-f-body-02\"><a href=\"https:\/\/www.leparisien.fr\/societe\/les-verites-de-mgr-vingt-trois-19-12-2017-7462488.php\" target=\"_blank\" rel=\"noreferrer noopener\">Le cardinal Andr\u00e9 Vingt-Trois<\/a>, qui fut archev\u00eaque de Paris entre 2005 et 2017, est mort ce vendredi \u00e0 l\u2019\u00e2ge de 82 ans, a annonc\u00e9 l\u2019actuel archev\u00eaque de Paris, Laurent Ulrich. <\/p>\n<p class=\"paragraph text_align_left lp-f-body-02\">\u00ab Aujourd\u2019hui, en d\u00e9but d\u2019apr\u00e8s-midi, le Cardinal Andr\u00e9 Vingt-Trois est retourn\u00e9 aupr\u00e8s de Dieu \u00bb, a \u00e9crit Mgr Ulrich dans un communiqu\u00e9, en annon\u00e7ant le d\u00e9c\u00e8s de celui qui fut aussi pr\u00e9sident de la Conf\u00e9rence des \u00e9v\u00eaques de France.<\/p>\n<p class=\"paragraph text_align_left lp-f-body-02\">N\u00e9 le 7 novembre 1942 \u00e0 Paris dans une famille catholique mais pas pratiquante, ordonn\u00e9 pr\u00eatre en 1969, Andr\u00e9 Vingt-Trois est nomm\u00e9 archev\u00eaque de Tours en 1999. Il succ\u00e8de en 2005 \u00e0 Jean-Marie Lustiger comme archev\u00eaque de Paris, et est cr\u00e9\u00e9 cardinal en 2007 par le pape Beno\u00eet XVI. La m\u00eame ann\u00e9e il devient pr\u00e9sident de la Conf\u00e9rence des \u00e9v\u00eaques de France (CEF), pour deux mandats o\u00f9 il n\u2019h\u00e9sitera pas \u00e0 descendre dans l\u2019ar\u00e8ne sur les sujets de soci\u00e9t\u00e9.<\/p>\n<p>\u00ab Un homme avec beaucoup d\u2019humour, parfois assez piquant, caustique, mais jamais m\u00e9chant \u00bb<\/p>\n<p class=\"paragraph text_align_left lp-f-body-02\">\u00ab Pour beaucoup d\u2019entre nous, pr\u00eatres, diacres, fid\u00e8les de Paris, il fut bien plus que notre archev\u00eaque, mais un pasteur, un p\u00e8re, un exemple \u00bb, a soulign\u00e9 Mgr Ulrich, en rendant hommage \u00e0 l\u2019archev\u00eaque \u00e9m\u00e9rite de Paris qui souffrait depuis plusieurs ann\u00e9es du syndrome neurologique de Guillain-Barr\u00e9.<\/p>\n<p class=\"paragraph text_align_left lp-f-body-02\">\u00ab C\u2019est quelqu\u2019un pour qui j\u2019avais beaucoup d\u2019affection \u00bb, raconte Karine Dalle, ex-directrice de communication du dioc\u00e8se de Paris, qui avait \u00e9t\u00e9 recrut\u00e9e par Andr\u00e9 Vingt-Trois en 2016. \u00ab C\u2019\u00e9tait l\u2019entretien le plus court de ma vie. Il \u00e9tait taiseux, posait peu de questions. Je me disais : comment on va r\u00e9ussir \u00e0 tenir 20 minutes ? Il est devenu mon patron. \u00bb<\/p>\n<p class=\"paragraph text_align_left lp-f-body-02\">\u00ab Je garde de lui le souvenir d\u2019un homme discret, le mot qui le caract\u00e9rise le mieux, c\u2019est un homme libre, attach\u00e9 \u00e0 aucune contingence immat\u00e9rielle ou honorifique \u00bb, confie de son c\u00f4t\u00e9 P\u00e8re Thuillier, son secr\u00e9taire de toujours. \u00ab C\u2019\u00e9tait un homme avec beaucoup d\u2019humour, parfois assez piquant, caustique, mais jamais m\u00e9chant \u00bb, poursuit-il.<\/p>\n<p class=\"paragraph text_align_left lp-f-body-02\">\u00ab C\u2019\u00e9tait un homme tr\u00e8s appr\u00e9ci\u00e9 par le clerg\u00e9 parisien, attachant, un blagueur qui pouvait donner l\u2019impression d\u2019une forme de cynisme et de d\u00e9tachement mais en r\u00e9alit\u00e9, il s\u2019int\u00e9ressait profond\u00e9ment aux autres et aux situations \u00bb, t\u00e9moigne de son c\u00f4t\u00e9 Antoine-Marie Izoard, directeur de la r\u00e9daction de Famille chr\u00e9tienne. \u00ab C\u2019\u00e9tait quelqu\u2019un de bon, un grand travailleur, tr\u00e8s intelligent, une figure. \u00bb<\/p>\n<p>Une messe en son honneur ce vendredi soirMgr Ulrich a demand\u00e9 \u00ab qu\u2019\u00e0 17 heures aujourd\u2019hui (vendredi), le bourdon de notre cath\u00e9drale Notre-Dame de Paris et les cloches de toutes les \u00e9glises paroissiales de notre dioc\u00e8se sonnent en glas un coup pour chacune de ses 82 ann\u00e9es \u00bb.<\/p>\n<p class=\"paragraph text_align_left lp-f-body-02\">La messe de 18 heures \u00e0 Notre-Dame sera c\u00e9l\u00e9br\u00e9e \u00e0 son intention, et d\u2019autres le seront dans les \u00e9glises parisiennes samedi et les jours suivant, a \u00e9galement annonc\u00e9 l\u2019archev\u00eaque. Un livre de condol\u00e9ances sera \u00e9galement ouvert sur le site internet du dioc\u00e8se de Paris.<\/p>\n","protected":false},"excerpt":{"rendered":"Le cardinal Andr\u00e9 Vingt-Trois, qui fut archev\u00eaque de Paris entre 2005 et 2017, est mort ce vendredi \u00e0&hellip;\n","protected":false},"author":2,"featured_media":258012,"comment_status":"","ping_status":"","sticky":false,"template":"","format":"standard","meta":{"footnotes":""},"categories":[1888],"tags":[11,1777,674,1011,27,12,626,11725,25,104],"class_list":{"0":"post-258011","1":"post","2":"type-post","3":"status-publish","4":"format-standard","5":"has-post-thumbnail","7":"category-paris","8":"tag-actualites","9":"tag-eu","10":"tag-europe","11":"tag-fr","12":"tag-france","13":"tag-news","14":"tag-paris","15":"tag-religions","16":"tag-republique-francaise","17":"tag-societe"},"share_on_mastodon":{"url":"https:\/\/pubeurope.com\/@fr\/114878066441005576","error":""},"_links":{"self":[{"href":"https:\/\/www.europesays.com\/fr\/wp-json\/wp\/v2\/posts\/258011","targetHints":{"allow":["GET"]}}],"collection":[{"href":"https:\/\/www.europesays.com\/fr\/wp-json\/wp\/v2\/posts"}],"about":[{"href":"https:\/\/www.europesays.com\/fr\/wp-json\/wp\/v2\/types\/post"}],"author":[{"embeddable":true,"href":"https:\/\/www.europesays.com\/fr\/wp-json\/wp\/v2\/users\/2"}],"replies":[{"embeddable":true,"href":"https:\/\/www.europesays.com\/fr\/wp-json\/wp\/v2\/comments?post=258011"}],"version-history":[{"count":0,"href":"https:\/\/www.europesays.com\/fr\/wp-json\/wp\/v2\/posts\/258011\/revisions"}],"wp:featuredmedia":[{"embeddable":true,"href":"https:\/\/www.europesays.com\/fr\/wp-json\/wp\/v2\/media\/258012"}],"wp:attachment":[{"href":"https:\/\/www.europesays.com\/fr\/wp-json\/wp\/v2\/media?parent=258011"}],"wp:term":[{"taxonomy":"category","embeddable":true,"href":"https:\/\/www.europesays.com\/fr\/wp-json\/wp\/v2\/categories?post=258011"},{"taxonomy":"post_tag","embeddable":true,"href":"https:\/\/www.europesays.com\/fr\/wp-json\/wp\/v2\/tags?post=258011"}],"curies":[{"name":"wp","href":"https:\/\/api.w.org\/{rel}","templated":true}]}}