{"id":258017,"date":"2025-07-19T04:44:09","date_gmt":"2025-07-19T04:44:09","guid":{"rendered":"https:\/\/www.europesays.com\/fr\/258017\/"},"modified":"2025-07-19T04:44:09","modified_gmt":"2025-07-19T04:44:09","slug":"kirill-boudanov-lespion-populaire-au-coeur-des-intrigues-politiques-en-ukraine","status":"publish","type":"post","link":"https:\/\/www.europesays.com\/fr\/258017\/","title":{"rendered":"Kirill Boudanov, l\u2019espion populaire au c\u0153ur des intrigues politiques en Ukraine"},"content":{"rendered":"<p><strong>PORTRAIT &#8211;<\/strong> Le chef du renseignement militaire ukrainien (GUR) cacherait des ambitions pr\u00e9sidentielles selon le m\u00e9dia Intelligence Online. Aupr\u00e8s des Ukrainiens, la cote de confiance de ce jeune g\u00e9n\u00e9ral de 39 ans, surnomm\u00e9 \u00abl\u2019homme sans sourire\u00bb, d\u00e9passe celle de Volodymyr Zelensky.<\/p>\n<p class=\"fig-paragraph\">Son visage presque juv\u00e9nile, durci par la coupe militaire et une mine \u00e9ternellement blas\u00e9e, est devenu familier des Ukrainiens. Ils le surnomment \u00abl\u2019homme sans sourire\u00bb, ou <strong>\u00ab<\/strong>Bouddhanov\u00bb, en r\u00e9f\u00e9rence au dieu asiatique ma\u00eetre de la m\u00e9ditation, pour son flegme apparent. Voil\u00e0 trois ans que\u00a0<a href=\"http:\/\/www.lefigaro.fr\/international\/il-n-y-a-pas-un-seul-element-prouvant-la-mort-de-prigojine-les-confessions-de-boudanov-le-chef-du-renseignement-militaire-ukrainien-20240122\" target=\"_blank\" data-fig-type=\"NewsFlash\" rel=\"noopener nofollow\" data-gtm-custom-categorie=\"navigation\" data-gtm-custom-action=\"crossclick\" data-gtm-custom-label=\"Contextuel\" data-gtm-event=\"customEventSPE\" data-fig-domain=\"LEFIGARO\">Kirill Boudanov<\/a>, 39 ans, patron du renseignement militaire ukrainien (<a href=\"http:\/\/www.lefigaro.fr\/international\/defense-aerienne-renseignement-missiles-ces-lacunes-des-armees-europeennes-pour-prendre-le-relais-des-etats-unis-en-ukraine-20250303\" target=\"_blank\" data-fig-type=\"Article\" rel=\"noopener nofollow\" data-gtm-custom-categorie=\"navigation\" data-gtm-custom-action=\"crossclick\" data-gtm-custom-label=\"Contextuel\" data-gtm-event=\"customEventSPE\" data-fig-domain=\"LEFIGARO\">GUR<\/a>), dirige des op\u00e9rations de terrain aussi audacieuses que cruciales. Son nom a circul\u00e9 apr\u00e8s la spectaculaire explosion du pont de Kertch qui relie la Crim\u00e9e \u00e0 la Russie, en octobre 2022. Ou encore, apr\u00e8s la frappe de drone qui toucha une raffinerie \u00e0 Saint-P\u00e9tersbourg en janvier 2023, \u00e0 des centaines de kilom\u00e8tres du front.<\/p>\n<p class=\"fig-paragraph\">Ce m\u00eame nom commence \u00e0 p\u00e9n\u00e9trer les arcanes de la politique \u00e0 Kiev. Ce mardi, le m\u00e9dia fran\u00e7ais\u00a0<a href=\"https:\/\/www.intelligenceonline.fr\/renseignement-d-etat\/2025\/07\/14\/le-chef-du-renseignement-ukrainien-songe-a-faire-son-entree-dans-l-arene-politique,110477013-art\" target=\"_blank\" rel=\"noopener nofollow\" data-gtm-custom-categorie=\"navigation\" data-gtm-custom-action=\"crossclick\" data-gtm-custom-label=\"Contextuel\" data-gtm-event=\"customEventSPE\">Intelligence Online<\/a>, sp\u00e9cialis\u00e9 dans le renseignement, expliquait comment une ONG de soutien aux v\u00e9t\u00e9rans, officiellement \u00e0 but non lucratif et pilot\u00e9e par le porte-parole du GUR Andriy Ioussov, constitue en r\u00e9alit\u00e9 pour\u2026<\/p>\n<p class=\"fig-premium-paywall__infos\">\n        Cet article est r\u00e9serv\u00e9 aux abonn\u00e9s.        Il vous reste 89% \u00e0 d\u00e9couvrir.\n    <\/p>\n<p>                <img  data- alt=\"Le Figaro\" class=\"fig-img--complete fig-img\"\/><\/p>\n<p class=\"fig-premium-paywall__title\">Vous avez envie de lire la suite ?<\/p>\n<p class=\"fig-premium-paywall__subtitle\">D\u00e9bloquez tous les articles imm\u00e9diatement.<\/p>\n<p class=\"fig-premium-paywall__connect\">\n                D\u00e9j\u00e0 abonn\u00e9\u00a0?                <a class=\"fig-premium-paywall__connect-link\" href=\"https:\/\/connect.lefigaro.fr\/login?client=horizon_web&amp;type=main&amp;redirect_uri=https%3A%2F%2Fwww.lefigaro.fr%2Finternational%2Fkirill-boudanov-l-espion-populaire-au-coeur-des-intrigues-politiques-en-ukraine-20250719\" data-js-gtm=\"{&quot;customCategorie&quot;: &quot;conversion&quot;, &quot;customAction&quot;: &quot;before_Landing_Connexion_paywall_auto&quot;, &quot;customLabel&quot;: &quot;bGVmaWdhcm8uZnJfXzFmMDYxNTM4LTU2YmYtNmNkZS05MTNkLThiMzU3N2Q3NGM1OV9fQXJ0aWNsZQ==_Kirill Boudanov, l\u2019espion populaire au c\u0153ur des intrigues politiques en Ukraine_312&quot;, &quot;customIDSPE&quot;: &quot;bGVmaWdhcm8uZnJfXzFmMDYxNTM4LTU2YmYtNmNkZS05MTNkLThiMzU3N2Q3NGM1OV9fQXJ0aWNsZQ==&quot;, &quot;event&quot;: &quot;customEventSPE&quot;}\" rel=\"nofollow noopener\" target=\"_blank\"><br \/>\n                    Connectez-vous<br \/>\n                <\/a>\n            <\/p>\n","protected":false},"excerpt":{"rendered":"PORTRAIT &#8211; Le chef du renseignement militaire ukrainien (GUR) cacherait des ambitions pr\u00e9sidentielles selon le m\u00e9dia Intelligence Online.&hellip;\n","protected":false},"author":2,"featured_media":258018,"comment_status":"","ping_status":"","sticky":false,"template":"","format":"standard","meta":{"footnotes":""},"categories":[1590],"tags":[11,1777,674,12,220,134],"class_list":{"0":"post-258017","1":"post","2":"type-post","3":"status-publish","4":"format-standard","5":"has-post-thumbnail","7":"category-ukraine","8":"tag-actualites","9":"tag-eu","10":"tag-europe","11":"tag-news","12":"tag-ukraine","13":"tag-volodymyr-zelensky"},"share_on_mastodon":{"url":"https:\/\/pubeurope.com\/@fr\/114878078189829743","error":""},"_links":{"self":[{"href":"https:\/\/www.europesays.com\/fr\/wp-json\/wp\/v2\/posts\/258017","targetHints":{"allow":["GET"]}}],"collection":[{"href":"https:\/\/www.europesays.com\/fr\/wp-json\/wp\/v2\/posts"}],"about":[{"href":"https:\/\/www.europesays.com\/fr\/wp-json\/wp\/v2\/types\/post"}],"author":[{"embeddable":true,"href":"https:\/\/www.europesays.com\/fr\/wp-json\/wp\/v2\/users\/2"}],"replies":[{"embeddable":true,"href":"https:\/\/www.europesays.com\/fr\/wp-json\/wp\/v2\/comments?post=258017"}],"version-history":[{"count":0,"href":"https:\/\/www.europesays.com\/fr\/wp-json\/wp\/v2\/posts\/258017\/revisions"}],"wp:featuredmedia":[{"embeddable":true,"href":"https:\/\/www.europesays.com\/fr\/wp-json\/wp\/v2\/media\/258018"}],"wp:attachment":[{"href":"https:\/\/www.europesays.com\/fr\/wp-json\/wp\/v2\/media?parent=258017"}],"wp:term":[{"taxonomy":"category","embeddable":true,"href":"https:\/\/www.europesays.com\/fr\/wp-json\/wp\/v2\/categories?post=258017"},{"taxonomy":"post_tag","embeddable":true,"href":"https:\/\/www.europesays.com\/fr\/wp-json\/wp\/v2\/tags?post=258017"}],"curies":[{"name":"wp","href":"https:\/\/api.w.org\/{rel}","templated":true}]}}