{"id":258020,"date":"2025-07-19T04:46:20","date_gmt":"2025-07-19T04:46:20","guid":{"rendered":"https:\/\/www.europesays.com\/fr\/258020\/"},"modified":"2025-07-19T04:46:20","modified_gmt":"2025-07-19T04:46:20","slug":"londres-se-joint-aux-nouvelles-sanctions-de-lue-contre-le-petrole-russe","status":"publish","type":"post","link":"https:\/\/www.europesays.com\/fr\/258020\/","title":{"rendered":"Londres se joint aux nouvelles sanctions de l&rsquo;UE contre le p\u00e9trole russe"},"content":{"rendered":"<p class=\"fig-paragraph\">Le Royaume-Uni a annonc\u00e9 vendredi se joindre aux nouvelles sanctions contre le p\u00e9trole russe rendues publiques dans la matin\u00e9e par<a href=\"http:\/\/www.lefigaro.fr\/conjoncture\/l-union-europeenne-annonce-un-budget-en-forte-hausse-de-2000-milliards-d-euros-sur-sept-ans-20250716\" data-fig-type=\"NewsFlash\" data-gtm-custom-categorie=\"navigation\" data-gtm-custom-action=\"crossclick\" data-gtm-custom-label=\"Contextuel\" data-gtm-event=\"customEventSPE\" data-fig-domain=\"LEFIGARO\" target=\"_blank\" rel=\"noopener\">\u00a0l&rsquo;Union europ\u00e9enne\u00a0<\/a>qui pr\u00e9voient d&rsquo;abaisser le plafond du prix du p\u00e9trole russe export\u00e9.<\/p>\n<p class=\"fig-paragraph\">\u00abNous frappons le c\u0153ur du secteur \u00e9nerg\u00e9tique russe aux c\u00f4t\u00e9s de l&rsquo;UE\u00bb, a d\u00e9clar\u00e9 le chef de la diplomatie\u00a0<a href=\"http:\/\/www.lefigaro.fr\/vox\/monde\/jean-noel-barrot-et-david-lammy-luttons-contre-la-poutinisation-du-monde-20241121\" data-fig-type=\"Article\" data-gtm-custom-categorie=\"navigation\" data-gtm-custom-action=\"crossclick\" data-gtm-custom-label=\"Contextuel\" data-gtm-event=\"customEventSPE\" data-fig-domain=\"LEFIGARO\" target=\"_blank\" rel=\"noopener\">David Lammy<\/a>\u00a0dans un communiqu\u00e9. \u00abEnsemble, nous continuerons d&rsquo;exercer une pression incessante sur Poutine, en asphyxiant son industrie p\u00e9troli\u00e8re strat\u00e9gique et en coupant le financement de sa guerre ill\u00e9gale en Ukraine.\u00bb<\/p>\n<p>                                    <a class=\"fig-a11y-skip a11y-hidden\" href=\"#fig-a11y-skip-main-inarticle\"><br \/>\n        Passer la publicit\u00e9<br \/>\n    <\/a><\/p>\n<p class=\"fig-paragraph\">Plus d\u2019informations \u00e0 venir&#8230;<\/p>\n","protected":false},"excerpt":{"rendered":"Le Royaume-Uni a annonc\u00e9 vendredi se joindre aux nouvelles sanctions contre le p\u00e9trole russe rendues publiques dans la&hellip;\n","protected":false},"author":2,"featured_media":258021,"comment_status":"","ping_status":"","sticky":false,"template":"","format":"standard","meta":{"footnotes":""},"categories":[1588],"tags":[11,1777,674,12,844,473,1853,132,1851,1850,1852],"class_list":{"0":"post-258020","1":"post","2":"type-post","3":"status-publish","4":"format-standard","5":"has-post-thumbnail","7":"category-royaume-uni","8":"tag-actualites","9":"tag-eu","10":"tag-europe","11":"tag-news","12":"tag-petrole","13":"tag-royaume-uni","14":"tag-royaume-uni-de-grande-bretagne-et-dirlande-du-nord","15":"tag-russie","16":"tag-uk","17":"tag-united-kingdom","18":"tag-united-kingdom-of-great-britain-and-northern-ireland"},"share_on_mastodon":{"url":"https:\/\/pubeurope.com\/@fr\/114878086088952660","error":""},"_links":{"self":[{"href":"https:\/\/www.europesays.com\/fr\/wp-json\/wp\/v2\/posts\/258020","targetHints":{"allow":["GET"]}}],"collection":[{"href":"https:\/\/www.europesays.com\/fr\/wp-json\/wp\/v2\/posts"}],"about":[{"href":"https:\/\/www.europesays.com\/fr\/wp-json\/wp\/v2\/types\/post"}],"author":[{"embeddable":true,"href":"https:\/\/www.europesays.com\/fr\/wp-json\/wp\/v2\/users\/2"}],"replies":[{"embeddable":true,"href":"https:\/\/www.europesays.com\/fr\/wp-json\/wp\/v2\/comments?post=258020"}],"version-history":[{"count":0,"href":"https:\/\/www.europesays.com\/fr\/wp-json\/wp\/v2\/posts\/258020\/revisions"}],"wp:featuredmedia":[{"embeddable":true,"href":"https:\/\/www.europesays.com\/fr\/wp-json\/wp\/v2\/media\/258021"}],"wp:attachment":[{"href":"https:\/\/www.europesays.com\/fr\/wp-json\/wp\/v2\/media?parent=258020"}],"wp:term":[{"taxonomy":"category","embeddable":true,"href":"https:\/\/www.europesays.com\/fr\/wp-json\/wp\/v2\/categories?post=258020"},{"taxonomy":"post_tag","embeddable":true,"href":"https:\/\/www.europesays.com\/fr\/wp-json\/wp\/v2\/tags?post=258020"}],"curies":[{"name":"wp","href":"https:\/\/api.w.org\/{rel}","templated":true}]}}