{"id":258022,"date":"2025-07-19T04:47:11","date_gmt":"2025-07-19T04:47:11","guid":{"rendered":"https:\/\/www.europesays.com\/fr\/258022\/"},"modified":"2025-07-19T04:47:11","modified_gmt":"2025-07-19T04:47:11","slug":"euro-2025-larmada-offensive-des-bleues-a-lepreuve-de-lallemagne-pour-une-place-dans-le-dernier-carre","status":"publish","type":"post","link":"https:\/\/www.europesays.com\/fr\/258022\/","title":{"rendered":"Euro 2025\u00a0: l\u2019armada offensive des Bleues \u00e0 l\u2019\u00e9preuve de l\u2019Allemagne pour une place dans le dernier carr\u00e9"},"content":{"rendered":"<p>Les chiffres parlent d\u2019eux-m\u00eames\u00a0: 3 victoires en 3 matchs, 9 points glan\u00e9s et une premi\u00e8re place dans le groupe le plus relev\u00e9 de la comp\u00e9tition avec l\u2019Angleterre championne d\u2019Europe en titre battue 2-1, <a href=\"https:\/\/www.humanite.fr\/sports\/bleues\/euro-feminin-2025-avec-une-troisieme-victoire-consecutive-en-ligne-de-mire-les-bleues-visent-le-carton-plein-contre-les-pays-bas\" target=\"_blank\" rel=\"noopener\">les Pays-Bas, vainqueur de l\u2019Euro 2017, balay\u00e9s 5-2<\/a> apr\u00e8s avoir corrig\u00e9 le Pays de Galles 4-1.<\/p>\n<p>Soit un total de 11 buts inscrits depuis le d\u00e9but de l\u2019Euro 2025 en Suisse. Deuxi\u00e8me meilleure attaque dans cette phase de poules, derri\u00e8re l\u2019Espagne (14) et ex aequo avec les Anglaises, les Bleues abordent le quart de finale face \u00e0 l\u2019Allemagne, ce samedi 19\u00a0juillet (TF1, 20\u00a0h\u00a050) \u00e0 B\u00e2le, avec le plein de confiance.<\/p>\n<p>Elles en ont besoin car en termes de statistiques face \u00e0 la Mannschaft, l\u2019\u00e9quipe de France affiche un bilan peu reluisant. En cinq rencontres dans des comp\u00e9titions majeures (Euro, Coupe du monde et Jeux olympiques), les Fran\u00e7aises ont perdu quatre fois et obtenu un nul.\u00a0Si on ne regarde que le Championnat d\u2019Europe des nations, l\u2019Allemagne l\u2019a emport\u00e9 \u00e0 trois reprises en trois confrontations\u2026<\/p>\n<p>\u00ab\u00a0Pas de complexe d\u2019inf\u00e9riorit\u00e9\u00a0\u00bb<\/p>\n<p>Pas un probl\u00e8me pour <a href=\"https:\/\/www.humanite.fr\/sports\/bleues\/delphine-cascarino-designee-joueuse-du-match-pour-la-premiere-victoire-des-bleues-a-leuro-2025\" target=\"_blank\" rel=\"noopener\">Delphine Cascarino<\/a>. L\u2019attaquante tricolore de 28\u00a0ans ne nourrit \u00ab\u00a0pas de complexe d\u2019inf\u00e9riorit\u00e9\u00a0\u00bb par rapport \u00e0 l\u2019Allemagne. Les Allemandes \u00ab\u00a0ont leur pass\u00e9, leur palmar\u00e8s, souligne celle qui est en grande forme depuis le d\u00e9but de la comp\u00e9tition avec 2 buts et 2 passes d\u00e9cisives. Je ne me souvenais pas d\u2019autant de d\u00e9faites car je ne jouais pas, mais c\u2019est \u00e0 nous de cr\u00e9er notre histoire. On va tout faire pour renverser la tendance.\u00a0\u00bb<\/p>\n<p>Avec ce qu\u2019elles ont montr\u00e9 ces derniers mois et depuis le d\u00e9but l\u2019Euro, les joueuses de Laurent Bonadei, ancien adjoint d\u2019Herv\u00e9 Renard auquel il a succ\u00e9d\u00e9 en ao\u00fbt 2024 apr\u00e8s l\u2019\u00e9limination en quart de finale des JO, en ont les moyens. Avec pas moins de 8 joueuses \u00e0 vocation offensive retenues pour le tournoi, le s\u00e9lectionneur s\u2019est en effet donn\u00e9 les capacit\u00e9s de faire parler la poudre.<\/p>\n<p>\u00ab\u00a0D\u00e8s octobre, je disais que je voulais une \u00e9quipe p\u00e9tillante, spectaculaire et offensive car je pr\u00f4ne un jeu de possession vers l\u2019offensive, avec un parfait \u00e9quilibre, explique le s\u00e9lectionneur. On a mis 41 buts en quinze matchs, soit plus de 2,5 buts par matchs. Il faut r\u00e9ussir \u00e0 conserver cela parce que nos adversaires vont essayer de ne pas prendre de but contre nous (en d\u00e9fendant \u2013 NDLR) donc on pourra davantage imposer notre rythme et notre philosophie.\u00a0\u00bb<\/p>\n<p>Un nombre dit d\u2019ailleurs beaucoup de choses de cette armada offensive\u00a0: les 11 buts inscrits en 3 matchs l\u2019ont \u00e9t\u00e9 par 9 buteuses diff\u00e9rentes. \u00ab\u00a0Le danger peut venir de partout\u00a0\u00bb, indique Laurent Bonadei. Et d\u2019ajouter\u00a0: \u00ab\u00a0J\u2019ai huit joueuses offensives donc quand on n\u2019a que trois postes cela fait beaucoup de joueuses dans l\u2019attente mais cela cr\u00e9e une bonne \u00e9mulation et m\u2019offre beaucoup de possibilit\u00e9s.\u00a0\u00bb<\/p>\n<p>Comme il l\u2019avait promis avant l\u2019Euro, le coach r\u00e9alise une \u00ab\u00a0forte rotation sur ces trois postes, en fonction des adversaires\u00a0\u00bb pour s\u2019adapter \u00e0 leur jeu mais aussi parce qu\u2019en pressant haut et fort, pour mieux se projeter vers l\u2019avant d\u00e8s la r\u00e9cup\u00e9ration du ballon, les joueuses fatiguent plus vite. Un premier rideau d\u00e9fensif des attaquantes qui \u00ab\u00a0demande de l\u2019\u00e9nergie\u00a0\u00bb, comme le pr\u00e9cise l\u2019aili\u00e8re gauche Delphine Cascarino.<\/p>\n<p>Concurrence et compl\u00e9mentarit\u00e9<\/p>\n<p>\u00ab\u00a0La concurrence, c\u2019est positif pour l\u2019\u00e9quipe, je l\u2019ai v\u00e9cue \u00e0 l\u2019OL, je le vis tout au long de ma carri\u00e8re, poursuit celle qui \u00e9volue dans le championnat am\u00e9ricain (NWSL) depuis l\u2019\u00e9t\u00e9 dernier au Wave de San Diego en Californie. On a besoin de \u00e7a, il faut des joueuses capables de tenir le rythme sur des matchs \u00e0 haute intensit\u00e9. Plus il y a de concurrence, mieux c\u2019est, parce que, quoi qu\u2019il arrive, celles qui jouent devront se donner \u00e0 100\u00a0%.\u00a0\u00bb<\/p>\n<p>Une concurrence saine qui semble convenir \u00e0 toutes comme en t\u00e9moigne la bonne ambiance sur et en dehors du terrain et les r\u00e9sultats. Rempla\u00e7ante lors du succ\u00e8s initial contre les Anglaises, Clara Mateo (27\u00a0ans) a \u00e9t\u00e9 titularis\u00e9e dans l\u2019axe \u00e0 la place de Marie-Antoinette Katoto face au Pays de Galles avec \u00e0 la clef un but, un penalty provoqu\u00e9, une passe d\u00e9cisive et un dernier but sur lequel cette joueuse polyvalente est \u00e0 l\u2019origine.<\/p>\n<p>Pour Marie-Antoinette Katoto (OL), cette alternance avec la joueuse du PFC, \u00e9lue meilleure joueuse du championnat de France cette saison, est bonne pour l\u2019\u00e9quipe. \u00ab\u00a0Je ne la vois pas comme une concurrente, je suis tr\u00e8s contente qu\u2019elle soit capable de cela, pr\u00e9cise-t-elle. C\u2019est une tr\u00e8s bonne chose pour l\u2019\u00e9quipe de France et pour le football fran\u00e7ais.\u00a0\u00bb Un discours qui pla\u00eet au s\u00e9lectionneur. \u00ab\u00a0Elles ne sont pas concurrentes mais compl\u00e9mentaires et d\u2019ailleurs les deux pourraient jouer ensemble dans un syst\u00e8me tr\u00e8s offensif\u00a0\u00bb, glisse-t-il.<\/p>\n<p>Laurent Bonadei peut aussi compter sur Kadidiatou Diani sur l\u2019aile droite, les milieux offensives Amel Majri et Sandy Baltimore, qui peut jouer attaquante et a encha\u00een\u00e9 les buts cette saison avec Chelsea et les Bleues, mais aussi les attaquantes Kelly Gago et Melvine Malard, autrice d\u2019un tripl\u00e9 face \u00e0 la Belgique en match de pr\u00e9paration.<\/p>\n<p>Revanche de la demi-finale perdue \u00e0 l\u2019Euro 2022<\/p>\n<p>Face aux Allemandes, priv\u00e9es de leur capitaine Giulia Gwinn, bless\u00e9e, les Bleues auront aussi l\u2019occasion de prendre leur revanche sur la demi-finale de l\u2019Euro 2022 perdue face \u00e0 l\u2019\u00e9quipe d\u2019outre-Rhin (2-1), du temps o\u00f9 Corinne Diacre occupait le poste de s\u00e9lectionneuse. Laurent Bonadei croit \u00e0 une qualification pour le dernier carr\u00e9 contre cette formation qui a remport\u00e9 huit fois l\u2019Euro en onze participations.<\/p>\n<p>\u00ab\u00a0J\u2019y crois non seulement parce que je sens que l\u2019\u00e9tat d\u2019esprit est l\u00e0, qu\u2019il y a le niveau de performance et j\u2019y crois parce qu\u2019on est sur onze victoires cons\u00e9cutives et qu\u2019on a fait trois bons r\u00e9sultats dans cette phase de poules\u00a0\u00bb, mart\u00e8le-t-il.<\/p>\n<p>\u00ab\u00a0Maintenant je sais qu\u2019on va \u00eatre face \u00e0 une grosse \u00e9quipe d\u2019Allemagne, \u00e7a sera un match difficile, sachant qu\u2019on est encore une \u00e9quipe jeune en \u00e9volution, souligne celui qui a fait le choix de ne pas convoquer l\u2019attaquante Eug\u00e9nie Le\u00a0Sommer (36\u00a0ans, 200 s\u00e9lections, 94 buts), la milieu Kenza Dali (33\u00a0ans, 76 s\u00e9lections, 13 buts) et la d\u00e9fenseuse Wendie Renard (34\u00a0ans, 168 s\u00e9lections, 39 buts). C\u2019est aussi dans ce genre d\u2019\u00e9preuve qu\u2019on va voir si on a la capacit\u00e9 d\u2019\u00e9lever notre niveau et d\u2019ambitionner plus qu\u2019un quart de finale.\u00a0\u00bb<\/p>\n<p><strong>Oui, on s\u2019en doute\u00a0: vous en avez assez<\/strong><\/p>\n<p>Voir ces messages d\u2019appel au don, \u00e7a peut \u00eatre p\u00e9nible. Nous le savons. Et on doit bien vous avouer que nous pr\u00e9f\u00e8rerions ne pas avoir \u00e0 les \u00e9crire\u2026<\/p>\n<p>Mais voil\u00e0\u00a0: c\u2019est crucial pour l\u2019Humanit\u00e9. Si ce titre existe toujours aujourd\u2019hui, c\u2019est gr\u00e2ce au financement r\u00e9gulier de nos lectrices et lecteurs.<\/p>\n<ul class=\"wp-block-list\">\n<li>C\u2019est gr\u00e2ce \u00e0 votre soutien que nous pouvons exercer notre m\u00e9tier avec passion. Nous ne d\u00e9pendons ni des int\u00e9r\u00eats d\u2019un propri\u00e9taire milliardaire, ni de pressions politiques : <strong>personne ne nous dicte ce que nous devons dire ou taire<\/strong>.<\/li>\n<\/ul>\n<ul class=\"wp-block-list\">\n<li>Votre engagement nous lib\u00e8re aussi de la course aux clics et \u00e0 l\u2019audience. <strong>Plut\u00f4t que de chercher \u00e0 capter l\u2019attention \u00e0 tout prix, nous choisissons de traiter les sujets que notre r\u00e9daction juge essentiels<\/strong>\u00a0: parce qu\u2019ils m\u00e9ritent d\u2019\u00eatre lus, compris, partag\u00e9s. Parce que nous estimons qu\u2019ils vous seront utiles<\/li>\n<\/ul>\n<p>\u00c0 l\u2019heure actuelle, <strong>moins d\u2019un quart des lectrices et lecteurs<\/strong> qui viennent plus de 3\u00a0fois sur le site par semaine nous aident \u00e0 financer notre travail, par leur abonnement ou par leurs dons. Si vous voulez prot\u00e9ger le journalisme ind\u00e9pendant, <strong>s\u2019il vous pla\u00eet, rejoignez-les<\/strong>.<\/p>\n","protected":false},"excerpt":{"rendered":"Les chiffres parlent d\u2019eux-m\u00eames\u00a0: 3 victoires en 3 matchs, 9 points glan\u00e9s et une premi\u00e8re place dans le&hellip;\n","protected":false},"author":2,"featured_media":258023,"comment_status":"","ping_status":"","sticky":false,"template":"","format":"standard","meta":{"footnotes":""},"categories":[1587],"tags":[11,672,12437,1804,1805,1803,1777,674,63,1801,12,1802,34674],"class_list":{"0":"post-258022","1":"post","2":"type-post","3":"status-publish","4":"format-standard","5":"has-post-thumbnail","7":"category-allemagne","8":"tag-actualites","9":"tag-allemagne","10":"tag-bleues","11":"tag-bundesrepublik-deutschland","12":"tag-de","13":"tag-deutschland","14":"tag-eu","15":"tag-europe","16":"tag-football","17":"tag-germany","18":"tag-news","19":"tag-republique-federale-dallemagne","20":"tag-u00e9quipe-de-france"},"share_on_mastodon":{"url":"https:\/\/pubeurope.com\/@fr\/114878090005330775","error":""},"_links":{"self":[{"href":"https:\/\/www.europesays.com\/fr\/wp-json\/wp\/v2\/posts\/258022","targetHints":{"allow":["GET"]}}],"collection":[{"href":"https:\/\/www.europesays.com\/fr\/wp-json\/wp\/v2\/posts"}],"about":[{"href":"https:\/\/www.europesays.com\/fr\/wp-json\/wp\/v2\/types\/post"}],"author":[{"embeddable":true,"href":"https:\/\/www.europesays.com\/fr\/wp-json\/wp\/v2\/users\/2"}],"replies":[{"embeddable":true,"href":"https:\/\/www.europesays.com\/fr\/wp-json\/wp\/v2\/comments?post=258022"}],"version-history":[{"count":0,"href":"https:\/\/www.europesays.com\/fr\/wp-json\/wp\/v2\/posts\/258022\/revisions"}],"wp:featuredmedia":[{"embeddable":true,"href":"https:\/\/www.europesays.com\/fr\/wp-json\/wp\/v2\/media\/258023"}],"wp:attachment":[{"href":"https:\/\/www.europesays.com\/fr\/wp-json\/wp\/v2\/media?parent=258022"}],"wp:term":[{"taxonomy":"category","embeddable":true,"href":"https:\/\/www.europesays.com\/fr\/wp-json\/wp\/v2\/categories?post=258022"},{"taxonomy":"post_tag","embeddable":true,"href":"https:\/\/www.europesays.com\/fr\/wp-json\/wp\/v2\/tags?post=258022"}],"curies":[{"name":"wp","href":"https:\/\/api.w.org\/{rel}","templated":true}]}}