{"id":258033,"date":"2025-07-19T04:53:16","date_gmt":"2025-07-19T04:53:16","guid":{"rendered":"https:\/\/www.europesays.com\/fr\/258033\/"},"modified":"2025-07-19T04:53:16","modified_gmt":"2025-07-19T04:53:16","slug":"la-ryder-cup-va-faire-son-retour-en-espagne","status":"publish","type":"post","link":"https:\/\/www.europesays.com\/fr\/258033\/","title":{"rendered":"La Ryder Cup va faire son retour en Espagne !"},"content":{"rendered":"<p>\t\t\t\t\t\t<img width=\"770\" height=\"473\" src=\"https:\/\/www.europesays.com\/fr\/wp-content\/uploads\/2025\/07\/capture-decran-2023-05-05-a-08.48.12-770x473.png\" class=\"img-responsive wp-post-image\" alt=\"pga catalunya Camiral Golf&amp;Wellness\" decoding=\"async\" fetchpriority=\"high\"  \/>\t\t\t\t\t<\/p>\n<p>\t\t\t\t\t\t Partager cet article <\/p>\n<p class=\"screen-reader-text juiz_sps_maybe_hidden_text\">Partager la publication \u00ab\u00a0La Ryder Cup va faire son retour en Espagne !\u00a0\u00bb<\/p>\n<p><strong>Apr\u00e8s la France et l\u2019Italie, la Ryder Cup va prendre la direction de l\u2019Espagne pour la deuxi\u00e8me fois de son histoire.\u00a0<\/strong><\/p>\n<p>\t\t\t\t<img loading=\"lazy\" decoding=\"async\" src=\"data:image\/svg+xml,%3Csvg%20xmlns=\" http:=\"\" attributionsrc=\"\" border=\"0\" height=\"1\" width=\"1\" alt=\"Advertisement\" data-lazy-src=\"https:\/\/www.europesays.com\/fr\/wp-content\/uploads\/2025\/07\/B33047934.424844132;dc_trk_aid=615928068;dc_trk_cid=236605808;ord=[timestamp];dc_lat=;dc_rdid=;tag_f.gif\"\/><\/p>\n<p>\t\t\t\t\t<a id=\"179415\" href=\"https:\/\/ad.doubleclick.net\/ddm\/trackclk\/N1153799.3770024GOLFPLANATE\/B33047934.424844132;dc_trk_aid=615928068;dc_trk_cid=236605808;dc_lat=;dc_rdid=;tag_for_child_directed_treatment=;tfua=;gdpr=${GDPR};gdpr_consent=${GDPR_CONSENT_755};ltd=;dc_tdv=1\" target=\"_blank\" rel=\"sponsorised nofollow noopener\"><img decoding=\"async\" src=\"data:image\/svg+xml,%3Csvg%20xmlns=\" http:=\"\" class=\"img-responsive\" alt=\"\" data-lazy-src=\"https:\/\/www.europesays.com\/fr\/wp-content\/uploads\/2025\/07\/callaway-e01-apex-v1-770x385-1.jpg\"\/><\/a><\/p>\n<p>Initialement rapport\u00e9e par le journal espagnol La Vanguardia, l\u2019information a \u00e9t\u00e9 confirm\u00e9e vendredi \u00e0 l\u2019Associated Press par <strong>Ramon<\/strong> <strong>Nogue<\/strong>, le pr\u00e9sident de la <strong>F\u00e9d\u00e9ration catalane de golf<\/strong>. <a href=\"https:\/\/www.golfplanete.com\/actualites\/la-ryder-cup-2031-finalement-en-espagne\/\" rel=\"nofollow noopener\" target=\"_blank\">Nous vous en avions d\u00e9j\u00e0 parl\u00e9 en janvier 2023,<\/a>alors que <a href=\"https:\/\/www.golfplanete.com\/actualites\/le-match-entre-le-belfry-et-le-london-golf-club-est-lance\/\" rel=\"nofollow noopener\" target=\"_blank\">la guerre entre parcours britanniques<\/a> avait compliqu\u00e9 les discussions.<\/p>\n<p>Une annonce officielle de la<strong> Ryder Cup Europe<\/strong> est attendue la semaine prochaine.<\/p>\n<p>Camiral, situ\u00e9 pr\u00e8s de G\u00e9rone, juste au nord de Barcelone, \u00e9tait <a href=\"https:\/\/www.golfplanete.com\/le-fil-golf-planete\/le-pga-catalunya-est-mort-vive-le-camiral-golfwellness\/\" rel=\"nofollow noopener\" target=\"_blank\">autrefois connu sous le nom de PGA Catalunya<\/a> et a donc d\u00e9j\u00e0 accueilli plusieurs <strong>Open d\u2019Espagne<\/strong> inscrits au calendrier du <strong>DP World Tour<\/strong> et \u00e0 de nombreuses reprises <strong>la finale des cartes europ\u00e9ennes.<\/strong><\/p>\n<p>\t\t\t\t\t<a id=\"175272\" href=\"https:\/\/www.omegaeuropeanmasters.com\/fr\/tickets\/tickets\" target=\"_blank\" rel=\"sponsorised nofollow noopener\"><img decoding=\"async\" src=\"data:image\/svg+xml,%3Csvg%20xmlns=\" http:=\"\" class=\"img-responsive\" alt=\"\" data-lazy-src=\"https:\/\/www.europesays.com\/fr\/wp-content\/uploads\/2025\/06\/omegamasters-e01-billetterie-proam-1170x275-1.jpg\"\/><\/a><br \/>\n34 ans apr\u00e8s Valderrama<\/p>\n<p>Ce sera la deuxi\u00e8me fois que l\u2019Espagne accueillera la comp\u00e9tition biennale entre les \u00c9tats-Unis et l\u2019Europe puisque l\u2019\u00e9dition 1997 s\u2019est disput\u00e9e au <strong>Valderrama Golf Club<\/strong>, en Andalousie. Cette ann\u00e9e-l\u00e0 fut historique puisque pour la premi\u00e8re fois dans l\u2019histoire de la comp\u00e9tition l\u2019affrontement avait eu lieu en Europe Continentale.<\/p>\n<p>Prochains sites de la Ryder Cup\u00a0:<br \/>2025 \u2013 Bethpage Black, Farmingdale, \u00c9tat de New York<br \/><strong>2027 \u2013 Adare Manor, Comt\u00e9 de Limerick, R\u00e9publique d\u2019Irlande<\/strong><br \/>2029 \u2013 Hazeltine National, Chaska, Minnesota<br \/><strong>2031 \u2013 Camiral Golf and Wellness Resort, Caldes de Malavella, Espagne<\/strong><br \/>2033 \u2013 Olympic Club, San Francisco, Californie<\/p>\n","protected":false},"excerpt":{"rendered":"Partager cet article Partager la publication \u00ab\u00a0La Ryder Cup va faire son retour en Espagne !\u00a0\u00bb Apr\u00e8s la&hellip;\n","protected":false},"author":2,"featured_media":258034,"comment_status":"","ping_status":"","sticky":false,"template":"","format":"standard","meta":{"footnotes":""},"categories":[1418],"tags":[1011,27,1472,60],"class_list":{"0":"post-258033","1":"post","2":"type-post","3":"status-publish","4":"format-standard","5":"has-post-thumbnail","7":"category-golf","8":"tag-fr","9":"tag-france","10":"tag-golf","11":"tag-sports"},"share_on_mastodon":{"url":"https:\/\/pubeurope.com\/@fr\/114878113743179999","error":""},"_links":{"self":[{"href":"https:\/\/www.europesays.com\/fr\/wp-json\/wp\/v2\/posts\/258033","targetHints":{"allow":["GET"]}}],"collection":[{"href":"https:\/\/www.europesays.com\/fr\/wp-json\/wp\/v2\/posts"}],"about":[{"href":"https:\/\/www.europesays.com\/fr\/wp-json\/wp\/v2\/types\/post"}],"author":[{"embeddable":true,"href":"https:\/\/www.europesays.com\/fr\/wp-json\/wp\/v2\/users\/2"}],"replies":[{"embeddable":true,"href":"https:\/\/www.europesays.com\/fr\/wp-json\/wp\/v2\/comments?post=258033"}],"version-history":[{"count":0,"href":"https:\/\/www.europesays.com\/fr\/wp-json\/wp\/v2\/posts\/258033\/revisions"}],"wp:featuredmedia":[{"embeddable":true,"href":"https:\/\/www.europesays.com\/fr\/wp-json\/wp\/v2\/media\/258034"}],"wp:attachment":[{"href":"https:\/\/www.europesays.com\/fr\/wp-json\/wp\/v2\/media?parent=258033"}],"wp:term":[{"taxonomy":"category","embeddable":true,"href":"https:\/\/www.europesays.com\/fr\/wp-json\/wp\/v2\/categories?post=258033"},{"taxonomy":"post_tag","embeddable":true,"href":"https:\/\/www.europesays.com\/fr\/wp-json\/wp\/v2\/tags?post=258033"}],"curies":[{"name":"wp","href":"https:\/\/api.w.org\/{rel}","templated":true}]}}