{"id":258035,"date":"2025-07-19T04:55:14","date_gmt":"2025-07-19T04:55:14","guid":{"rendered":"https:\/\/www.europesays.com\/fr\/258035\/"},"modified":"2025-07-19T04:55:14","modified_gmt":"2025-07-19T04:55:14","slug":"pro-d2-le-jeu-le-plus-spectaculaire-le-vrdr-ne-va-pas-se-renier-pour-se-maintenir","status":"publish","type":"post","link":"https:\/\/www.europesays.com\/fr\/258035\/","title":{"rendered":"Pro D2. \u00ab\u00a0Le jeu le plus spectaculaire \u00bb : le VRDR ne va pas se renier pour se maintenir"},"content":{"rendered":"<p>\u00ab\u00a0On va essayer de tout changer, pour faire des mauls et des chandelles\u00a0!\u00a0\u00bb Que tout le monde se rassure, la phrase, lanc\u00e9e jeudi sur le ton de l\u2019humour par Fabien Fortassin, \u00e9tait bien aux antipodes de sa vision du jeu et de celle qu\u2019il a imprim\u00e9e au sein de ses troupes depuis son arriv\u00e9e dans la Dr\u00f4me il y a deux ans.<\/p>\n<p>Avec deux maintiens obtenus, et une progression observ\u00e9e&#8230;<\/p>\n","protected":false},"excerpt":{"rendered":"\u00ab\u00a0On va essayer de tout changer, pour faire des mauls et des chandelles\u00a0!\u00a0\u00bb Que tout le monde se&hellip;\n","protected":false},"author":2,"featured_media":258036,"comment_status":"","ping_status":"","sticky":false,"template":"","format":"standard","meta":{"footnotes":""},"categories":[1416],"tags":[2730,2737,2735,1701,1011,27,2308,1479,2736,479,1468,517,60,2733,2734,2728],"class_list":{"0":"post-258035","1":"post","2":"type-post","3":"status-publish","4":"format-standard","5":"has-post-thumbnail","7":"category-rugby","8":"tag-drome","9":"tag-edition-romans-nord-drome","10":"tag-edition-valence-rhone-crussol-vallee-de-la-drome","11":"tag-fil-info-sport","12":"tag-fr","13":"tag-france","14":"tag-pro-d2","15":"tag-romans","16":"tag-romans-sur-isere","17":"tag-rugby","18":"tag-rugby-football","19":"tag-sport","20":"tag-sports","21":"tag-valence","22":"tag-valence-bassin","23":"tag-vrdr-valence-romans-drome-rugby"},"share_on_mastodon":{"url":"https:\/\/pubeurope.com\/@fr\/114878121460899292","error":""},"_links":{"self":[{"href":"https:\/\/www.europesays.com\/fr\/wp-json\/wp\/v2\/posts\/258035","targetHints":{"allow":["GET"]}}],"collection":[{"href":"https:\/\/www.europesays.com\/fr\/wp-json\/wp\/v2\/posts"}],"about":[{"href":"https:\/\/www.europesays.com\/fr\/wp-json\/wp\/v2\/types\/post"}],"author":[{"embeddable":true,"href":"https:\/\/www.europesays.com\/fr\/wp-json\/wp\/v2\/users\/2"}],"replies":[{"embeddable":true,"href":"https:\/\/www.europesays.com\/fr\/wp-json\/wp\/v2\/comments?post=258035"}],"version-history":[{"count":0,"href":"https:\/\/www.europesays.com\/fr\/wp-json\/wp\/v2\/posts\/258035\/revisions"}],"wp:featuredmedia":[{"embeddable":true,"href":"https:\/\/www.europesays.com\/fr\/wp-json\/wp\/v2\/media\/258036"}],"wp:attachment":[{"href":"https:\/\/www.europesays.com\/fr\/wp-json\/wp\/v2\/media?parent=258035"}],"wp:term":[{"taxonomy":"category","embeddable":true,"href":"https:\/\/www.europesays.com\/fr\/wp-json\/wp\/v2\/categories?post=258035"},{"taxonomy":"post_tag","embeddable":true,"href":"https:\/\/www.europesays.com\/fr\/wp-json\/wp\/v2\/tags?post=258035"}],"curies":[{"name":"wp","href":"https:\/\/api.w.org\/{rel}","templated":true}]}}