{"id":258037,"date":"2025-07-19T04:56:09","date_gmt":"2025-07-19T04:56:09","guid":{"rendered":"https:\/\/www.europesays.com\/fr\/258037\/"},"modified":"2025-07-19T04:56:09","modified_gmt":"2025-07-19T04:56:09","slug":"open-du-stade-francais-les-finales-auront-lieu-samedi-sur-le-court-n14-de-roland-garros-lequipe","status":"publish","type":"post","link":"https:\/\/www.europesays.com\/fr\/258037\/","title":{"rendered":"Open du Stade Fran\u00e7ais : les finales auront lieu samedi sur le court n\u00b014 de Roland-Garros &#8211; L&#039;\u00c9quipe"},"content":{"rendered":"<ol>\n<li><a href=\"https:\/\/news.google.com\/rss\/articles\/CBMi1gFBVV95cUxQbWMwZXBYbVhneGxMeUhsVFhMX1MzWTBiSGxNeVF0UU05Y1dJQ1B4cHJFaklDRU5ZUzF2ZDRsZlFzeDJ4WERuZXl1b1NFREY5WHJPZlBTNnBoR3JHRzhhMlE2X0RwT0g0UXBIR01PZEpKdElleERaUTVRNVlQUE9NUjZzUVpXVmN5SW05ZTJ3V2E3YWRKRVdsNUpxaFczWi0wb3hmbmplZDJITVM3WHZXMWZfZU1fZXJVZE41MmY3ZEI2RHhDZW9hTUxnMUpjRXhnTWtDSjNn?oc=5\" target=\"_blank\" rel=\"nofollow noopener\">Open du Stade Fran\u00e7ais : les finales auront lieu samedi sur le court n\u00b014 de Roland-Garros<\/a>&nbsp;&nbsp;L&rsquo;\u00c9quipe<\/li>\n<li><a href=\"https:\/\/news.google.com\/rss\/articles\/CBMinAFBVV95cUxPdE9nZVJNNi1sUkhpTTFYaXM0aTdEbHpYYTdpNGd3aUhPZm1fMDJqOGk0cmtRWDQ2VlY2RHdNeGFra1ViZzZaZi1pUEkxVDR3eGZOeHVnWDRhdXdsS051dE5FWlRIMmM1V2tvcU9uTTZHWTJGZXlEUGRJZVJQWHp4ZzdFTkFZV3VkRlg3bHdiVmZiMmZaQ242c0E1RTU?oc=5\" target=\"_blank\" rel=\"nofollow noopener\">Tennis &#8211; Finales de l&rsquo;Open Stade Francais 2025 &#8211; Stade Roland Garros &#8211; Paris, 75016 &#8211; Sortir \u00e0 Paris<\/a>&nbsp;&nbsp;Le Parisien<\/li>\n<li><a href=\"https:\/\/news.google.com\/rss\/articles\/CBMihwFBVV95cUxNOFZ1dnRRQzJGdXRFNC1pWTBSQ2xpYjNEOHpwQ3pLaHlwLXlpRkp4OXJVaWItSmgzODNqRTBMQjNkblVIdVgzN0hkOVk1LTlZNWgyMkRRSm5DVVYyNmxET0JTLXlYbWJQT2ptT3NOaGNDMUotaFhuNzgzLTFUTkRaOU91Z1ByMEk?oc=5\" target=\"_blank\" rel=\"nofollow noopener\">Open des jeunes du Stade Fran\u00e7ais<\/a>&nbsp;&nbsp;R\u00e9gion \u00cele-de-France<\/li>\n<li><a href=\"https:\/\/news.google.com\/rss\/articles\/CBMizwFBVV95cUxNRzh5dDBWV3p5LXhFak5wQ2tsVUIyUWh2OG0za1p0TnR4ZUI4OFFPd0ozV2dKbkVxWjJ5WlIyMEh0ajkxM1l6ejVwY0dzNW44ZmtVZGZaTTFNNVlvYXdha3NZQmZNVHBmakdEUkFzXzR3U1JJak80QTZNYkNqSDRaUmZBaGpIN3hpZHpxcS12NzR1SUhPN29qS1NpU3M5Nkc5T2N2d1pMazJUS0hrRlE4bEo1cS1uXzE0MzBEbDEwMTFBVy1pWWNjRTNkMW1HREk?oc=5\" target=\"_blank\" rel=\"nofollow noopener\">TENNIS : Haier poursuit son engagement dans le tennis, en tant que partenaire de l\u2019Open Stade Fran\u00e7ais<\/a>&nbsp;&nbsp;Presse Agence Sport<\/li>\n<li><a href=\"https:\/\/news.google.com\/rss\/articles\/CBMi8AFBVV95cUxOWEJGNnFNdU1aR255Wm9CT3RBdXZ4dXROamltNUZiOWRuM01aQVNTN3ZYMXQxci04R19xUk1GSUpEa1Frb2cyeTlaVXJvVmYtU3JTUkFiem1xTzlYMEM5Wkw1cm9wTDhuWGpVREtCOF9kdlAwRGZ1RkJQQ2hXTVRHUXJVOVZiZ3dqV21EN1JLQXRuVWpHM1BpRnNCRkxtbnMyWEtLcW8xSFNpUl93RFVXRllSM0N5SDhIcmd0VVUtMFBDTi0yeE9xWUs2a3pBMHZ6MlY5RHdpbjhMSmdpSjJKYUxSZHpoWEE0a2RUTHVzd2k?oc=5\" target=\"_blank\" rel=\"nofollow noopener\">Tennis: Open Stade Fran\u00e7ais &#8211; Alex Ricci \u00e9limine la t\u00eate de s\u00e9rie n\u00b01 \u00e0 la Faisanderie<\/a>&nbsp;&nbsp;MSN<\/li>\n<\/ol>\n","protected":false},"excerpt":{"rendered":"Open du Stade Fran\u00e7ais : les finales auront lieu samedi sur le court n\u00b014 de Roland-Garros&nbsp;&nbsp;L&rsquo;\u00c9quipe Tennis &#8211;&hellip;\n","protected":false},"author":2,"featured_media":258038,"comment_status":"","ping_status":"","sticky":false,"template":"","format":"standard","meta":{"footnotes":""},"categories":[1415],"tags":[1011,27,60,1467],"class_list":{"0":"post-258037","1":"post","2":"type-post","3":"status-publish","4":"format-standard","5":"has-post-thumbnail","7":"category-tennis","8":"tag-fr","9":"tag-france","10":"tag-sports","11":"tag-tennis"},"share_on_mastodon":{"url":"https:\/\/pubeurope.com\/@fr\/114878125364477841","error":""},"_links":{"self":[{"href":"https:\/\/www.europesays.com\/fr\/wp-json\/wp\/v2\/posts\/258037","targetHints":{"allow":["GET"]}}],"collection":[{"href":"https:\/\/www.europesays.com\/fr\/wp-json\/wp\/v2\/posts"}],"about":[{"href":"https:\/\/www.europesays.com\/fr\/wp-json\/wp\/v2\/types\/post"}],"author":[{"embeddable":true,"href":"https:\/\/www.europesays.com\/fr\/wp-json\/wp\/v2\/users\/2"}],"replies":[{"embeddable":true,"href":"https:\/\/www.europesays.com\/fr\/wp-json\/wp\/v2\/comments?post=258037"}],"version-history":[{"count":0,"href":"https:\/\/www.europesays.com\/fr\/wp-json\/wp\/v2\/posts\/258037\/revisions"}],"wp:featuredmedia":[{"embeddable":true,"href":"https:\/\/www.europesays.com\/fr\/wp-json\/wp\/v2\/media\/258038"}],"wp:attachment":[{"href":"https:\/\/www.europesays.com\/fr\/wp-json\/wp\/v2\/media?parent=258037"}],"wp:term":[{"taxonomy":"category","embeddable":true,"href":"https:\/\/www.europesays.com\/fr\/wp-json\/wp\/v2\/categories?post=258037"},{"taxonomy":"post_tag","embeddable":true,"href":"https:\/\/www.europesays.com\/fr\/wp-json\/wp\/v2\/tags?post=258037"}],"curies":[{"name":"wp","href":"https:\/\/api.w.org\/{rel}","templated":true}]}}