{"id":258039,"date":"2025-07-19T04:58:15","date_gmt":"2025-07-19T04:58:15","guid":{"rendered":"https:\/\/www.europesays.com\/fr\/258039\/"},"modified":"2025-07-19T04:58:15","modified_gmt":"2025-07-19T04:58:15","slug":"tout-ce-quil-y-a-a-savoir-de-ce-jeudi-a-brno","status":"publish","type":"post","link":"https:\/\/www.europesays.com\/fr\/258039\/","title":{"rendered":"Tout ce qu&rsquo;il y a \u00e0 savoir de ce jeudi \u00e0 Brno"},"content":{"rendered":"<p>Francesco Bagnaia (Ducati Lenovo Team), Luca Marini (HRC Honda Castrol), Brad Binder (Red Bull KTM Factory Racing) et surtout Jorge Mart\u00edn (Aprilia Racing) \u00e9taient les invit\u00e9s des conf\u00e9rences de presse du jeudi \u00e0 Brno en amont du Grand Prix Tissot de R\u00e9publique tch\u00e8que. Comme toujours, revenons sur les points les plus importants de la journ\u00e9e.<\/p>\n<p>Le MotoGP\u2122 retrouve ce week-end le formidable circuit du Brno. Absent du calendrier depuis 2021, ce v\u00e9ritable joyau des sports m\u00e9caniques nous a offert des batailles exceptionnelles et des moments m\u00e9morables par le pass\u00e9. Retour sur le meilleur de Brno.<\/p>\n<p><a href=\"https:\/\/www.motogp.com\/fr\/videos\/2025\/07\/16\/le-meilleur-de-brno-avant-son-retour-en-2025\/754828?playlistId=17859\" rel=\"nofollow noopener\" target=\"_blank\">Vid\u00e9o \u2013 Le meilleur de Brno avant son retour en 2025<\/a><\/p>\n<p>La grande nouvelle du jour est incontestablement le retour \u00e0 la comp\u00e9tition de Jorge Mart\u00edn. Bless\u00e9 depuis sa chute au Qatar le 13 avril dernier, le \u00ab\u00a0Martinator\u00a0\u00bb reprend du service \u00e0 Brno pour le plus grand plaisir des fans et du paddock. En interview, Marc M\u00e1rquez (Ducati Lenovo Team) a salu\u00e9 le retour de son compatriote et mis en garde sur son niveau.<\/p>\n<p><a href=\"https:\/\/www.motogp.com\/fr\/videos\/2025\/07\/17\/mmarquez-ca-lui-prendra-du-temps-mais-avec-martin-on-sait-jamais\/754946?playlistId=17859\" rel=\"nofollow noopener\" target=\"_blank\">Vid\u00e9o \u2013 M.M\u00e1rquez\u00a0: \u00ab\u00a0\u00c7a lui prendra du temps&#8230; mais avec Mart\u00edn on sait jamais\u00a0\u00bb<\/a><\/p>\n<p><a href=\"https:\/\/www.motogp.com\/fr\/videos\/2025\/07\/17\/petit-echauffement-pour-mmarquez-et-martin-avant-brno\/754969?playlistId=17859\" rel=\"nofollow noopener\" target=\"_blank\">Vid\u00e9o \u2013 Petit \u00e9chauffement pour M.M\u00e1rquez et Mart\u00edn avant Brno<\/a><\/p>\n<p>En conf\u00e9rence de presse, son rival au Championnat du Monde 2024, Francesco Bagnaia, a lui aussi \u00e9voqu\u00e9 ce comeback que l&rsquo;on attendait tous.<\/p>\n<p><a href=\"https:\/\/www.motogp.com\/fr\/videos\/2025\/07\/17\/bagnaia-plaisir-de-revoir-le-n1-en-piste-\/754973?playlistId=17859\" rel=\"nofollow noopener\" target=\"_blank\">Vid\u00e9o \u2013 Bagnaia\u00a0: \u00ab\u00a0Plaisir de revoir le n\u00b01 en piste\u00a0\u00bb<\/a><\/p>\n<p>Au cours de la conf\u00e9rence de presse qui lui \u00e9tait d\u00e9di\u00e9e, Jorge Mart\u00edn a bien entendu \u00e9voqu\u00e9 son retour mais le n\u00b01 a \u00e9galement confirm\u00e9 qu&rsquo;il roulerait pour Aprilia la saison prochaine. Apr\u00e8s des mois de rumeurs, on conna\u00eet enfin le d\u00e9nouement de cette affaire qui a pas mal ag\u00eet\u00e9 le paddock.<\/p>\n<p><a href=\"https:\/\/www.motogp.com\/fr\/news\/2025\/07\/17\/confirmed-martin-stays-with-aprilia-for-2026\/754952\" rel=\"nofollow noopener\" target=\"_blank\">Article \u2013 OFFICIEL : Mart\u00edn reste chez Aprilia en 2026<\/a><\/p>\n<p><a href=\"https:\/\/www.motogp.com\/fr\/videos\/2025\/07\/17\/martin-sur-son-futur-cetait-important-de-mettre-les-choses-au-clair\/754981?playlistId=17859\" rel=\"nofollow noopener\" target=\"_blank\">Vid\u00e9o \u2013 Mart\u00edn sur son futur : \u00ab C\u2019\u00e9tait important de mettre les choses au clair \u00bb<\/a><\/p>\n<p>Rendez-vous vendredi \u00e0 9h00 pour les premi\u00e8res s\u00e9ances d\u2019essais libres de ce GP\u00a0!<\/p>\n","protected":false},"excerpt":{"rendered":"Francesco Bagnaia (Ducati Lenovo Team), Luca Marini (HRC Honda Castrol), Brad Binder (Red Bull KTM Factory Racing) et&hellip;\n","protected":false},"author":2,"featured_media":258040,"comment_status":"","ping_status":"","sticky":false,"template":"","format":"standard","meta":{"footnotes":""},"categories":[1413],"tags":[1011,27,1457,1456,60,2032],"class_list":{"0":"post-258039","1":"post","2":"type-post","3":"status-publish","4":"format-standard","5":"has-post-thumbnail","7":"category-moto","8":"tag-fr","9":"tag-france","10":"tag-moto","11":"tag-motocycle","12":"tag-sports","13":"tag-text"},"share_on_mastodon":{"url":"https:\/\/pubeurope.com\/@fr\/114878133288383583","error":""},"_links":{"self":[{"href":"https:\/\/www.europesays.com\/fr\/wp-json\/wp\/v2\/posts\/258039","targetHints":{"allow":["GET"]}}],"collection":[{"href":"https:\/\/www.europesays.com\/fr\/wp-json\/wp\/v2\/posts"}],"about":[{"href":"https:\/\/www.europesays.com\/fr\/wp-json\/wp\/v2\/types\/post"}],"author":[{"embeddable":true,"href":"https:\/\/www.europesays.com\/fr\/wp-json\/wp\/v2\/users\/2"}],"replies":[{"embeddable":true,"href":"https:\/\/www.europesays.com\/fr\/wp-json\/wp\/v2\/comments?post=258039"}],"version-history":[{"count":0,"href":"https:\/\/www.europesays.com\/fr\/wp-json\/wp\/v2\/posts\/258039\/revisions"}],"wp:featuredmedia":[{"embeddable":true,"href":"https:\/\/www.europesays.com\/fr\/wp-json\/wp\/v2\/media\/258040"}],"wp:attachment":[{"href":"https:\/\/www.europesays.com\/fr\/wp-json\/wp\/v2\/media?parent=258039"}],"wp:term":[{"taxonomy":"category","embeddable":true,"href":"https:\/\/www.europesays.com\/fr\/wp-json\/wp\/v2\/categories?post=258039"},{"taxonomy":"post_tag","embeddable":true,"href":"https:\/\/www.europesays.com\/fr\/wp-json\/wp\/v2\/tags?post=258039"}],"curies":[{"name":"wp","href":"https:\/\/api.w.org\/{rel}","templated":true}]}}