{"id":258041,"date":"2025-07-19T04:59:09","date_gmt":"2025-07-19T04:59:09","guid":{"rendered":"https:\/\/www.europesays.com\/fr\/258041\/"},"modified":"2025-07-19T04:59:09","modified_gmt":"2025-07-19T04:59:09","slug":"motogp-johann-zarco-pilote-honda-numero-1-avec-le-hrc-ou-lcr-decision-imminente","status":"publish","type":"post","link":"https:\/\/www.europesays.com\/fr\/258041\/","title":{"rendered":"MotoGP Johann Zarco pilote Honda num\u00e9ro 1 avec le HRC ou LCR, d\u00e9cision imminente !"},"content":{"rendered":"<p>C\u2019est le patron du Team satellite LCR en MotoGP, Lucio Cecchinello, qui a confirm\u00e9 l\u2019information. L\u2019Italien pense que d\u2019ici deux semaines, la d\u00e9cision concernant le line-up des deux \u00e9quipes, pour l\u2019an prochain, devrait \u00eatre prise. De son c\u00f4t\u00e9, l\u2019int\u00e9ress\u00e9 esp\u00e8re logiquement conserver Johann Zarco. Actuel septi\u00e8me du championnat, devant les pilotes officiels et avec deux podiums dont une victoire et deux qualifications en premi\u00e8re ligne.<\/p>\n<p>MotoGP : une d\u00e9cision aux 8 heures de Suzuka, c\u00f4t\u00e9 Honda ?<\/p>\n<p>Quoiqu\u2019il en soit, le fait que Jorge Martin ait finalement confirm\u00e9 qu\u2019il serait toujours avec Aprilia Racing, a rendu la t\u00e2che plus simple \u00e0 Honda. Une annonce plut\u00f4t de bon augure, aussi, pour JZ5.<\/p>\n<p>\u201cJe pense qu\u2019on en saura plus d\u00e9but ao\u00fbt. Pour un constructeur japonais comme Honda, il y a beaucoup de r\u00e9unions pendant la p\u00e9riode des 8 Heures de Suzuka. C\u2019est toujours une tr\u00e8s bonne occasion pour que les patrons se rencontrent et d\u00e9cident des approbations finales sur l\u2019ensemble du projet, y compris notre line-up de pilotes. Nous attendons donc cela et nous croisons les doigts pour continuer \u00e0 travailler avec Johann.\u201d, a d\u00e9clar\u00e9 Lucio Cecchinello, via le site officiel de la MotoGP.<\/p>\n<p>Pour sa part, le Fran\u00e7ais pr\u00e9f\u00e8rerait rester avec LCR, chez qui il noue de bonnes relations et construit un environnement favorable \u00e0 son \u00e9panouissement sportif. N\u00e9anmoins, s\u2019il devait rester l\u00e0 ou il est, le num\u00e9ro 5 aimerait disposer du statut de pilote num\u00e9ro 1. Est-ce r\u00e9ellement possible, pour la marque japonaise ? R\u00e9ponse d\u00e9but ao\u00fbt, \u00e0 priori, donc\u2026<\/p>\n<blockquote class=\"twitter-tweet\">\n<p dir=\"ltr\" lang=\"en\">P10 for Taka and P14 for Johann in the first free practice <a href=\"https:\/\/twitter.com\/hashtag\/CzechGP?src=hash&amp;ref_src=twsrc%5Etfw\" target=\"_blank\" rel=\"noopener nofollow\">#CzechGP<\/a> <a href=\"https:\/\/t.co\/ZgaiiMvspu\" rel=\"nofollow\">pic.twitter.com\/ZgaiiMvspu<\/a><\/p>\n<p>\u2014 LCR Team (@lcr_team) <a href=\"https:\/\/twitter.com\/lcr_team\/status\/1946142770059415979?ref_src=twsrc%5Etfw\" target=\"_blank\" rel=\"noopener nofollow\">July 18, 2025<\/a><\/p>\n<\/blockquote>\n<p>Article publi\u00e9 le 19\/07\/2025 \u00e0 5h45<\/p>\n<p>                                                            <script async src=\"https:\/\/platform.twitter.com\/widgets.js\" charset=\"utf-8\"><\/script><\/p>\n","protected":false},"excerpt":{"rendered":"C\u2019est le patron du Team satellite LCR en MotoGP, Lucio Cecchinello, qui a confirm\u00e9 l\u2019information. L\u2019Italien pense que&hellip;\n","protected":false},"author":2,"featured_media":258042,"comment_status":"","ping_status":"","sticky":false,"template":"","format":"standard","meta":{"footnotes":""},"categories":[1412],"tags":[1451,1452,1453,1454,1455,1011,27,1741,9452,1458,60],"class_list":{"0":"post-258041","1":"post","2":"type-post","3":"status-publish","4":"format-standard","5":"has-post-thumbnail","7":"category-f1","8":"tag-f1","9":"tag-formula-1","10":"tag-formula1","11":"tag-formule-1","12":"tag-formule1","13":"tag-fr","14":"tag-france","15":"tag-johann-zarco","16":"tag-lcr","17":"tag-motogp","18":"tag-sports"},"share_on_mastodon":{"url":"https:\/\/pubeurope.com\/@fr\/114878137163945853","error":""},"_links":{"self":[{"href":"https:\/\/www.europesays.com\/fr\/wp-json\/wp\/v2\/posts\/258041","targetHints":{"allow":["GET"]}}],"collection":[{"href":"https:\/\/www.europesays.com\/fr\/wp-json\/wp\/v2\/posts"}],"about":[{"href":"https:\/\/www.europesays.com\/fr\/wp-json\/wp\/v2\/types\/post"}],"author":[{"embeddable":true,"href":"https:\/\/www.europesays.com\/fr\/wp-json\/wp\/v2\/users\/2"}],"replies":[{"embeddable":true,"href":"https:\/\/www.europesays.com\/fr\/wp-json\/wp\/v2\/comments?post=258041"}],"version-history":[{"count":0,"href":"https:\/\/www.europesays.com\/fr\/wp-json\/wp\/v2\/posts\/258041\/revisions"}],"wp:featuredmedia":[{"embeddable":true,"href":"https:\/\/www.europesays.com\/fr\/wp-json\/wp\/v2\/media\/258042"}],"wp:attachment":[{"href":"https:\/\/www.europesays.com\/fr\/wp-json\/wp\/v2\/media?parent=258041"}],"wp:term":[{"taxonomy":"category","embeddable":true,"href":"https:\/\/www.europesays.com\/fr\/wp-json\/wp\/v2\/categories?post=258041"},{"taxonomy":"post_tag","embeddable":true,"href":"https:\/\/www.europesays.com\/fr\/wp-json\/wp\/v2\/tags?post=258041"}],"curies":[{"name":"wp","href":"https:\/\/api.w.org\/{rel}","templated":true}]}}