{"id":258059,"date":"2025-07-19T05:08:12","date_gmt":"2025-07-19T05:08:12","guid":{"rendered":"https:\/\/www.europesays.com\/fr\/258059\/"},"modified":"2025-07-19T05:08:12","modified_gmt":"2025-07-19T05:08:12","slug":"un-partenariat-pour-faciliter-lacces-aux-soins-dans-les-communes-de-lespace-sud-en-martinique","status":"publish","type":"post","link":"https:\/\/www.europesays.com\/fr\/258059\/","title":{"rendered":"Un partenariat pour faciliter l\u2019acc\u00e8s aux soins dans les communes de l\u2019Espace Sud en Martinique"},"content":{"rendered":"<p style=\"margin-bottom:11px\">Le projet \u00e9tait en gestation depuis 10 ans.<\/p>\n<p>\u00a0L\u2019Agence r\u00e9gionale de sant\u00e9 et l\u2019Espace Sud ont enfin sign\u00e9 le contrat local intercommunal de sant\u00e9, ce jeudi matin (17 juillet), au si\u00e8ge de l\u2019Espace Sud, \u00e0 Rivi\u00e8re-Sal\u00e9e.<\/p>\n<p>R\u00e9duire les in\u00e9galit\u00e9s sociales et territoriales de sant\u00e9 et am\u00e9liorer l\u2019acc\u00e8s aux soins, ce sont les principaux objectifs de ce partenariat entre l\u2019\u00c9tat et la communaut\u00e9 d\u2019agglom\u00e9ration du Sud.<\/p>\n<p>Le projet a \u00e9t\u00e9 lanc\u00e9 en 2015. Un diagnostic de territoire a \u00e9t\u00e9 effectu\u00e9, puis un comit\u00e9 de pilotage a men\u00e9 des travaux de concertation, avec le concours de la population.<\/p>\n<p>Cinq axes<\/p>\n<p>Cinq axes ont \u00e9t\u00e9 d\u00e9finis parmi lesquels la pr\u00e9vention pour tous, la promotion de la sant\u00e9 mentale ou encore l\u2019am\u00e9lioration de la communication entre les diff\u00e9rents acteurs de sant\u00e9 du territoire.\u00a0<\/p>\n<p><strong>Hugues Toussay, vice-pr\u00e9sident de l\u2019Espace Sud<\/strong>, livre quelques exemples d\u2019actions qui devraient se d\u00e9cliner \u00e0 l\u2019horizon 2026.<\/p>\n<blockquote>\n<p>Par exemple dans l&rsquo;acte 1, o\u00f9 on a l&rsquo;am\u00e9lioration de l&rsquo;acc\u00e8s et \u00e0 l&rsquo;offre de soins, l&rsquo;objectif op\u00e9rationnel, c\u2019est de mettre en place un transport que nous avons intitul\u00e9 Transport b\u00f2kay Sud Sant\u00e9. L&rsquo;id\u00e9e, c&rsquo;est que \u00e7a soit un transport d\u00e9di\u00e9 \u00e0 l&rsquo;acc\u00e8s aux soins en compl\u00e9ment du transport en commun pour que les personnes les plus en difficult\u00e9 sociale puissent avoir un moyen de transport pour acc\u00e9der aux plateformes de sant\u00e9, faire des IRM, etc. Nous avons aussi une action, Allo \u00a0Sud Sant\u00e9. L\u2019id\u00e9e, c\u2019est de cr\u00e9er une plateforme accessible \u00e0 tous les habitants pour la prise de rendez-vous m\u00e9dicaux, etc. etc. On veut aussi sensibiliser les jeunes sur la probl\u00e9matique de la sant\u00e9 mentale et avoir un village des aidants. \u00a0Il s\u2019agit de voir ce que l&rsquo;Espace Sud peut concr\u00e8tement faire pour r\u00e9soudre ce probl\u00e8me d&rsquo;in\u00e9galit\u00e9s territoriales parce que l&rsquo;offre de sant\u00e9 n&rsquo;est pas \u00e9quilibr\u00e9e sur le territoire et que tout un chacun n&rsquo;est pas socialement au m\u00eame niveau que les autres.<\/p>\n<\/blockquote>\n<p>Des actions d\u00e8s 2026<\/p>\n<p>La signature de ce contrat local intercommunal de sant\u00e9 a \u00e9t\u00e9 un processus long, mais qui devrait porter ses fruits selon <strong>Hugues Toussay.<\/strong><\/p>\n<blockquote>\n<p>C&rsquo;est vrai que \u00e7a a mis dix ans, mais je pense que d\u00e8s 2026, on pourra d\u00e9j\u00e0 voir un certain nombre d&rsquo;actions mises en place sur le territoire. Il y a l&rsquo;am\u00e9lioration \u00e0 l&rsquo;acc\u00e8s et \u00e0 l&rsquo;offre de soins, d\u00e9velopper la pr\u00e9vention pour tous. On a mis aussi un accent sur la promotion de la sant\u00e9 mentale et le bien-\u00eatre. Et enfin, l&rsquo;am\u00e9lioration de la coordination et la communication entre les acteurs de la sant\u00e9. Sur les actions, il y aura des financements d\u00e9di\u00e9s, donc une mobilisation du droit commun propre \u00e0 chaque secteur, que ce soit sur des appels \u00e0 projets, appels \u00e0 candidatures, des conventions de financement. Et il y aura aussi la possibilit\u00e9 de mobiliser des espaces de cofinancement avec notamment des contrats de convergence territoriale, une conf\u00e9rence des financeurs. L&rsquo;aspect financier est d&rsquo;autant plus important parce que, si, effectivement, on veut faire en sorte que la sant\u00e9 soit une priorit\u00e9 et bien il faudra mettre de l&rsquo;argent sur la table.<\/p>\n<\/blockquote>\n","protected":false},"excerpt":{"rendered":"Le projet \u00e9tait en gestation depuis 10 ans. \u00a0L\u2019Agence r\u00e9gionale de sant\u00e9 et l\u2019Espace Sud ont enfin sign\u00e9&hellip;\n","protected":false},"author":2,"featured_media":258060,"comment_status":"","ping_status":"","sticky":false,"template":"","format":"standard","meta":{"footnotes":""},"categories":[10],"tags":[1011,27,72,71],"class_list":{"0":"post-258059","1":"post","2":"type-post","3":"status-publish","4":"format-standard","5":"has-post-thumbnail","7":"category-sante","8":"tag-fr","9":"tag-france","10":"tag-health","11":"tag-sante"},"share_on_mastodon":{"url":"https:\/\/pubeurope.com\/@fr\/114878172562140381","error":""},"_links":{"self":[{"href":"https:\/\/www.europesays.com\/fr\/wp-json\/wp\/v2\/posts\/258059","targetHints":{"allow":["GET"]}}],"collection":[{"href":"https:\/\/www.europesays.com\/fr\/wp-json\/wp\/v2\/posts"}],"about":[{"href":"https:\/\/www.europesays.com\/fr\/wp-json\/wp\/v2\/types\/post"}],"author":[{"embeddable":true,"href":"https:\/\/www.europesays.com\/fr\/wp-json\/wp\/v2\/users\/2"}],"replies":[{"embeddable":true,"href":"https:\/\/www.europesays.com\/fr\/wp-json\/wp\/v2\/comments?post=258059"}],"version-history":[{"count":0,"href":"https:\/\/www.europesays.com\/fr\/wp-json\/wp\/v2\/posts\/258059\/revisions"}],"wp:featuredmedia":[{"embeddable":true,"href":"https:\/\/www.europesays.com\/fr\/wp-json\/wp\/v2\/media\/258060"}],"wp:attachment":[{"href":"https:\/\/www.europesays.com\/fr\/wp-json\/wp\/v2\/media?parent=258059"}],"wp:term":[{"taxonomy":"category","embeddable":true,"href":"https:\/\/www.europesays.com\/fr\/wp-json\/wp\/v2\/categories?post=258059"},{"taxonomy":"post_tag","embeddable":true,"href":"https:\/\/www.europesays.com\/fr\/wp-json\/wp\/v2\/tags?post=258059"}],"curies":[{"name":"wp","href":"https:\/\/api.w.org\/{rel}","templated":true}]}}