{"id":258063,"date":"2025-07-19T05:10:12","date_gmt":"2025-07-19T05:10:12","guid":{"rendered":"https:\/\/www.europesays.com\/fr\/258063\/"},"modified":"2025-07-19T05:10:12","modified_gmt":"2025-07-19T05:10:12","slug":"les-vieilles-charrues-ont-debute-sous-une-chaleur-des-tropiques-en-images","status":"publish","type":"post","link":"https:\/\/www.europesays.com\/fr\/258063\/","title":{"rendered":"Les Vieilles Charrues ont d\u00e9but\u00e9 sous une chaleur des tropiques [En images]"},"content":{"rendered":"<p>Les festivaliers avaient assur\u00e9ment du soleil sur la peau ce jeudi 17 juillet 2025 pour le coup d\u2019envoi des Vieilles Charrues. Comme pr\u00e9vu, les temp\u00e9ratures \u00e9taient estivales avec pas loin de 30 degr\u00e9s de ressenti au plus chaud de la journ\u00e9e. Alors, forc\u00e9ment, il faut se prot\u00e9ger : boissons, couvre-chefs et autres \u00e9ventails \u00e9taient de la partie. Le th\u00e8me de cette \u00e9dition, les \u00eeles paradisiaques, n\u2019a donc jamais sembl\u00e9 aussi ad\u00e9quat que pour cette premi\u00e8re journ\u00e9e sous la chaleur\u2026 des tropiques !<\/p>\n","protected":false},"excerpt":{"rendered":"Les festivaliers avaient assur\u00e9ment du soleil sur la peau ce jeudi 17 juillet 2025 pour le coup d\u2019envoi&hellip;\n","protected":false},"author":2,"featured_media":258064,"comment_status":"","ping_status":"","sticky":false,"template":"","format":"standard","meta":{"footnotes":""},"categories":[8],"tags":[829,5934,251,58,59,3321,1011,27,873,38885,35758],"class_list":{"0":"post-258063","1":"post","2":"type-post","3":"status-publish","4":"format-standard","5":"has-post-thumbnail","7":"category-divertissement","8":"tag-bretagne","9":"tag-carhaix-plouguer","10":"tag-culture","11":"tag-divertissement","12":"tag-entertainment","13":"tag-finistere","14":"tag-fr","15":"tag-france","16":"tag-musique","17":"tag-vieilles-charrues-2025","18":"tag-vieilles-charrues"},"share_on_mastodon":{"url":"https:\/\/pubeurope.com\/@fr\/114878180799159350","error":""},"_links":{"self":[{"href":"https:\/\/www.europesays.com\/fr\/wp-json\/wp\/v2\/posts\/258063","targetHints":{"allow":["GET"]}}],"collection":[{"href":"https:\/\/www.europesays.com\/fr\/wp-json\/wp\/v2\/posts"}],"about":[{"href":"https:\/\/www.europesays.com\/fr\/wp-json\/wp\/v2\/types\/post"}],"author":[{"embeddable":true,"href":"https:\/\/www.europesays.com\/fr\/wp-json\/wp\/v2\/users\/2"}],"replies":[{"embeddable":true,"href":"https:\/\/www.europesays.com\/fr\/wp-json\/wp\/v2\/comments?post=258063"}],"version-history":[{"count":0,"href":"https:\/\/www.europesays.com\/fr\/wp-json\/wp\/v2\/posts\/258063\/revisions"}],"wp:featuredmedia":[{"embeddable":true,"href":"https:\/\/www.europesays.com\/fr\/wp-json\/wp\/v2\/media\/258064"}],"wp:attachment":[{"href":"https:\/\/www.europesays.com\/fr\/wp-json\/wp\/v2\/media?parent=258063"}],"wp:term":[{"taxonomy":"category","embeddable":true,"href":"https:\/\/www.europesays.com\/fr\/wp-json\/wp\/v2\/categories?post=258063"},{"taxonomy":"post_tag","embeddable":true,"href":"https:\/\/www.europesays.com\/fr\/wp-json\/wp\/v2\/tags?post=258063"}],"curies":[{"name":"wp","href":"https:\/\/api.w.org\/{rel}","templated":true}]}}