{"id":258075,"date":"2025-07-19T05:16:11","date_gmt":"2025-07-19T05:16:11","guid":{"rendered":"https:\/\/www.europesays.com\/fr\/258075\/"},"modified":"2025-07-19T05:16:11","modified_gmt":"2025-07-19T05:16:11","slug":"saint-etienne-le-gobelet-francais-va-aider-les-clubs-de-foot-professionnel-a-utiliser-des-verres-reutilisables","status":"publish","type":"post","link":"https:\/\/www.europesays.com\/fr\/258075\/","title":{"rendered":"Saint-Etienne. Le Gobelet fran\u00e7ais va aider les clubs de foot professionnel \u00e0 utiliser des verres r\u00e9utilisables"},"content":{"rendered":"<p>Elle travaille d\u00e9j\u00e0 depuis plusieurs ann\u00e9es avec le monde du foot professionnel, puisqu\u2019elle fournit des gobelets r\u00e9utilisables (personnalis\u00e9s ou pas) \u00e0 plusieurs clubs de Ligue 1 et de Ligue 2\u00a0: l\u2019ASSE, mais aussi le PSG, l\u2019OM, Lille, Strasbourg, Auxerre, Reims\u2026<\/p>\n<p>Mais, tout r\u00e9cemment, la petite entreprise st\u00e9phanoise a franchi un pas significatif. Le Gobelet fran\u00e7ais vient en effet de signer un partenariat avec la Ligue de football professionnel, dans le cadre du label \u00ab\u00a0Restauration\u00a0\u00bb de celle-ci. Le Gobelet fran\u00e7ais devient le premier (et le seul \u00e0 ce jour) partenaire de la LFP pour les gobelets r\u00e9utilisables.<\/p>\n<p>  Identifi\u00e9 comme expert du gobelet r\u00e9utilisable<\/p>\n<p>En clair, cela ne signifie pas que Le Gobelet fran\u00e7ais va d\u00e9sormais devenir le fournisseur de tous les clubs de foot professionnels fran\u00e7ais, mais qu\u2019il va accompagner ceux qui le souhaitent vers la mise en place ou l\u2019am\u00e9lioration d\u2019un service de gobelets r\u00e9utilisables.<\/p>\n<p>\u00ab\u00a0Nous allons participer \u00e0 des ateliers, des s\u00e9minaires de la LFP, o\u00f9 nous interviendrons sur cette th\u00e9matique\u00a0\u00bb, pr\u00e9cise Florian Garnier, cofondateur de l\u2019entreprise. \u00ab\u00a0Les gobelets en plastique jetables ne sont plus autoris\u00e9s, ils sont remplac\u00e9s par des gobelets r\u00e9utilisables ou des gobelets en carton. C\u2019est d\u00e9sormais entr\u00e9 dans les pratiques. En revanche, il y a encore beaucoup de points \u00e0 optimiser pour am\u00e9liorer l\u2019exp\u00e9rience client et l\u2019impact environnemental. Sur les sujets de la consigne par exemple, de la personnalisation, du lavage,\u00a0etc. Il ne faut pas que le gobelet r\u00e9utilisable devienne un goodies\u00a0\u00bb, illustre le dirigeant.<\/p>\n<p>Une expertise d\u00e9livr\u00e9e \u00e0 titre gracieux<\/p>\n<p>Dans le cadre de ce partenariat, Le Gobelet fran\u00e7ais d\u00e9livrera son expertise \u00e0 titre gracieux. Avec, \u00e9videmment, des retomb\u00e9es int\u00e9ressantes probables. De fait, l\u2019entreprise st\u00e9phanoise endossera en effet un r\u00f4le d\u2019expert qui devrait lui permettre d\u2019ouvrir plus facilement certaines portes.<\/p>\n<p>L\u2019ann\u00e9e derni\u00e8re, Le Gobelet fran\u00e7ais a r\u00e9alis\u00e9 un chiffre d\u2019affaires de 7 millions d\u2019euros et a vendu 15\u00a0millions de gobelets r\u00e9utilisables (fabriqu\u00e9s \u00e0 Roanne, Oyonnax et Saint-Pal-de-Mons).<\/p>\n<p>L\u2019entreprise est un des leaders fran\u00e7ais de son march\u00e9. Elle r\u00e9alise 70\u00a0% de son chiffre d\u2019affaires en B2C (mariages, anniversaires,\u00a0etc.), mais entend d\u00e9sormais acc\u00e9l\u00e9rer sur le march\u00e9 des professionnels.<\/p>\n","protected":false},"excerpt":{"rendered":"Elle travaille d\u00e9j\u00e0 depuis plusieurs ann\u00e9es avec le monde du foot professionnel, puisqu\u2019elle fournit des gobelets r\u00e9utilisables (personnalis\u00e9s&hellip;\n","protected":false},"author":2,"featured_media":258076,"comment_status":"","ping_status":"","sticky":false,"template":"","format":"standard","meta":{"footnotes":""},"categories":[9653],"tags":[1111,11,2430,33,7539,1777,674,1011,27,3367,12,25,4001,7538,216],"class_list":{"0":"post-258075","1":"post","2":"type-post","3":"status-publish","4":"format-standard","5":"has-post-thumbnail","7":"category-saint-etienne","8":"tag-actu","9":"tag-actualites","10":"tag-auvergne-rhone-alpes","11":"tag-economie","12":"tag-edition-loire-sud","13":"tag-eu","14":"tag-europe","15":"tag-fr","16":"tag-france","17":"tag-loire","18":"tag-news","19":"tag-republique-francaise","20":"tag-saint-etienne","21":"tag-saint-etienne-ville","22":"tag-vie-des-entreprises"},"share_on_mastodon":{"url":"https:\/\/pubeurope.com\/@fr\/114878204032767603","error":""},"_links":{"self":[{"href":"https:\/\/www.europesays.com\/fr\/wp-json\/wp\/v2\/posts\/258075","targetHints":{"allow":["GET"]}}],"collection":[{"href":"https:\/\/www.europesays.com\/fr\/wp-json\/wp\/v2\/posts"}],"about":[{"href":"https:\/\/www.europesays.com\/fr\/wp-json\/wp\/v2\/types\/post"}],"author":[{"embeddable":true,"href":"https:\/\/www.europesays.com\/fr\/wp-json\/wp\/v2\/users\/2"}],"replies":[{"embeddable":true,"href":"https:\/\/www.europesays.com\/fr\/wp-json\/wp\/v2\/comments?post=258075"}],"version-history":[{"count":0,"href":"https:\/\/www.europesays.com\/fr\/wp-json\/wp\/v2\/posts\/258075\/revisions"}],"wp:featuredmedia":[{"embeddable":true,"href":"https:\/\/www.europesays.com\/fr\/wp-json\/wp\/v2\/media\/258076"}],"wp:attachment":[{"href":"https:\/\/www.europesays.com\/fr\/wp-json\/wp\/v2\/media?parent=258075"}],"wp:term":[{"taxonomy":"category","embeddable":true,"href":"https:\/\/www.europesays.com\/fr\/wp-json\/wp\/v2\/categories?post=258075"},{"taxonomy":"post_tag","embeddable":true,"href":"https:\/\/www.europesays.com\/fr\/wp-json\/wp\/v2\/tags?post=258075"}],"curies":[{"name":"wp","href":"https:\/\/api.w.org\/{rel}","templated":true}]}}