{"id":258077,"date":"2025-07-19T05:17:13","date_gmt":"2025-07-19T05:17:13","guid":{"rendered":"https:\/\/www.europesays.com\/fr\/258077\/"},"modified":"2025-07-19T05:17:13","modified_gmt":"2025-07-19T05:17:13","slug":"asse-apres-dufuss-une-mysterieuse-recrue-arrive-a-saint-etienne","status":"publish","type":"post","link":"https:\/\/www.europesays.com\/fr\/258077\/","title":{"rendered":"ASSE\u00a0: apr\u00e8s Dufuss, une myst\u00e9rieuse recrue arrive \u00e0 Saint-\u00c9tienne\u00a0!"},"content":{"rendered":"<p><strong>Alors que Joshua Dufuss devrait \u00eatre le prochain joueur \u00e0 signer \u00e0 l\u2019AS Saint-\u00c9tienne, une autre recrue myst\u00e9rieuse serait attendue chez les Verts.<\/strong><\/p>\n<p>Le mercato de l\u2019AS Saint-\u00c9tienne est sur le point de conna\u00eetre un nouveau tournant. Selon les derni\u00e8res r\u00e9v\u00e9lations du journaliste S\u00e9bastien Denis, un joueur est tr\u00e8s proche de s\u2019engager avec le club st\u00e9phanois. Bien que son nom reste encore un secret bien gard\u00e9, plusieurs indices laissent penser qu\u2019il s\u2019agirait d\u2019un lat\u00e9ral gauche, un poste que l\u2019ASSE cherche \u00e0 renforcer depuis plusieurs semaines.<\/p>\n<p>Les supporters esp\u00e8rent que ce nouveau renfort apportera de la stabilit\u00e9 et du dynamisme \u00e0 une d\u00e9fense souvent mise \u00e0 mal ces derniers mois. En interne, la cellule de recrutement aurait travaill\u00e9 d\u2019arrache-pied pour trouver un joueur capable de s\u2019int\u00e9grer rapidement dans le groupe et de relever les d\u00e9fis \u00e0 venir.<\/p>\n<p>Plusieurs pistes circulent d\u00e9j\u00e0 dans les m\u00e9dias, mais aucune n\u2019a encore \u00e9t\u00e9 confirm\u00e9e par les dirigeants. Certains \u00e9voquent un joueur exp\u00e9riment\u00e9, d\u2019autres une jeune promesse venue d\u2019un championnat \u00e9tranger. Quoi qu\u2019il en soit, cette signature imminente pourrait bien \u00eatre la prochaine d\u2019une s\u00e9rie pour l\u2019ASSE, qui veut montrer ses ambitions renouvel\u00e9es sur le march\u00e9 des transferts. Dans les prochaines heures, il faudra donc \u00eatre vigilant aux annonces officielles du club, qui pourraient confirmer la signature de ce fameux lat\u00e9ral gauche.\u00a0<\/p>\n","protected":false},"excerpt":{"rendered":"Alors que Joshua Dufuss devrait \u00eatre le prochain joueur \u00e0 signer \u00e0 l\u2019AS Saint-\u00c9tienne, une autre recrue myst\u00e9rieuse&hellip;\n","protected":false},"author":2,"featured_media":258078,"comment_status":"","ping_status":"","sticky":false,"template":"","format":"standard","meta":{"footnotes":""},"categories":[9653],"tags":[1111,11,2430,448,1777,674,63,1011,27,66,3388,12,25,4001,10662],"class_list":{"0":"post-258077","1":"post","2":"type-post","3":"status-publish","4":"format-standard","5":"has-post-thumbnail","7":"category-saint-etienne","8":"tag-actu","9":"tag-actualites","10":"tag-auvergne-rhone-alpes","11":"tag-champions-league","12":"tag-eu","13":"tag-europe","14":"tag-football","15":"tag-fr","16":"tag-france","17":"tag-ligue-1","18":"tag-matchs","19":"tag-news","20":"tag-republique-francaise","21":"tag-saint-etienne","22":"tag-transferts"},"share_on_mastodon":{"url":"https:\/\/pubeurope.com\/@fr\/114878207934822053","error":""},"_links":{"self":[{"href":"https:\/\/www.europesays.com\/fr\/wp-json\/wp\/v2\/posts\/258077","targetHints":{"allow":["GET"]}}],"collection":[{"href":"https:\/\/www.europesays.com\/fr\/wp-json\/wp\/v2\/posts"}],"about":[{"href":"https:\/\/www.europesays.com\/fr\/wp-json\/wp\/v2\/types\/post"}],"author":[{"embeddable":true,"href":"https:\/\/www.europesays.com\/fr\/wp-json\/wp\/v2\/users\/2"}],"replies":[{"embeddable":true,"href":"https:\/\/www.europesays.com\/fr\/wp-json\/wp\/v2\/comments?post=258077"}],"version-history":[{"count":0,"href":"https:\/\/www.europesays.com\/fr\/wp-json\/wp\/v2\/posts\/258077\/revisions"}],"wp:featuredmedia":[{"embeddable":true,"href":"https:\/\/www.europesays.com\/fr\/wp-json\/wp\/v2\/media\/258078"}],"wp:attachment":[{"href":"https:\/\/www.europesays.com\/fr\/wp-json\/wp\/v2\/media?parent=258077"}],"wp:term":[{"taxonomy":"category","embeddable":true,"href":"https:\/\/www.europesays.com\/fr\/wp-json\/wp\/v2\/categories?post=258077"},{"taxonomy":"post_tag","embeddable":true,"href":"https:\/\/www.europesays.com\/fr\/wp-json\/wp\/v2\/tags?post=258077"}],"curies":[{"name":"wp","href":"https:\/\/api.w.org\/{rel}","templated":true}]}}