{"id":258081,"date":"2025-07-19T05:20:15","date_gmt":"2025-07-19T05:20:15","guid":{"rendered":"https:\/\/www.europesays.com\/fr\/258081\/"},"modified":"2025-07-19T05:20:15","modified_gmt":"2025-07-19T05:20:15","slug":"nancy-sous-la-neige-un-spectacle-rare-et-enchanteur","status":"publish","type":"post","link":"https:\/\/www.europesays.com\/fr\/258081\/","title":{"rendered":"Nancy sous la neige : un spectacle rare et enchanteur"},"content":{"rendered":"<p class=\"p1\">Nancy sous la neige, c\u2019est un spectacle rare et toujours enchanteur.<\/p>\n<p class=\"p1\">En cette mi-janvier, les premiers flocons ont recouvert le nord-est de la France.<\/p>\n<p class=\"p1\">\u00c0 Strasbourg, Colmar, Metz ou Belfort, le manteau blanc s\u2019est invit\u00e9, et cette fois, <a href=\"https:\/\/mon-grand-est.fr\/nancy\/\" target=\"_blank\" rel=\"noopener\">Nancy<\/a> n\u2019a pas \u00e9t\u00e9 oubli\u00e9e.<\/p>\n<p class=\"p1\">Voici quelques photos pour capturer la magie de Nancy sous la neige et ce paysage hivernal \u00e9ph\u00e9m\u00e8re.<\/p>\n<p>\u00a0<\/p>\n<p>Nancy sous la neige : des instants rares !<\/p>\n<p style=\"text-align: justify;\">De par sa situation dans une cuvette, Nancy ne jouit pas d\u2019un cumul de neige particuli\u00e8rement important.<\/p>\n<p>Alors que dans la campagne environnante (le Plateau de Haye, le Xaintois ou le pays de Vic), la neige qui tombe tient au sol, il n\u2019en est pas de m\u00eame dans la capitale des ducs de Lorraine.<\/p>\n<p>De plus, l\u2019intense activit\u00e9 humaine n\u2019est pas \u00e9trang\u00e8re \u00e0 ce ph\u00e9nom\u00e8ne.<\/p>\n<p>Comme \u00e0 Paris et dans les grandes m\u00e9tropoles, la neige se transforme vite en gadoue, au passage des premi\u00e8res voitures\u2026<\/p>\n<p>Au grand dam des enfants qui pensaient pouvoir assembler un bonhomme de neige !<\/p>\n<p>Mais cette ann\u00e9e, les chutes de neige ont \u00e9t\u00e9 suffisamment abondantes pour recouvrir le sol nanc\u00e9ien d\u2019un beau manteau blanc.<\/p>\n<p>Avec le retour du soleil, la ville aux portes d\u2019or s\u2019est transform\u00e9e en \u2018Winter Wonderland\u2018 (litt\u00e9ralement : un monde hivernal merveilleux !)<\/p>\n<p>Gr\u00e2ce \u00e0 mon oncle Michel qui est sur place (pour ma part, je r\u00e9side actuellement en Angleterre), je vous emm\u00e8ne le long d\u2019une petite balade photographique dans les rues et places de Nancy sous la neige.<\/p>\n<p>Avec quelques photos en prime, prises lors d\u2019\u00e9pisodes neigeux ant\u00e9rieurs.<\/p>\n<p>Ces photos vous r\u00e9v\u00e8leront quelques beaux sites \u00e0 d\u00e9couvrir \u00e0 Nancy\u2026 avec une pointe d\u2019enchantement !<\/p>\n<p>\u00a0<\/p>\n<p>O\u00f9 loger \u00e0 Nancy pendant l\u2019hiver ?<\/p>\n<p class=\"p1\">Si vous r\u00eavez de d\u00e9couvrir <b>Nancy sous la neige<\/b>, pourquoi ne pas en profiter pour y passer quelques jours ?<\/p>\n<p class=\"p1\">Que vous soyez plut\u00f4t h\u00f4tel cosy dans le centre historique ou h\u00e9bergement moderne \u00e0 deux pas de la gare, Nancy a de quoi satisfaire toutes les envies.<\/p>\n<p class=\"p1\">Pour vous aider \u00e0 trouver le pied-\u00e0-terre parfait, je vous ai pr\u00e9par\u00e9 une carte interactive.<\/p>\n<p class=\"p1\">Vous pourrez explorer les options et r\u00e9server votre h\u00f4tel directement.<\/p>\n<p class=\"p1\"><strong><a href=\"https:\/\/www.booking.com\/searchresults.en.html?city=-1454430&amp;aid=1673480&amp;no_rooms=1&amp;group_adults=2\" target=\"_blank\" rel=\"noopener\">Cliquez ici pour trouver votre cocon hivernal<\/a><\/strong> \u00e0 Nancy et profiter pleinement de son charme enneig\u00e9 !<\/p>\n<\/p>\n<p>\u00a0<\/p>\n<p>Nancy sous la neige : visite guid\u00e9e<\/p>\n<p>Les premiers flocons de neige tombent ?<\/p>\n<p>Vite, il faut se d\u00e9p\u00eacher d\u2019arriver sur la place Stanislas avant que la neige ne fonde !<\/p>\n<p>\u00a0<\/p>\n<p>La place Stanislas sous la neige<\/p>\n<p>La <a href=\"https:\/\/mon-grand-est.fr\/place-stanislas\/\" target=\"_blank\" rel=\"noopener\">place Stanislas<\/a>, cr\u00e9\u00e9e dans les ann\u00e9es 1750, est en effet le point de convergence des Nanc\u00e9iens.<\/p>\n<p>Ce chef d\u2019\u0153uvre d\u2019architecture n\u00e9o-classique est c\u00e9l\u00e8bre pour ses fontaines et grilles en fer forg\u00e9.<\/p>\n<p>Celles-ci sont sublim\u00e9es par la blancheur de la neige.<\/p>\n<p><img loading=\"lazy\" decoding=\"async\" class=\"size-full wp-image-17443\" src=\"https:\/\/www.europesays.com\/fr\/wp-content\/uploads\/2025\/07\/Nancy-Place-Stanislas-Snow-2021-05-LR-copyright-French-Moments.jpg\" alt=\"Nancy sous la neige \u00a9 French Moments\" width=\"1200\" height=\"900\" data-jpibfi-post-excerpt=\"\" data-jpibfi-post-url=\"https:\/\/mon-grand-est.fr\/nancy-sous-la-neige\/\" data-jpibfi-post-title=\"Nancy sous la neige : un spectacle rare et enchanteur\" data-jpibfi-src=\"https:\/\/www.europesays.com\/fr\/wp-content\/uploads\/2025\/07\/Nancy-Place-Stanislas-Snow-2021-05-LR-copyright-French-Moments.jpg\"  \/>Nancy sous la neige : l\u2019entr\u00e9e de la Place Stanislas \u00a9 French Moments<img loading=\"lazy\" decoding=\"async\" class=\"size-full wp-image-17442\" src=\"https:\/\/www.europesays.com\/fr\/wp-content\/uploads\/2025\/07\/Nancy-Place-Stanislas-Snow-2021-04-LR-copyright-French-Moments.jpg\" alt=\"Place Stanislas sous la neige \u00a9 French Moments\" width=\"1200\" height=\"900\" data-jpibfi-post-excerpt=\"\" data-jpibfi-post-url=\"https:\/\/mon-grand-est.fr\/nancy-sous-la-neige\/\" data-jpibfi-post-title=\"Nancy sous la neige : un spectacle rare et enchanteur\" data-jpibfi-src=\"https:\/\/www.europesays.com\/fr\/wp-content\/uploads\/2025\/07\/Nancy-Place-Stanislas-Snow-2021-04-LR-copyright-French-Moments.jpg\"  \/>La Place Stanislas sous la neige \u00a9 French Moments<img loading=\"lazy\" decoding=\"async\" class=\"size-full wp-image-17441\" src=\"https:\/\/www.europesays.com\/fr\/wp-content\/uploads\/2025\/07\/Nancy-Place-Stanislas-Snow-2021-03-LR-\u00a9-French-Moments.jpg\" alt=\"Nancy sous la neige \u00a9 French Moments\" width=\"1200\" height=\"900\" data-jpibfi-post-excerpt=\"\" data-jpibfi-post-url=\"https:\/\/mon-grand-est.fr\/nancy-sous-la-neige\/\" data-jpibfi-post-title=\"Nancy sous la neige : un spectacle rare et enchanteur\" data-jpibfi-src=\"https:\/\/www.europesays.com\/fr\/wp-content\/uploads\/2025\/07\/Nancy-Place-Stanislas-Snow-2021-03-LR-\u00a9-French-Moments.jpg\"  \/>Nancy sous la neige : Place Stanislas \u00a9 French Moments<img loading=\"lazy\" decoding=\"async\" class=\"size-full wp-image-17444\" src=\"https:\/\/www.europesays.com\/fr\/wp-content\/uploads\/2025\/07\/Nancy-Place-Stanislas-Snow-2021-LR-copyright-French-Moments.jpg\" alt=\"Place Stanislas sous la neige \u00a9 French Moments\" width=\"1200\" height=\"900\" data-jpibfi-post-excerpt=\"\" data-jpibfi-post-url=\"https:\/\/mon-grand-est.fr\/nancy-sous-la-neige\/\" data-jpibfi-post-title=\"Nancy sous la neige : un spectacle rare et enchanteur\" data-jpibfi-src=\"https:\/\/www.europesays.com\/fr\/wp-content\/uploads\/2025\/07\/Nancy-Place-Stanislas-Snow-2021-LR-copyright-French-Moments.jpg\"  \/>La fontaine d\u2019Amphitrite sous la neige \u00a9 French Moments<img loading=\"lazy\" decoding=\"async\" class=\"size-full wp-image-17456\" src=\"https:\/\/www.europesays.com\/fr\/wp-content\/uploads\/2025\/07\/Nancy-Place-Stanislas-Amphitrite-Snow-LR-\u00a9-French-Moments.jpg\" alt=\"Place Stanislas \u00a9 French Moments\" width=\"1200\" height=\"900\" data-jpibfi-post-excerpt=\"\" data-jpibfi-post-url=\"https:\/\/mon-grand-est.fr\/nancy-sous-la-neige\/\" data-jpibfi-post-title=\"Nancy sous la neige : un spectacle rare et enchanteur\" data-jpibfi-src=\"https:\/\/www.europesays.com\/fr\/wp-content\/uploads\/2025\/07\/Nancy-Place-Stanislas-Amphitrite-Snow-LR-\u00a9-French-Moments.jpg\"  \/>D\u00e9tail de la fontaine d\u2019Amphitrite \u00a9 French Moments<img loading=\"lazy\" decoding=\"async\" class=\"size-full wp-image-17458\" src=\"https:\/\/www.europesays.com\/fr\/wp-content\/uploads\/2025\/07\/Nancy-Place-Stanislas-Amphitrite-Snow-LR-copyright-French-Moments.jpg\" alt=\"La fontaine d'Amphitrite et les grilles en fer forg\u00e9 \u00a9 French Moments\" width=\"1200\" height=\"803\" data-jpibfi-post-excerpt=\"\" data-jpibfi-post-url=\"https:\/\/mon-grand-est.fr\/nancy-sous-la-neige\/\" data-jpibfi-post-title=\"Nancy sous la neige : un spectacle rare et enchanteur\" data-jpibfi-src=\"https:\/\/www.europesays.com\/fr\/wp-content\/uploads\/2025\/07\/Nancy-Place-Stanislas-Amphitrite-Snow-LR-copyright-French-Moments.jpg\"  \/>Autre vue de la fontaine d\u2019Amphitrite et les grilles en fer forg\u00e9 \u00a9 French Moments<img loading=\"lazy\" decoding=\"async\" class=\"wp-image-17440\" src=\"https:\/\/www.europesays.com\/fr\/wp-content\/uploads\/2025\/07\/Nancy-Place-Stanislas-Snow-2021-02-LR-copyright-French-Moments.jpg\" alt=\"Nancy sous la neige \u00a9 French Moments\" width=\"500\" height=\"667\" data-jpibfi-post-excerpt=\"\" data-jpibfi-post-url=\"https:\/\/mon-grand-est.fr\/nancy-sous-la-neige\/\" data-jpibfi-post-title=\"Nancy sous la neige : un spectacle rare et enchanteur\" data-jpibfi-src=\"https:\/\/www.europesays.com\/fr\/wp-content\/uploads\/2025\/07\/Nancy-Place-Stanislas-Snow-2021-02-LR-copyright-French-Moments.jpg\"  \/>Nancy sous la neige : l\u2019entr\u00e9e de la Place Stanislas par la fontaine d\u2019Amphitrite \u00a9 French Moments<img loading=\"lazy\" decoding=\"async\" class=\"size-full wp-image-17457\" src=\"https:\/\/www.europesays.com\/fr\/wp-content\/uploads\/2025\/07\/Nancy-Place-Stanislas-Snow-LR-\u00a9-French-Moments.jpg\" alt=\"L'entr\u00e9e sud-est de la place Stanislas \u00a9 French Moments\" width=\"1200\" height=\"900\" data-jpibfi-post-excerpt=\"\" data-jpibfi-post-url=\"https:\/\/mon-grand-est.fr\/nancy-sous-la-neige\/\" data-jpibfi-post-title=\"Nancy sous la neige : un spectacle rare et enchanteur\" data-jpibfi-src=\"https:\/\/www.europesays.com\/fr\/wp-content\/uploads\/2025\/07\/Nancy-Place-Stanislas-Snow-LR-\u00a9-French-Moments.jpg\"  \/>L\u2019entr\u00e9e sud-est de la place Stanislas \u00a9 French Moments<\/p>\n<p>La <a href=\"https:\/\/mon-grand-est.fr\/arc-de-triomphe-here-nancy\/\" target=\"_blank\" rel=\"noopener\"><strong>Porte H\u00e9r\u00e9<\/strong><\/a> (ou Arc de Triomphe) relie les places Stanislas et de la Carri\u00e8re.<\/p>\n<p><img loading=\"lazy\" decoding=\"async\" class=\"size-full wp-image-17430\" src=\"https:\/\/www.europesays.com\/fr\/wp-content\/uploads\/2025\/07\/Nancy-Arc-de-Triomphe-Neige-LR-copyright-French-Moments.jpg\" alt=\"Porte H\u00e9r\u00e9, Nancy \u00a9 French Moments\" width=\"1200\" height=\"900\" data-jpibfi-post-excerpt=\"\" data-jpibfi-post-url=\"https:\/\/mon-grand-est.fr\/nancy-sous-la-neige\/\" data-jpibfi-post-title=\"Nancy sous la neige : un spectacle rare et enchanteur\" data-jpibfi-src=\"https:\/\/www.europesays.com\/fr\/wp-content\/uploads\/2025\/07\/Nancy-Arc-de-Triomphe-Neige-LR-copyright-French-Moments.jpg\"  \/>La porte H\u00e9r\u00e9, arc de triomphe reliant les places Stanislas et de la Carri\u00e8re \u00a9 French Moments<\/p>\n<p>\u00a0<\/p>\n<p>La place de la Carri\u00e8re sous la neige<\/p>\n<p>La <a href=\"https:\/\/mon-grand-est.fr\/place-de-la-carriere-nancy\/\" target=\"_blank\" rel=\"noopener\">place de la Carri\u00e8re<\/a> est une longue place dont la perspective court jusqu\u2019au <a href=\"https:\/\/mon-grand-est.fr\/palais-du-gouvernement-nancy\/\" target=\"_blank\" rel=\"noopener\">palais du Gouvernement<\/a>.<\/p>\n<p>Elle est bord\u00e9e \u00e0 chaque extr\u00e9mit\u00e9 par des grilles en fer forg\u00e9 semblables \u00e0 celle de la place Stanislas.<\/p>\n<p><img loading=\"lazy\" decoding=\"async\" class=\"size-full wp-image-17436\" src=\"https:\/\/www.europesays.com\/fr\/wp-content\/uploads\/2025\/07\/Nancy-Place-de-la-Carriere-Neige-2021-02-LR-copyright-French-Moments.jpg\" alt=\"Place de la Carri\u00e8re \u00a9 French Moments\" width=\"1200\" height=\"900\" data-jpibfi-post-excerpt=\"\" data-jpibfi-post-url=\"https:\/\/mon-grand-est.fr\/nancy-sous-la-neige\/\" data-jpibfi-post-title=\"Nancy sous la neige : un spectacle rare et enchanteur\" data-jpibfi-src=\"https:\/\/www.europesays.com\/fr\/wp-content\/uploads\/2025\/07\/Nancy-Place-de-la-Carriere-Neige-2021-02-LR-copyright-French-Moments.jpg\"  \/>La neige sur la Place de la Carri\u00e8re \u00a9 French Moments<img loading=\"lazy\" decoding=\"async\" class=\"size-full wp-image-17437\" src=\"https:\/\/www.europesays.com\/fr\/wp-content\/uploads\/2025\/07\/Nancy-Place-de-la-Carriere-Neige-2021-03-LR-copyright-French-Moments.jpg\" alt=\"Place de la Carri\u00e8re \u00a9 French Moments\" width=\"1200\" height=\"900\" data-jpibfi-post-excerpt=\"\" data-jpibfi-post-url=\"https:\/\/mon-grand-est.fr\/nancy-sous-la-neige\/\" data-jpibfi-post-title=\"Nancy sous la neige : un spectacle rare et enchanteur\" data-jpibfi-src=\"https:\/\/www.europesays.com\/fr\/wp-content\/uploads\/2025\/07\/Nancy-Place-de-la-Carriere-Neige-2021-03-LR-copyright-French-Moments.jpg\"  \/>Le palais du Gouvernement, Place de la Carri\u00e8re \u00a9 French Moments<img loading=\"lazy\" decoding=\"async\" class=\"size-full wp-image-17438\" src=\"https:\/\/www.europesays.com\/fr\/wp-content\/uploads\/2025\/07\/Nancy-Place-de-la-Carriere-Neige-2021-04-copyright-French-Moments.jpg\" alt=\"Place de la Carri\u00e8re sous la neige \u00a9 French Moments\" width=\"1200\" height=\"900\" data-jpibfi-post-excerpt=\"\" data-jpibfi-post-url=\"https:\/\/mon-grand-est.fr\/nancy-sous-la-neige\/\" data-jpibfi-post-title=\"Nancy sous la neige : un spectacle rare et enchanteur\" data-jpibfi-src=\"https:\/\/www.europesays.com\/fr\/wp-content\/uploads\/2025\/07\/Nancy-Place-de-la-Carriere-Neige-2021-04-copyright-French-Moments.jpg\"  \/>A contre-jour sur la Place de la Carri\u00e8re \u00a9 French Moments<img loading=\"lazy\" decoding=\"async\" class=\"size-full wp-image-17439\" src=\"https:\/\/www.europesays.com\/fr\/wp-content\/uploads\/2025\/07\/Nancy-Place-de-la-Carriere-Neige-2021-LR-copyright-French-Moments.jpg\" alt=\"Place de la Carri\u00e8re sous la neige \u00a9 French Moments\" width=\"1200\" height=\"900\" data-jpibfi-post-excerpt=\"\" data-jpibfi-post-url=\"https:\/\/mon-grand-est.fr\/nancy-sous-la-neige\/\" data-jpibfi-post-title=\"Nancy sous la neige : un spectacle rare et enchanteur\" data-jpibfi-src=\"https:\/\/www.europesays.com\/fr\/wp-content\/uploads\/2025\/07\/Nancy-Place-de-la-Carriere-Neige-2021-LR-copyright-French-Moments.jpg\"  \/>L\u2019entr\u00e9e de Place de la Carri\u00e8re, Nancy \u00a9 French Moments<\/p>\n<p>\u00a0<\/p>\n<p>La Place et l\u2019Eglise Saint-Epvre sous la neige<\/p>\n<p>Les arches sur la gauche du palais du Gouvernement m\u00e8nent \u00e0 la <strong>place Saint-Epvre<\/strong>, domin\u00e9e par le clocher n\u00e9o-gothique de l\u2019<a href=\"https:\/\/mon-grand-est.fr\/basilique-saint-epvre-de-nancy\/\" target=\"_blank\" rel=\"noopener\">\u00e9glise Saint-Epvre<\/a>.<\/p>\n<p><img loading=\"lazy\" decoding=\"async\" class=\"wp-image-17447\" src=\"https:\/\/www.europesays.com\/fr\/wp-content\/uploads\/2025\/07\/Nancy-Saint-Epvre-Neige-2021-03-LR-copyright-French-Moments.jpg\" alt=\"Basilique Saint-Epvre, Nancy \u00a9 French Moments\" width=\"500\" height=\"667\" data-jpibfi-post-excerpt=\"\" data-jpibfi-post-url=\"https:\/\/mon-grand-est.fr\/nancy-sous-la-neige\/\" data-jpibfi-post-title=\"Nancy sous la neige : un spectacle rare et enchanteur\" data-jpibfi-src=\"https:\/\/www.europesays.com\/fr\/wp-content\/uploads\/2025\/07\/Nancy-Saint-Epvre-Neige-2021-03-LR-copyright-French-Moments.jpg\"  \/>La basilique Saint-Epvre vue de la place \u00e9ponyme \u00a9 French Moments<img loading=\"lazy\" decoding=\"async\" class=\"size-full wp-image-17446\" src=\"https:\/\/www.europesays.com\/fr\/wp-content\/uploads\/2025\/07\/Nancy-Saint-Epvre-Neige-2021-02-LR-copyright-French-Moments.jpg\" alt=\"Place Saint-Epvre, Nancy \u00a9 French Moments\" width=\"1200\" height=\"900\" data-jpibfi-post-excerpt=\"\" data-jpibfi-post-url=\"https:\/\/mon-grand-est.fr\/nancy-sous-la-neige\/\" data-jpibfi-post-title=\"Nancy sous la neige : un spectacle rare et enchanteur\" data-jpibfi-src=\"https:\/\/www.europesays.com\/fr\/wp-content\/uploads\/2025\/07\/Nancy-Saint-Epvre-Neige-2021-02-LR-copyright-French-Moments.jpg\"  \/>La place Saint-Epvre et la statue du duc Ren\u00e9 II \u00a9 French Moments<img loading=\"lazy\" decoding=\"async\" class=\"wp-image-17448\" src=\"https:\/\/www.europesays.com\/fr\/wp-content\/uploads\/2025\/07\/Nancy-Saint-Epvre-Neige-2021-LR-copyright-French-Moments.jpg\" alt=\"Basilique Saint-Epvre, Nancy \u00a9 French Moments\" width=\"500\" height=\"667\" data-jpibfi-post-excerpt=\"\" data-jpibfi-post-url=\"https:\/\/mon-grand-est.fr\/nancy-sous-la-neige\/\" data-jpibfi-post-title=\"Nancy sous la neige : un spectacle rare et enchanteur\" data-jpibfi-src=\"https:\/\/www.europesays.com\/fr\/wp-content\/uploads\/2025\/07\/Nancy-Saint-Epvre-Neige-2021-LR-copyright-French-Moments.jpg\"  \/>Le chevet de l\u2019\u00e9glise Saint-Epvre et la fontaine Wallace \u00a9 French Moments<\/p>\n<p>\u00a0<\/p>\n<p>La vieille-ville de Nancy sous la neige<\/p>\n<p>La <a href=\"https:\/\/mon-grand-est.fr\/vieille-ville-de-nancy\/\" target=\"_blank\" rel=\"noopener\"><strong>Ville-Vieille de Nancy<\/strong><\/a> remonte au moyen-\u00e2ge et s\u2019\u00e9tend au nord de la Ville-Neuve du 16e si\u00e8cle.<\/p>\n<p>La Grand-Rue joue le r\u00f4le d\u2019\u00e9pine dorsale, reliant la petite place de Vaud\u00e9mont non loin de la place Stanislas \u00e0 la porte de la Craffe, en passant par la basilique Saint-Epvre et le palais ducal.<\/p>\n<p><img loading=\"lazy\" decoding=\"async\" class=\"size-full wp-image-17433\" src=\"https:\/\/www.europesays.com\/fr\/wp-content\/uploads\/2025\/07\/Nancy-Palais-Ducal-Neige-LR-copyright-French-Moments.jpg\" alt=\"Palais Ducal, Nancy \u00a9 French Moments\" width=\"1200\" height=\"900\" data-jpibfi-post-excerpt=\"\" data-jpibfi-post-url=\"https:\/\/mon-grand-est.fr\/nancy-sous-la-neige\/\" data-jpibfi-post-title=\"Nancy sous la neige : un spectacle rare et enchanteur\" data-jpibfi-src=\"https:\/\/www.europesays.com\/fr\/wp-content\/uploads\/2025\/07\/Nancy-Palais-Ducal-Neige-LR-copyright-French-Moments.jpg\"  \/>La cour du Palais Ducal de Nancy sous la neige \u00a9 French Moments<img loading=\"lazy\" decoding=\"async\" class=\"size-full wp-image-17432\" src=\"https:\/\/www.europesays.com\/fr\/wp-content\/uploads\/2025\/07\/Nancy-Lyautey-Neige-2021-LR-copyright-French-Moments.jpg\" alt=\"Le mar\u00e9chal Lyautey sous la neige et... masqu\u00e9 ! \u00a9 French Moments\" width=\"900\" height=\"1200\" data-jpibfi-post-excerpt=\"\" data-jpibfi-post-url=\"https:\/\/mon-grand-est.fr\/nancy-sous-la-neige\/\" data-jpibfi-post-title=\"Nancy sous la neige : un spectacle rare et enchanteur\" data-jpibfi-src=\"https:\/\/www.europesays.com\/fr\/wp-content\/uploads\/2025\/07\/Nancy-Lyautey-Neige-2021-LR-copyright-French-Moments.jpg\"  \/>Le mar\u00e9chal Lyautey sous la neige et\u2026 masqu\u00e9 ! \u00a9 French Moments<img loading=\"lazy\" decoding=\"async\" class=\"size-full wp-image-17445\" src=\"https:\/\/www.europesays.com\/fr\/wp-content\/uploads\/2025\/07\/Nancy-Porte-de-la-Craffe-Neige-2021-LR-copyright-French-Moments.jpg\" alt=\"Porte de la Craffe \u00a9 French Moments\" width=\"1200\" height=\"900\" data-jpibfi-post-excerpt=\"\" data-jpibfi-post-url=\"https:\/\/mon-grand-est.fr\/nancy-sous-la-neige\/\" data-jpibfi-post-title=\"Nancy sous la neige : un spectacle rare et enchanteur\" data-jpibfi-src=\"https:\/\/www.europesays.com\/fr\/wp-content\/uploads\/2025\/07\/Nancy-Porte-de-la-Craffe-Neige-2021-LR-copyright-French-Moments.jpg\"  \/>Porte de la Craffe sous la neige \u00a9 French Moments<\/p>\n<p>Le quartier historique abrite plusieurs h\u00f4tels particuliers, construits par les familles nobles et bourgeoises de la ville entre les 16e et 18e si\u00e8cles.<\/p>\n<p><img loading=\"lazy\" decoding=\"async\" class=\"size-full wp-image-17431\" src=\"https:\/\/www.europesays.com\/fr\/wp-content\/uploads\/2025\/07\/Nancy-Hotel-des-Loups-Neige-2021-LR-copyright-French-Moments.jpg\" alt=\"H\u00f4tel des Loups, Nancy \u00a9 French Moments\" width=\"1200\" height=\"900\" data-jpibfi-post-excerpt=\"\" data-jpibfi-post-url=\"https:\/\/mon-grand-est.fr\/nancy-sous-la-neige\/\" data-jpibfi-post-title=\"Nancy sous la neige : un spectacle rare et enchanteur\" data-jpibfi-src=\"https:\/\/www.europesays.com\/fr\/wp-content\/uploads\/2025\/07\/Nancy-Hotel-des-Loups-Neige-2021-LR-copyright-French-Moments.jpg\"  \/>L\u2019H\u00f4tel des Loups, Nancy \u00a9 French Moments<\/p>\n<p>\u00a0<\/p>\n<p>La P\u00e9pini\u00e8re sous la neige<\/p>\n<p>Le parc urbain de <a href=\"https:\/\/mon-grand-est.fr\/parc-de-la-pepiniere-nancy\/\" target=\"_blank\" rel=\"noopener\"><strong>la P\u00e9pini\u00e8re<\/strong><\/a>, cr\u00e9\u00e9 au 18e si\u00e8cle, abrite un des plus jolis kiosques \u00e0 musique de France.<\/p>\n<p><img loading=\"lazy\" decoding=\"async\" class=\"wp-image-8950 size-full\" src=\"https:\/\/www.europesays.com\/fr\/wp-content\/uploads\/2025\/07\/Parc-de-la-P\u00e9pini\u00e8re-28-Nancy-\u00a9-French-Moments.jpg\" alt=\"Parc de la P\u00e9pini\u00e8re en hiver \u00a9 French Moments\" width=\"1200\" height=\"805\" data-jpibfi-post-excerpt=\"\" data-jpibfi-post-url=\"https:\/\/mon-grand-est.fr\/nancy-sous-la-neige\/\" data-jpibfi-post-title=\"Nancy sous la neige : un spectacle rare et enchanteur\" data-jpibfi-src=\"https:\/\/www.europesays.com\/fr\/wp-content\/uploads\/2025\/07\/Parc-de-la-P\u00e9pini\u00e8re-28-Nancy-\u00a9-French-Moments.jpg\"  \/>Le Parc de la P\u00e9pini\u00e8re en hiver \u00a9 French Moments<img loading=\"lazy\" decoding=\"async\" class=\"wp-image-8949 size-full\" src=\"https:\/\/www.europesays.com\/fr\/wp-content\/uploads\/2025\/07\/Parc-de-la-P\u00e9pini\u00e8re-27-Nancy-\u00a9-French-Moments.jpg\" alt=\"Parc de la P\u00e9pini\u00e8re en hiver \u00a9 French Moments\" width=\"1200\" height=\"805\" data-jpibfi-post-excerpt=\"\" data-jpibfi-post-url=\"https:\/\/mon-grand-est.fr\/nancy-sous-la-neige\/\" data-jpibfi-post-title=\"Nancy sous la neige : un spectacle rare et enchanteur\" data-jpibfi-src=\"https:\/\/www.europesays.com\/fr\/wp-content\/uploads\/2025\/07\/Parc-de-la-P\u00e9pini\u00e8re-27-Nancy-\u00a9-French-Moments.jpg\"  \/>Le kiosque Mozart \u00a9 French Moments<img loading=\"lazy\" decoding=\"async\" class=\"wp-image-8948 size-full\" src=\"https:\/\/www.europesays.com\/fr\/wp-content\/uploads\/2025\/07\/Parc-de-la-P\u00e9pini\u00e8re-26-Nancy-\u00a9-French-Moments.jpg\" alt=\"Parc de la P\u00e9pini\u00e8re en hiver \u00a9 French Moments\" width=\"1200\" height=\"803\" data-jpibfi-post-excerpt=\"\" data-jpibfi-post-url=\"https:\/\/mon-grand-est.fr\/nancy-sous-la-neige\/\" data-jpibfi-post-title=\"Nancy sous la neige : un spectacle rare et enchanteur\" data-jpibfi-src=\"https:\/\/www.europesays.com\/fr\/wp-content\/uploads\/2025\/07\/Parc-de-la-P\u00e9pini\u00e8re-26-Nancy-\u00a9-French-Moments.jpg\"  \/>Au Parc de la P\u00e9pini\u00e8re en hiver \u00a9 French Moments<img loading=\"lazy\" decoding=\"async\" class=\"wp-image-8916 size-full\" src=\"https:\/\/www.europesays.com\/fr\/wp-content\/uploads\/2025\/07\/Parc-de-la-P\u00e9pini\u00e8re-25-Nancy-\u00a9-French-Moments.jpg\" alt=\"Parc de la P\u00e9pini\u00e8re en hiver \u00a9 French Moments\" width=\"1200\" height=\"806\" data-jpibfi-post-excerpt=\"\" data-jpibfi-post-url=\"https:\/\/mon-grand-est.fr\/nancy-sous-la-neige\/\" data-jpibfi-post-title=\"Nancy sous la neige : un spectacle rare et enchanteur\" data-jpibfi-src=\"https:\/\/www.europesays.com\/fr\/wp-content\/uploads\/2025\/07\/Parc-de-la-P\u00e9pini\u00e8re-25-Nancy-\u00a9-French-Moments.jpg\"  \/>All\u00e9e du Parc de la P\u00e9pini\u00e8re en hiver \u00a9 French Moments<img loading=\"lazy\" decoding=\"async\" class=\"wp-image-8915 size-full\" src=\"https:\/\/www.europesays.com\/fr\/wp-content\/uploads\/2025\/07\/Parc-de-la-P\u00e9pini\u00e8re-24-Nancy-\u00a9-French-Moments.jpg\" alt=\"Parc de la P\u00e9pini\u00e8re en hiver \u00a9 French Moments\" width=\"1200\" height=\"805\" data-jpibfi-post-excerpt=\"\" data-jpibfi-post-url=\"https:\/\/mon-grand-est.fr\/nancy-sous-la-neige\/\" data-jpibfi-post-title=\"Nancy sous la neige : un spectacle rare et enchanteur\" data-jpibfi-src=\"https:\/\/www.europesays.com\/fr\/wp-content\/uploads\/2025\/07\/Parc-de-la-P\u00e9pini\u00e8re-24-Nancy-\u00a9-French-Moments.jpg\"  \/>Le Parc de la P\u00e9pini\u00e8re en hiver \u00a9 French Moments<\/p>\n<p>Un coup de baguette magique et celui-ci s\u2019illumine (merci Photoshop !)<\/p>\n<p><img loading=\"lazy\" decoding=\"async\" class=\"size-full wp-image-8913\" src=\"https:\/\/www.europesays.com\/fr\/wp-content\/uploads\/2025\/07\/Parc-de-la-P\u00e9pini\u00e8re-22-Nancy-\u00a9-French-Moments.jpg\" alt=\"Le kiosque Mozart du Parc de la P\u00e9pini\u00e8re en hiver \u00a9 French Moments\" width=\"1200\" height=\"901\" data-jpibfi-post-excerpt=\"\" data-jpibfi-post-url=\"https:\/\/mon-grand-est.fr\/nancy-sous-la-neige\/\" data-jpibfi-post-title=\"Nancy sous la neige : un spectacle rare et enchanteur\" data-jpibfi-src=\"https:\/\/www.europesays.com\/fr\/wp-content\/uploads\/2025\/07\/Parc-de-la-P\u00e9pini\u00e8re-22-Nancy-\u00a9-French-Moments.jpg\"  \/>Le kiosque Mozart du Parc de la P\u00e9pini\u00e8re en hiver \u00a9 French Moments<\/p>\n<p>\u00a0<\/p>\n<p>La place d\u2019Alliance sous la neige<\/p>\n<p>La discr\u00e8te et charmante <strong><a href=\"https:\/\/mon-grand-est.fr\/place-dalliance-nancy\/\" target=\"_blank\" rel=\"noopener\">place d\u2019Alliance<\/a><\/strong> date du 18e si\u00e8cle et fait partie des trois places inscrites au patrimoine mondial de l\u2019Unesco.<\/p>\n<p><img loading=\"lazy\" decoding=\"async\" class=\"size-full wp-image-17435\" src=\"https:\/\/www.europesays.com\/fr\/wp-content\/uploads\/2025\/07\/Nancy-Place-dAlliance-Neige-LR-copyright-French-Moments.jpg\" alt=\"Place d'Alliance, Nancy \u00a9 French Moments\" width=\"1200\" height=\"900\" data-jpibfi-post-excerpt=\"\" data-jpibfi-post-url=\"https:\/\/mon-grand-est.fr\/nancy-sous-la-neige\/\" data-jpibfi-post-title=\"Nancy sous la neige : un spectacle rare et enchanteur\" data-jpibfi-src=\"https:\/\/www.europesays.com\/fr\/wp-content\/uploads\/2025\/07\/Nancy-Place-dAlliance-Neige-LR-copyright-French-Moments.jpg\"  \/>La Place d\u2019Alliance sous la neige \u00a9 French Moments<img loading=\"lazy\" decoding=\"async\" class=\"size-full wp-image-17434\" src=\"https:\/\/www.europesays.com\/fr\/wp-content\/uploads\/2025\/07\/Nancy-Place-dAlliance-Neige-02-LR-\u00a9-French-Moments.jpg\" alt=\"Place d'Alliance, Nancy \u00a9 French Moments\" width=\"1200\" height=\"900\" data-jpibfi-post-excerpt=\"\" data-jpibfi-post-url=\"https:\/\/mon-grand-est.fr\/nancy-sous-la-neige\/\" data-jpibfi-post-title=\"Nancy sous la neige : un spectacle rare et enchanteur\" data-jpibfi-src=\"https:\/\/www.europesays.com\/fr\/wp-content\/uploads\/2025\/07\/Nancy-Place-dAlliance-Neige-02-LR-\u00a9-French-Moments.jpg\"  \/>Place d\u2019Alliance, Nancy \u00a9 French Moments<\/p>\n<p>\u00a0<\/p>\n<p>Pour en savoir plus sur Nancy<\/p>\n<p style=\"text-align: justify;\">Le site de l\u2019Office de Tourisme de Nancy :<\/p>\n<p>Et <strong>sur le blog<\/strong>, d\u2019autres articles sur Nancy :<\/p>\n<p>\u00a0<\/p>\n<p style=\"text-align: justify;\"><strong>Si vous trouvez que mes articles vous plaisent ou vous ont rendu service, n\u2019h\u00e9sitez pas \u00e0 les partager sur Twitter ou Facebook.<\/strong><\/p>\n<p style=\"text-align: justify;\">Cela me ferait super plaisir, et en plus cela me motive \u00e0 continuer \u00e0 en \u00e9crire davantage\u00a0!\u00a0\ud83d\ude42<\/p>\n<p>\u00a0<\/p>\n<p>Epinglez sur Pinterest<\/p>\n<p><img loading=\"lazy\" decoding=\"async\" class=\"aligncenter wp-image-17460\" src=\"https:\/\/www.europesays.com\/fr\/wp-content\/uploads\/2025\/07\/Nancy-sous-la-neige-Pinterest-02-copyright-French-Moments.jpg\" alt=\"Nancy sous la neige \u00a9 French Moments\" width=\"350\" height=\"736\" data-jpibfi-post-excerpt=\"\" data-jpibfi-post-url=\"https:\/\/mon-grand-est.fr\/nancy-sous-la-neige\/\" data-jpibfi-post-title=\"Nancy sous la neige : un spectacle rare et enchanteur\" data-jpibfi-src=\"https:\/\/www.europesays.com\/fr\/wp-content\/uploads\/2025\/07\/Nancy-sous-la-neige-Pinterest-02-copyright-French-Moments.jpg\"  \/><\/p>\n<p><img loading=\"lazy\" decoding=\"async\" class=\"aligncenter wp-image-17459\" src=\"https:\/\/www.europesays.com\/fr\/wp-content\/uploads\/2025\/07\/Nancy-sous-la-neige-Pinterest-01-copyright-French-Moments.jpg\" alt=\"Nancy sous la neige \u00a9 French Moments\" width=\"350\" height=\"736\" data-jpibfi-post-excerpt=\"\" data-jpibfi-post-url=\"https:\/\/mon-grand-est.fr\/nancy-sous-la-neige\/\" data-jpibfi-post-title=\"Nancy sous la neige : un spectacle rare et enchanteur\" data-jpibfi-src=\"https:\/\/www.europesays.com\/fr\/wp-content\/uploads\/2025\/07\/Nancy-sous-la-neige-Pinterest-01-copyright-French-Moments.jpg\"  \/><\/p>\n<p style=\"text-align: justify;\" data-css=\"tve-u-17a190f00e6\">Transparence : Certains articles et pages du blog peuvent contenir des liens affili\u00e9s ou sponsoris\u00e9s. Si vous planifiez un voyage, l\u2019utilisation de ces liens nous aide \u00e0 faire fonctionner le site et l\u2019absence de publicit\u00e9. Il n\u2019y a aucun co\u00fbt suppl\u00e9mentaire pour vous. Tout ce que vous avez \u00e0 faire est de cliquer sur le lien et toute r\u00e9servation que vous faites est automatiquement suivie. Nous vous remercions de votre soutien !<\/p>\n","protected":false},"excerpt":{"rendered":"Nancy sous la neige, c\u2019est un spectacle rare et toujours enchanteur. En cette mi-janvier, les premiers flocons ont&hellip;\n","protected":false},"author":2,"featured_media":258082,"comment_status":"","ping_status":"","sticky":false,"template":"","format":"standard","meta":{"footnotes":""},"categories":[9635],"tags":[1111,11,1777,674,1011,27,775,776,3457,38243,1702,39828,10584,12,25],"class_list":{"0":"post-258081","1":"post","2":"type-post","3":"status-publish","4":"format-standard","5":"has-post-thumbnail","7":"category-nancy","8":"tag-actu","9":"tag-actualites","10":"tag-eu","11":"tag-europe","12":"tag-fr","13":"tag-france","14":"tag-grand-est","15":"tag-lorraine","16":"tag-meurthe-et-moselle","17":"tag-mon-grand-est","18":"tag-nancy","19":"tag-nancy-sous-la-neige","20":"tag-neige","21":"tag-news","22":"tag-republique-francaise"},"share_on_mastodon":{"url":"https:\/\/pubeurope.com\/@fr\/114878220979328123","error":""},"_links":{"self":[{"href":"https:\/\/www.europesays.com\/fr\/wp-json\/wp\/v2\/posts\/258081","targetHints":{"allow":["GET"]}}],"collection":[{"href":"https:\/\/www.europesays.com\/fr\/wp-json\/wp\/v2\/posts"}],"about":[{"href":"https:\/\/www.europesays.com\/fr\/wp-json\/wp\/v2\/types\/post"}],"author":[{"embeddable":true,"href":"https:\/\/www.europesays.com\/fr\/wp-json\/wp\/v2\/users\/2"}],"replies":[{"embeddable":true,"href":"https:\/\/www.europesays.com\/fr\/wp-json\/wp\/v2\/comments?post=258081"}],"version-history":[{"count":0,"href":"https:\/\/www.europesays.com\/fr\/wp-json\/wp\/v2\/posts\/258081\/revisions"}],"wp:featuredmedia":[{"embeddable":true,"href":"https:\/\/www.europesays.com\/fr\/wp-json\/wp\/v2\/media\/258082"}],"wp:attachment":[{"href":"https:\/\/www.europesays.com\/fr\/wp-json\/wp\/v2\/media?parent=258081"}],"wp:term":[{"taxonomy":"category","embeddable":true,"href":"https:\/\/www.europesays.com\/fr\/wp-json\/wp\/v2\/categories?post=258081"},{"taxonomy":"post_tag","embeddable":true,"href":"https:\/\/www.europesays.com\/fr\/wp-json\/wp\/v2\/tags?post=258081"}],"curies":[{"name":"wp","href":"https:\/\/api.w.org\/{rel}","templated":true}]}}