{"id":258085,"date":"2025-07-19T05:22:13","date_gmt":"2025-07-19T05:22:13","guid":{"rendered":"https:\/\/www.europesays.com\/fr\/258085\/"},"modified":"2025-07-19T05:22:13","modified_gmt":"2025-07-19T05:22:13","slug":"le-prefet-pourrait-encore-renforcer-les-restrictions","status":"publish","type":"post","link":"https:\/\/www.europesays.com\/fr\/258085\/","title":{"rendered":"le pr\u00e9fet pourrait (encore) renforcer les restrictions"},"content":{"rendered":"<p>\u00ab\u00a0S\u2019il ne pleut pas dans les 10 jours \u00e0 venir, le ruisseau le Pontin sera totalement \u00e0 sec\u00a0\u00bb, a pr\u00e9venu Emmanuel Durand, chef de service de l\u2019Office fran\u00e7ais de la biodiversit\u00e9, \u00e0 l\u2019occasion d\u2019une visite du pr\u00e9fet de Sa\u00f4ne-et-Loire Yves S\u00e9guy, ce vendredi \u00e0 Toulon-sur-Arroux. Cet affluent de l\u2019Arroux ne s\u2019\u00e9coule plus jusqu\u2019\u00e0 la rivi\u00e8re et les poches d\u2019eau restantes servent de refuge aux alevins.<\/p>\n<p>  Trois cours d\u2019eau d\u00e9j\u00e0 \u00e0 sec en Sa\u00f4ne-et-Loire<\/p>\n<p>\u00ab\u00a0Depuis 12 ans o\u00f9 nous le surveillons, c\u2019est la premi\u00e8re fois que le Pontin est si bas en cette p\u00e9riode de l\u2019ann\u00e9e\u00a0\u00bb, encha\u00eene Emmanuel Durand. Le secteur de l\u2019Arroux a \u00e9t\u00e9 plac\u00e9 en alerte renforc\u00e9e le 11\u00a0juillet, <a href=\"https:\/\/www.lejsl.com\/environnement\/2025\/07\/04\/les-mesures-de-restriction-des-usages-de-l-eau-sont-renforcees\" target=\"_blank\" rel=\"noopener\">comme une grande partie de l\u2019ouest du d\u00e9partement<\/a>. \u00ab\u00a0M\u00eame l\u2019Arroux a perdu 20\u00a0cm par rapport aux autres ann\u00e9es \u00e0 la m\u00eame date\u00a0\u00bb, fait-on remarquer au pr\u00e9fet. Le Pontin pourrait bien rejoindre les trois ruisseaux de Sa\u00f4ne-et-Loire d\u00e9j\u00e0 \u00e0 sec\u00a0: le Doulin \u00e0 Gilly-sur-Loire, le Tr\u00e9voux \u00e0 Igornay et la Guyotte (affluent du Doubs) en Bresse.<\/p>\n<p>  Les orages du week-end d\u00e9termineront les d\u00e9cisions prises mardi<\/p>\n<p>\u00ab\u00a0En Sa\u00f4ne-et-Loire, la situation est diverse compte tenu des r\u00e9alit\u00e9s du territoire, a indiqu\u00e9 le pr\u00e9fet. Celui-ci est compos\u00e9 de deux bassins.\u00a0\u00c0 l\u2019ouest du d\u00e9partement, nous sommes sur le bassin de Loire-Bretagne qui est le plus fragile, plus particuli\u00e8rement la rivi\u00e8re Arroux. C\u2019est une des rivi\u00e8res les plus capricieuses car elle est la plus r\u00e9active aux diff\u00e9rents al\u00e9as climatiques. \u00c0 ce jour, nous sommes en alerte renforc\u00e9e sur ce secteur de l\u2019Arroux et la situation pour le moment semble plut\u00f4t se d\u00e9grader au lieu de s\u2019am\u00e9liorer. Nous aurons mardi prochain une r\u00e9union du comit\u00e9 des ressources en eau pour examiner les r\u00e9alit\u00e9s m\u00e9t\u00e9orologiques, les r\u00e9alit\u00e9s fournies par les diff\u00e9rents services en charge du suivi des cours d\u2019eau (la Dreal) et au regard des pr\u00e9visions m\u00e9t\u00e9orologiques. Sous l\u2019aval de tous ces \u00e9l\u00e9ments et avec l\u2019ensemble des experts du comit\u00e9 de suivi, nous verrons ce qu\u2019il convient de faire. L\u2019hypoth\u00e8se que nous \u00e9voluions vers une situation encore plus restrictive n\u2019est pas \u00e0 exclure \u00e0 cet instant. La situation peut aussi \u00e9voluer avec les pr\u00e9cipitations attendues ce week-end.\u00a0\u00bb Mais l\u2019OFB estime qu\u2019il faudrait 50\u00a0mm d\u2019eau avec des pluies en continu et non de gros orages pour r\u00e9tablir la situation.<\/p>\n","protected":false},"excerpt":{"rendered":"\u00ab\u00a0S\u2019il ne pleut pas dans les 10 jours \u00e0 venir, le ruisseau le Pontin sera totalement \u00e0 sec\u00a0\u00bb,&hellip;\n","protected":false},"author":2,"featured_media":258086,"comment_status":"","ping_status":"","sticky":false,"template":"","format":"standard","meta":{"footnotes":""},"categories":[9619],"tags":[1111,11,6698,130,33,12568,436,1777,674,107,1011,27,8423,14000,12,882,5140,25,6003,12817,2310,13999,602],"class_list":{"0":"post-258085","1":"post","2":"type-post","3":"status-publish","4":"format-standard","5":"has-post-thumbnail","7":"category-toulon","8":"tag-actu","9":"tag-actualites","10":"tag-canicule","11":"tag-consommation","12":"tag-economie","13":"tag-edition-montceau-les-mines","14":"tag-environnement","15":"tag-eu","16":"tag-europe","17":"tag-fil-info","18":"tag-fr","19":"tag-france","20":"tag-meteorologie-climat","21":"tag-montceau-les-mines-bassin","22":"tag-news","23":"tag-provence-alpes-cote-dazur","24":"tag-rechauffement-climatique","25":"tag-republique-francaise","26":"tag-saone-et-loire","27":"tag-secheresse","28":"tag-toulon","29":"tag-toulon-sur-arroux","30":"tag-tourisme"},"share_on_mastodon":{"url":"https:\/\/pubeurope.com\/@fr\/114878227658681945","error":""},"_links":{"self":[{"href":"https:\/\/www.europesays.com\/fr\/wp-json\/wp\/v2\/posts\/258085","targetHints":{"allow":["GET"]}}],"collection":[{"href":"https:\/\/www.europesays.com\/fr\/wp-json\/wp\/v2\/posts"}],"about":[{"href":"https:\/\/www.europesays.com\/fr\/wp-json\/wp\/v2\/types\/post"}],"author":[{"embeddable":true,"href":"https:\/\/www.europesays.com\/fr\/wp-json\/wp\/v2\/users\/2"}],"replies":[{"embeddable":true,"href":"https:\/\/www.europesays.com\/fr\/wp-json\/wp\/v2\/comments?post=258085"}],"version-history":[{"count":0,"href":"https:\/\/www.europesays.com\/fr\/wp-json\/wp\/v2\/posts\/258085\/revisions"}],"wp:featuredmedia":[{"embeddable":true,"href":"https:\/\/www.europesays.com\/fr\/wp-json\/wp\/v2\/media\/258086"}],"wp:attachment":[{"href":"https:\/\/www.europesays.com\/fr\/wp-json\/wp\/v2\/media?parent=258085"}],"wp:term":[{"taxonomy":"category","embeddable":true,"href":"https:\/\/www.europesays.com\/fr\/wp-json\/wp\/v2\/categories?post=258085"},{"taxonomy":"post_tag","embeddable":true,"href":"https:\/\/www.europesays.com\/fr\/wp-json\/wp\/v2\/tags?post=258085"}],"curies":[{"name":"wp","href":"https:\/\/api.w.org\/{rel}","templated":true}]}}