{"id":258097,"date":"2025-07-19T05:31:22","date_gmt":"2025-07-19T05:31:22","guid":{"rendered":"https:\/\/www.europesays.com\/fr\/258097\/"},"modified":"2025-07-19T05:31:22","modified_gmt":"2025-07-19T05:31:22","slug":"je-voulais-remettre-a-neuf-le-mur-du-fond-quand-un-commercant-de-rennes-decouvre-une-mosaique-odorico-rarissime-dans-sa-boutique","status":"publish","type":"post","link":"https:\/\/www.europesays.com\/fr\/258097\/","title":{"rendered":"\u00ab\u00a0Je voulais remettre \u00e0 neuf le mur du fond\u00a0\u00bb\u00a0: quand un commer\u00e7ant de Rennes d\u00e9couvre une mosa\u00efque Odorico rarissime dans sa boutique"},"content":{"rendered":"<p>Une belle surprise. En 2022, Yann Guellec entamait les travaux dans son magasin de cigarettes \u00e9lectroniques situ\u00e9 place Sainte-Anne \u00e0 Rennes lorsqu\u2019il a d\u00e9couvert une oeuvre d\u2019<a href=\"https:\/\/www.letelegramme.fr\/culture-loisirs\/histoire\/odorico-une-famille-de-mosaistes-12308.php\" target=\"_blank\" rel=\"nofollow noopener\">Isidore Odorico<\/a>. \u00ab Je voulais remettre \u00e0 neuf le mur du fond de la boutique. C\u2019est \u00e0 ce moment-l\u00e0 que j\u2019ai aper\u00e7u la mosa\u00efque qui se cachait derri\u00e8re \u00bb, raconte le g\u00e9rant de Class\u2019Clope.<\/p>\n<p>\u00c0 l\u2019int\u00e9rieur de l\u2019\u00e9choppe, un autre mur est d\u00e9cor\u00e9 de cette mosa\u00efque bleue, prenant la forme de vagues. Elle avait \u00e9t\u00e9 pens\u00e9e par Isidore Odorico pour l\u2019ancienne poissonnerie qui occupait ces m\u00eames locaux dans les ann\u00e9es 1930.<\/p>\n<p>Crabe en mosa\u00efque<\/p>\n<p>Lorsque la poissonnerie a baiss\u00e9 ses rideaux dans les ann\u00e9es 1995, une autre oeuvre similaire avait d\u00e9j\u00e0 \u00e9t\u00e9 trouv\u00e9e. Daniel Enocq, sp\u00e9cialiste des mosa\u00efques Odorico, \u00e9tait sur place. \u00ab L\u2019oeuvre qui repr\u00e9sente un crabe avait \u00e9t\u00e9 cach\u00e9e au sous-sol du magasin. Elle \u00e9tait positionn\u00e9e sur l\u2019\u00e9tal \u00e0 poisson \u00bb. Dans la foul\u00e9e de cette d\u00e9couverte, Daniel Enocq contacte le mus\u00e9e de Bretagne afin que la mosa\u00efque y soit conserv\u00e9e.<\/p>\n<p>Encore plus \u00e9tonnant, ce d\u00e9cor marin est une inspiration d\u2019un projet qu\u2019Isidore Odorico avait r\u00e9alis\u00e9 \u00e0 Saint-Nazaire. \u00ab Il avait confectionn\u00e9 plusieurs mosa\u00efques pour un paquebot de luxe, dans le m\u00eame esprit que celles qui ont \u00e9t\u00e9 trouv\u00e9es dans ce magasin place Sainte-Anne \u00bb, explique Daniel Enocq.<\/p>\n<p><img decoding=\"async\" src=\"https:\/\/www.europesays.com\/fr\/wp-content\/uploads\/2025\/07\/686f6ff944c40c91f80bc6c4.1.jpeg\" width=\"480\" height=\"300\" class=\"web_golden_m\" loading=\"lazy\" alt=\"Isidore Odorico avait r\u00e9alis\u00e9 un crabe en d\u00e9coration de l\u2019ancienne poissonnerie.\"\/>Isidore Odorico avait r\u00e9alis\u00e9 un crabe en d\u00e9coration de l\u2019ancienne poissonnerie. (Photo Daniel Enocq)<\/p>\n<p>Visite de curieux<\/p>\n<p>Au 7 place Sainte-Anne, la d\u00e9couverte a attir\u00e9 de nombreux clients selon Yann Guellec. \u00ab Chaque jour, les personnes qui rentrent dans le magasin nous parlent de ce patrimoine de la ville. Nous avons m\u00eame \u00e9t\u00e9 contact\u00e9s par des \u00e9coles pour organiser des visites dans la boutique \u00bb.<\/p>\n<p>En s\u2019installant dans la boutique, Yann Guellec a fait le choix de laisser toutes les mosa\u00efques apparentes. \u00ab C\u2019\u00e9tait compliqu\u00e9 pour mettre en place, car nous ne pouvions pas mettre les \u00e9tag\u00e8res n\u2019importe o\u00f9 et cacher ces \u0153uvres \u00bb. Une fois l\u2019am\u00e9nagement termin\u00e9, le g\u00e9rant n\u2019a pas regrett\u00e9 son choix. \u00ab Au d\u00e9part nous avions peur de nous lasser de ce d\u00e9cor mais aujourd\u2019hui il s\u2019int\u00e8gre tr\u00e8s bien \u00bb.<\/p>\n<p>De nouvelles mosa\u00efques ?<\/p>\n<p>Mosa\u00efstes italiens du XIXe si\u00e8cle, les Odorico s\u2019\u00e9taient install\u00e9s \u00e0 Rennes et avaient d\u00e9cor\u00e9 la ville de leurs \u0153uvres. \u00ab Dans la deuxi\u00e8me moiti\u00e9 du XXe si\u00e8cle, les mosa\u00efques n\u2019\u00e9taient plus au go\u00fbt de certains qui pr\u00e9f\u00e9raient de nouvelles constructions, certaines ont donc \u00e9t\u00e9 recouvertes ou cach\u00e9es \u00bb, d\u00e9veloppe Daniel Enocq.<\/p>\n<p><img decoding=\"async\" src=\"https:\/\/www.europesays.com\/fr\/wp-content\/uploads\/2025\/07\/686f6ff91b22280fe50bfcc9.1.jpeg\" width=\"480\" height=\"300\" class=\"web_golden_m\" loading=\"lazy\" alt=\"\u00c0 l\u2019h\u00f4tel Garden \u00e0 Rennes, un sol en mosa\u00efque sign\u00e9 Odorico a r\u00e9cemment \u00e9t\u00e9 d\u00e9couvert.\"\/>\u00c0 l\u2019h\u00f4tel Garden \u00e0 Rennes, un sol en mosa\u00efque sign\u00e9 Odorico a r\u00e9cemment \u00e9t\u00e9 d\u00e9couvert. (Photo Daniel Enocq)<\/p>\n<p>C\u2019est lors de travaux de r\u00e9novation que plusieurs d\u2019entre elles ont \u00e9t\u00e9 r\u00e9habilit\u00e9es. \u00ab R\u00e9cemment des mosa\u00efques ont \u00e9t\u00e9 d\u00e9couvertes au bar Le Hibou ou encore \u00e0 l\u2019h\u00f4tel Garden \u00bb. Et la chasse aux tr\u00e9sors est s\u00fbrement loin d\u2019\u00eatre finie. \u00ab Il est tout \u00e0 fait possible que l\u2019on continue de trouver d\u2019autres mosa\u00efques Odorico \u00e0 Rennes, que ce soit chez les particuliers ou dans des endroits publics \u00bb.<\/p>\n","protected":false},"excerpt":{"rendered":"Une belle surprise. En 2022, Yann Guellec entamait les travaux dans son magasin de cigarettes \u00e9lectroniques situ\u00e9 place&hellip;\n","protected":false},"author":2,"featured_media":258098,"comment_status":"","ping_status":"","sticky":false,"template":"","format":"standard","meta":{"footnotes":""},"categories":[2821],"tags":[1111,11,829,1777,674,1011,27,848,12,584,25],"class_list":{"0":"post-258097","1":"post","2":"type-post","3":"status-publish","4":"format-standard","5":"has-post-thumbnail","7":"category-rennes","8":"tag-actu","9":"tag-actualites","10":"tag-bretagne","11":"tag-eu","12":"tag-europe","13":"tag-fr","14":"tag-france","15":"tag-ille-et-vilaine","16":"tag-news","17":"tag-rennes","18":"tag-republique-francaise"},"share_on_mastodon":{"url":"https:\/\/pubeurope.com\/@fr\/114878263142776725","error":""},"_links":{"self":[{"href":"https:\/\/www.europesays.com\/fr\/wp-json\/wp\/v2\/posts\/258097","targetHints":{"allow":["GET"]}}],"collection":[{"href":"https:\/\/www.europesays.com\/fr\/wp-json\/wp\/v2\/posts"}],"about":[{"href":"https:\/\/www.europesays.com\/fr\/wp-json\/wp\/v2\/types\/post"}],"author":[{"embeddable":true,"href":"https:\/\/www.europesays.com\/fr\/wp-json\/wp\/v2\/users\/2"}],"replies":[{"embeddable":true,"href":"https:\/\/www.europesays.com\/fr\/wp-json\/wp\/v2\/comments?post=258097"}],"version-history":[{"count":0,"href":"https:\/\/www.europesays.com\/fr\/wp-json\/wp\/v2\/posts\/258097\/revisions"}],"wp:featuredmedia":[{"embeddable":true,"href":"https:\/\/www.europesays.com\/fr\/wp-json\/wp\/v2\/media\/258098"}],"wp:attachment":[{"href":"https:\/\/www.europesays.com\/fr\/wp-json\/wp\/v2\/media?parent=258097"}],"wp:term":[{"taxonomy":"category","embeddable":true,"href":"https:\/\/www.europesays.com\/fr\/wp-json\/wp\/v2\/categories?post=258097"},{"taxonomy":"post_tag","embeddable":true,"href":"https:\/\/www.europesays.com\/fr\/wp-json\/wp\/v2\/tags?post=258097"}],"curies":[{"name":"wp","href":"https:\/\/api.w.org\/{rel}","templated":true}]}}