{"id":258099,"date":"2025-07-19T05:32:11","date_gmt":"2025-07-19T05:32:11","guid":{"rendered":"https:\/\/www.europesays.com\/fr\/258099\/"},"modified":"2025-07-19T05:32:11","modified_gmt":"2025-07-19T05:32:11","slug":"un-projet-de-construction-de-207-chambres-etudiantes-herisse-le-voisinage","status":"publish","type":"post","link":"https:\/\/www.europesays.com\/fr\/258099\/","title":{"rendered":"un projet de construction de 207 chambres \u00e9tudiantes h\u00e9risse le voisinage"},"content":{"rendered":"<p>\u00ab\u00a0J\u2019ai pour coutume de dire, \u00e0 propos de l\u2019Esplanade, que ce n\u2019est certes pas tr\u00e8s beau de dehors, mais qu\u2019on s\u2019y sent bien \u00e0 l\u2019int\u00e9rieur\u00a0\u00bb, sourit Claude Gassmann, l\u2019un des r\u00e9sidents de l\u2019immeuble situ\u00e9 rue de Stockholm, juste \u00e0 c\u00f4t\u00e9 de la pharmacie Vauban. Si les projets immobiliers se sont multipli\u00e9s ces derni\u00e8res d\u00e9cennies \u00e0 l\u2019 <a href=\"https:\/\/www.dna.fr\/politique\/2024\/11\/30\/des-consultations-pour-l-avenir-du-centre-commercial-de-l-esplanade\" target=\"_blank\" rel=\"nofollow noopener\">Esplanade<\/a> , c\u2019est pour r\u00e9pondre \u00e0 une demande croissante de logements, et en particulier de chambres \u00e9tudiantes. Mais d\u2019apr\u00e8s Claude Gassmann, c\u2019est un quartier qui reste a\u00e9r\u00e9 malgr\u00e9 tout, avec de nombreux espaces verts le rendant agr\u00e9able \u00e0 vivre.<\/p>\n<p>Une bascule dans un vote d\u00e9cisif<\/p>\n<p>Le 27\u00a0juin, plusieurs acteurs immobiliers se r\u00e9unissaient lors de l\u2019assembl\u00e9e g\u00e9n\u00e9rale de l\u2019Asere, l\u2019association de l\u2019ensemble r\u00e9sidentiel de l\u2019Esplanade, un collectif de copropri\u00e9taires. Au cours de cette r\u00e9union officielle, un vote important a eu lieu\u00a0: celui pour le changement d\u2019affectation de la parcelle qu\u2019occupe actuellement la pharmacie Vauban. L\u2019issue du scrutin ayant \u00e9t\u00e9&#8230;<\/p>\n","protected":false},"excerpt":{"rendered":"\u00ab\u00a0J\u2019ai pour coutume de dire, \u00e0 propos de l\u2019Esplanade, que ce n\u2019est certes pas tr\u00e8s beau de dehors,&hellip;\n","protected":false},"author":2,"featured_media":258100,"comment_status":"","ping_status":"","sticky":false,"template":"","format":"standard","meta":{"footnotes":""},"categories":[2820],"tags":[1111,11,2880,1777,674,107,1011,27,775,1908,12,25,801,104,640,2879],"class_list":{"0":"post-258099","1":"post","2":"type-post","3":"status-publish","4":"format-standard","5":"has-post-thumbnail","7":"category-strasbourg","8":"tag-actu","9":"tag-actualites","10":"tag-edition-strasbourg","11":"tag-eu","12":"tag-europe","13":"tag-fil-info","14":"tag-fr","15":"tag-france","16":"tag-grand-est","17":"tag-logement","18":"tag-news","19":"tag-republique-francaise","20":"tag-social","21":"tag-societe","22":"tag-strasbourg","23":"tag-strasbourg-ville"},"share_on_mastodon":{"url":"https:\/\/pubeurope.com\/@fr\/114878266960451248","error":""},"_links":{"self":[{"href":"https:\/\/www.europesays.com\/fr\/wp-json\/wp\/v2\/posts\/258099","targetHints":{"allow":["GET"]}}],"collection":[{"href":"https:\/\/www.europesays.com\/fr\/wp-json\/wp\/v2\/posts"}],"about":[{"href":"https:\/\/www.europesays.com\/fr\/wp-json\/wp\/v2\/types\/post"}],"author":[{"embeddable":true,"href":"https:\/\/www.europesays.com\/fr\/wp-json\/wp\/v2\/users\/2"}],"replies":[{"embeddable":true,"href":"https:\/\/www.europesays.com\/fr\/wp-json\/wp\/v2\/comments?post=258099"}],"version-history":[{"count":0,"href":"https:\/\/www.europesays.com\/fr\/wp-json\/wp\/v2\/posts\/258099\/revisions"}],"wp:featuredmedia":[{"embeddable":true,"href":"https:\/\/www.europesays.com\/fr\/wp-json\/wp\/v2\/media\/258100"}],"wp:attachment":[{"href":"https:\/\/www.europesays.com\/fr\/wp-json\/wp\/v2\/media?parent=258099"}],"wp:term":[{"taxonomy":"category","embeddable":true,"href":"https:\/\/www.europesays.com\/fr\/wp-json\/wp\/v2\/categories?post=258099"},{"taxonomy":"post_tag","embeddable":true,"href":"https:\/\/www.europesays.com\/fr\/wp-json\/wp\/v2\/tags?post=258099"}],"curies":[{"name":"wp","href":"https:\/\/api.w.org\/{rel}","templated":true}]}}