{"id":258105,"date":"2025-07-19T05:35:11","date_gmt":"2025-07-19T05:35:11","guid":{"rendered":"https:\/\/www.europesays.com\/fr\/258105\/"},"modified":"2025-07-19T05:35:11","modified_gmt":"2025-07-19T05:35:11","slug":"a-nice-un-commissariat-bientot-transforme-en-hotel-de-luxe-la-gauche-sinsurge-contre-lhypocrisie-destrosi","status":"publish","type":"post","link":"https:\/\/www.europesays.com\/fr\/258105\/","title":{"rendered":"\u00c0 Nice, un commissariat bient\u00f4t transform\u00e9 en h\u00f4tel de luxe\u00a0? La gauche s\u2019insurge contre \u00abl\u2019hypocrisie\u00bb d\u2019Estrosi"},"content":{"rendered":"<p>Alors que le commissariat Foch s\u2019appr\u00eate \u00e0 fermer ses portes, le maire de Nice envisage une reconversion h\u00f4teli\u00e8re du site. Une orientation vivement contest\u00e9e par la gauche ni\u00e7oise, qui r\u00e9clame des logements sociaux face \u00e0 la crise du foncier.<\/p>\n<p class=\"fig-paragraph\">C\u2019est une petite phrase de\u00a0<a href=\"http:\/\/www.lefigaro.fr\/nice\/a-nice-christian-estrosi-ferme-une-rue-du-centre-ville-transformee-en-salle-de-shoot-a-ciel-ouvert-depuis-des-annees-20250715\" data-fig-type=\"NewsFlash\" data-gtm-custom-categorie=\"navigation\" data-gtm-custom-action=\"crossclick\" data-gtm-custom-label=\"Contextuel\" data-gtm-event=\"customEventSPE\" data-fig-domain=\"LEFIGARO\" target=\"_blank\" rel=\"noopener\">Christian Estrosi<\/a>\u00a0que ses opposants n\u2019ont pas manqu\u00e9 de relever. Le 11 juillet, \u00e0 l\u2019occasion d\u2019une r\u00e9union citoyenne sur fond de\u00a0<a href=\"http:\/\/www.lefigaro.fr\/nice\/municipales-2026-a-un-an-des-elections-christian-estrosi-deja-en-mode-campagne-a-nice-20250328\" data-fig-type=\"NewsFlash\" data-gtm-custom-categorie=\"navigation\" data-gtm-custom-action=\"crossclick\" data-gtm-custom-label=\"Contextuel\" data-gtm-event=\"customEventSPE\" data-fig-domain=\"LEFIGARO\" target=\"_blank\" rel=\"noopener\">campagne municipale<\/a>, le maire de Nice (Alpes-Maritimes) a \u00e9voqu\u00e9 l\u2019avenir du commissariat Foch, situ\u00e9 en centre-ville. Propri\u00e9t\u00e9 de l\u2019\u00c9tat, ce b\u00e2timent d\u2019une emprise fonci\u00e8re de 1200 m\u00e8tres carr\u00e9s sera bient\u00f4t vid\u00e9 de ses occupants, appel\u00e9s \u00e0 rejoindre d\u2019ici la fin de l\u2019ann\u00e9e l\u2019ultramoderne\u00a0<a href=\"http:\/\/www.lefigaro.fr\/nice\/nice-la-presentation-par-christian-estrosi-du-futur-hotel-des-polices-parasitee-a-distance-par-eric-ciotti-20230414\" data-fig-type=\"Article\" data-gtm-custom-categorie=\"navigation\" data-gtm-custom-action=\"crossclick\" data-gtm-custom-label=\"Contextuel\" data-gtm-event=\"customEventSPE\" data-fig-domain=\"LEFIGARO\" target=\"_blank\" rel=\"noopener\">h\u00f4tel des polices<\/a>\u00a0qui doit accueillir quelque 2000 policiers nationaux et municipaux dans l\u2019ancien h\u00f4pital Saint-Roch, r\u00e9habilit\u00e9 \u00e0 hauteur de 214 millions d\u2019euros.<\/p>\n<p class=\"fig-paragraph\">\u00abSur Foch [&#8230;], j\u2019ai dit au minist\u00e8re de l\u2019Int\u00e9rieur, puisqu\u2019il va mettre sur le march\u00e9 son patrimoine et que nous avons un certain nombre de demandes d\u2019investisseurs qualitatifs, que celui qui en ferait l\u2019acquisition puisse \u00eatre plut\u00f4t un \u00e9tablissement h\u00f4telier. Ce qui nous \u00e9viterait d\u2019avoir une promotion immobili\u00e8re, avec les d\u00e9sagr\u00e9ments que cela comporte\u00bb, a ainsi d\u00e9clar\u00e9 l\u2019\u00e9dile azur\u00e9en devant les habitants de plusieurs quartiers de la ville. Des propos qui ont fait bondir\u00a0<a href=\"http:\/\/www.lefigaro.fr\/elections\/municipales\/municipales-2026-a-nice-le-trouble-jeu-de-lfi-qui-designe-deux-chefs-de-file-20250707\" data-fig-type=\"NewsFlash\" data-gtm-custom-categorie=\"navigation\" data-gtm-custom-action=\"crossclick\" data-gtm-custom-label=\"Contextuel\" data-gtm-event=\"customEventSPE\" data-fig-domain=\"LEFIGARO\" target=\"_blank\" rel=\"noopener\">l\u2019opposition de gauche<\/a>. Vendredi matin, \u00e9cologistes, socialistes, communistes et repr\u00e9sentants locaux de\u00a0<a href=\"http:\/\/www.lefigaro.fr\/politique\/avec-son-parti-place-publique-raphael-glucksmann-en-route-vers-la-presidentielle-20250316\" data-fig-type=\"Article\" data-gtm-custom-categorie=\"navigation\" data-gtm-custom-action=\"crossclick\" data-gtm-custom-label=\"Contextuel\" data-gtm-event=\"customEventSPE\" data-fig-domain=\"LEFIGARO\" target=\"_blank\" rel=\"noopener\">Place publique<\/a>\u00a0et de L\u2019Apr\u00e8s, avaient convi\u00e9 la presse devant le commissariat Foch pour manifester leur refus de la privatisation du site.<\/p>\n<p>                                    <a class=\"fig-a11y-skip a11y-hidden\" href=\"#fig-a11y-skip-main-inarticle\"><br \/>\n        Passer la publicit\u00e9<br \/>\n    <\/a><\/p>\n<p>Une aubaine<\/p>\n<p class=\"fig-paragraph\">\u00abChristian Estrosi lance des perches et tente de voir si \u00e7a prend, c\u2019est insupportable. Qu\u2019est-ce que l\u2019on ferait d\u2019un h\u00f4tel suppl\u00e9mentaire \u00e0 Nice\u00a0?\u00bb, s\u2019est agac\u00e9e Juliette Chesnel-le Roux, chef de file des Verts. Et Patrick Allemand, chef de file du parti \u00e0 la rose et candidat \u00e0 trois reprises aux municipales contre l\u2019\u00e9dile en place de poursuivre\u00a0: \u00abLe maire a un discours contre la mont\u00e9e du surtourisme, il part\u00a0<a href=\"http:\/\/www.lefigaro.fr\/nice\/cassez-vous-a-nice-l-exuberante-mise-en-scene-d-estrosi-pour-reclamer-le-depart-d-un-bateau-de-croisiere-20250704\" data-fig-type=\"NewsFlash\" data-gtm-custom-categorie=\"navigation\" data-gtm-custom-action=\"crossclick\" data-gtm-custom-label=\"Contextuel\" data-gtm-event=\"customEventSPE\" data-fig-domain=\"LEFIGARO\" target=\"_blank\" rel=\"noopener\">\u00e0 l\u2019abordage d\u2019un paquebot<\/a> \u00a0dans la rade de Villefranche, mais ce n\u2019est qu\u2019une posture. Dans les faits, il recommande au pr\u00e9fet de vendre Foch \u00e0 des fins purement \u00e9conomiques. Quelle hypocrisie.\u00bb<\/p>\n<p class=\"fig-paragraph\">Face \u00e0 la\u00a0<a href=\"http:\/\/www.lefigaro.fr\/nice\/face-a-la-crise-du-logement-il-y-a-urgence-la-reglementation-sur-les-locations-airbnb-encore-durcie-a-nice-20240716\" data-fig-type=\"NewsFlash\" data-gtm-custom-categorie=\"navigation\" data-gtm-custom-action=\"crossclick\" data-gtm-custom-label=\"Contextuel\" data-gtm-event=\"customEventSPE\" data-fig-domain=\"LEFIGARO\" target=\"_blank\" rel=\"noopener\">crise du logement<\/a>\u00a0et alors que le foncier se fait de plus en plus rare \u00e0 Nice, les forces de gauche voient dans ce b\u00e2timent une v\u00e9ritable aubaine. \u00abIl faut le garder absolument dans le giron du secteur public\u00a0!\u00bb, a insist\u00e9 Patrick Allemand. Selon Juliette Chesnel-le Roux, 4000 chambres d\u2019h\u00f4tel auraient \u00e9t\u00e9 ouvertes dans la capitale azur\u00e9enne ces derni\u00e8res ann\u00e9es, quand, dans le m\u00eame temps, la ville ne dispose que de 14 % de logements sociaux, loin des 25 % qu\u2019exige la\u00a0<a href=\"http:\/\/www.lefigaro.fr\/nice\/ce-n-est-pas-la-correze-la-metropole-de-nice-defend-l-exemption-d-une-commune-de-l-arriere-pays-a-la-loi-sru-20250713\" data-fig-type=\"NewsFlash\" data-gtm-custom-categorie=\"navigation\" data-gtm-custom-action=\"crossclick\" data-gtm-custom-label=\"Contextuel\" data-gtm-event=\"customEventSPE\" data-fig-domain=\"LEFIGARO\" target=\"_blank\" rel=\"noopener\">loi SRU<\/a>. \u00abIl est grand temps de casser les poches de pauvret\u00e9 et de rendre la ville aux Ni\u00e7ois\u00bb, a poursuivi Julien Picot, porte-voix des communistes \u00e0 Nice. Il d\u00e9nonce \u00e0 son tour la politique \u00abdu para\u00eetre et de la communication\u00bb de Christian Estrosi.<\/p>\n<p>Une cinquantaine de logements<\/p>\n<p class=\"fig-paragraph\">Du reste, ce n\u2019est pas au maire de la capitale azur\u00e9enne de d\u00e9cider de l\u2019avenir du futur ex-commissariat, mais \u00e0 l\u2019\u00c9tat. C\u2019est en ce sens que les repr\u00e9sentants des forces politiques de gauche ont \u00e9crit jeudi au pr\u00e9fet des Alpes-Maritimes,\u00a0<a href=\"http:\/\/www.lefigaro.fr\/nice\/je-serai-un-prefet-impartial-dans-les-alpes-maritimes-laurent-hottiaux-vise-l-ordre-et-l-unite-20250520\" data-fig-type=\"NewsFlash\" data-gtm-custom-categorie=\"navigation\" data-gtm-custom-action=\"crossclick\" data-gtm-custom-label=\"Contextuel\" data-gtm-event=\"customEventSPE\" data-fig-domain=\"LEFIGARO\" target=\"_blank\" rel=\"noopener\">Laurent Hottiaux:<\/a>\u00a0\u00abCette d\u00e9cision, si elle devait \u00eatre confirm\u00e9e, constituerait un nouvel exemple de la privatisation croissante du patrimoine public au profit du secteur du luxe et du tourisme sp\u00e9culatif. Alors que Nice a \u00e9t\u00e9 d\u00e9clar\u00e9e en carence par un arr\u00eat\u00e9 pr\u00e9fectoral du 15 d\u00e9cembre 2023, en raison du non-respect de la loi SRU, nous vous sollicitons pour c\u00e9der cette emprise fonci\u00e8re \u00e0 un bailleur social ou \u00e0 notre collectivit\u00e9\u00bb.<\/p>\n<p class=\"fig-paragraph\">Ces derniers estiment que le b\u00e2timent pourrait accueillir une cinquantaine de logements classiques, \u00e9tudiants, d\u00e9di\u00e9s aux personnes \u00e2g\u00e9es voire aux fonctionnaires (policiers, enseignants etc.). \u00abLe foncier public est un bien commun rare et pr\u00e9cieux. Il ne peut \u00eatre brad\u00e9 au profit de logiques sp\u00e9culatives ou touristiques qui aggravent les fractures sociales et territoriales. Il doit \u00eatre mobilis\u00e9 pour construire une ville plus solidaire, plus vivable et plus juste\u00bb, \u00e9crivent-ils encore au repr\u00e9sentant de l\u2019\u00c9tat. Lors de la r\u00e9union publique, Christian Estrosi a par ailleurs indiqu\u00e9 qu\u2019il souhaitait que la municipalit\u00e9 acqui\u00e8re le jardin de l\u2019actuel commissariat \u00abpour pouvoir am\u00e9nager comme nous le faisons dans tous les parcs et jardins de la Ville de Nice, un lieu sublime qui profite \u00e0 tout le quartier et qui puisse \u00eatre un lieu de repos, de s\u00e9r\u00e9nit\u00e9, et d\u2019apaisement.\u00bb<\/p>\n","protected":false},"excerpt":{"rendered":"Alors que le commissariat Foch s\u2019appr\u00eate \u00e0 fermer ses portes, le maire de Nice envisage une reconversion h\u00f4teli\u00e8re&hellip;\n","protected":false},"author":2,"featured_media":258106,"comment_status":"","ping_status":"","sticky":false,"template":"","format":"standard","meta":{"footnotes":""},"categories":[2819],"tags":[1111,11,2397,1777,674,1011,27,1908,12,2401,882,25],"class_list":{"0":"post-258105","1":"post","2":"type-post","3":"status-publish","4":"format-standard","5":"has-post-thumbnail","7":"category-nice","8":"tag-actu","9":"tag-actualites","10":"tag-christian-estrosi","11":"tag-eu","12":"tag-europe","13":"tag-fr","14":"tag-france","15":"tag-logement","16":"tag-news","17":"tag-nice","18":"tag-provence-alpes-cote-dazur","19":"tag-republique-francaise"},"share_on_mastodon":{"url":"https:\/\/pubeurope.com\/@fr\/114878278770118649","error":""},"_links":{"self":[{"href":"https:\/\/www.europesays.com\/fr\/wp-json\/wp\/v2\/posts\/258105","targetHints":{"allow":["GET"]}}],"collection":[{"href":"https:\/\/www.europesays.com\/fr\/wp-json\/wp\/v2\/posts"}],"about":[{"href":"https:\/\/www.europesays.com\/fr\/wp-json\/wp\/v2\/types\/post"}],"author":[{"embeddable":true,"href":"https:\/\/www.europesays.com\/fr\/wp-json\/wp\/v2\/users\/2"}],"replies":[{"embeddable":true,"href":"https:\/\/www.europesays.com\/fr\/wp-json\/wp\/v2\/comments?post=258105"}],"version-history":[{"count":0,"href":"https:\/\/www.europesays.com\/fr\/wp-json\/wp\/v2\/posts\/258105\/revisions"}],"wp:featuredmedia":[{"embeddable":true,"href":"https:\/\/www.europesays.com\/fr\/wp-json\/wp\/v2\/media\/258106"}],"wp:attachment":[{"href":"https:\/\/www.europesays.com\/fr\/wp-json\/wp\/v2\/media?parent=258105"}],"wp:term":[{"taxonomy":"category","embeddable":true,"href":"https:\/\/www.europesays.com\/fr\/wp-json\/wp\/v2\/categories?post=258105"},{"taxonomy":"post_tag","embeddable":true,"href":"https:\/\/www.europesays.com\/fr\/wp-json\/wp\/v2\/tags?post=258105"}],"curies":[{"name":"wp","href":"https:\/\/api.w.org\/{rel}","templated":true}]}}