{"id":258119,"date":"2025-07-19T05:43:12","date_gmt":"2025-07-19T05:43:12","guid":{"rendered":"https:\/\/www.europesays.com\/fr\/258119\/"},"modified":"2025-07-19T05:43:12","modified_gmt":"2025-07-19T05:43:12","slug":"lille-concurrente-de-sephora-cette-marque-vient-douvrir-sa-boutique-a-westfield-euralille","status":"publish","type":"post","link":"https:\/\/www.europesays.com\/fr\/258119\/","title":{"rendered":"Lille. Concurrente de Sephora, cette marque vient d&rsquo;ouvrir sa boutique \u00e0 Westfield Euralille"},"content":{"rendered":"<p>            Par<br \/>\n        <strong><br \/>\n            <a href=\"https:\/\/actu.fr\/auteur\/hervine-mahaud\" title=\"Consulter tous les articles de Hervine Mahaud\" target=\"_blank\" rel=\"noopener\">Hervine Mahaud<\/a><br \/>\n        <\/strong><\/p>\n<p>        Publi\u00e9 le<\/p>\n<p>            19 juil. 2025 \u00e0 7h38        <\/p>\n<p>C\u2019est une enseigne encore assez m\u00e9connue en France, pourtant l\u2019une des leaders sur son secteur en Italie, qui vient de d\u00e9barquer en force \u00e0 <a href=\"https:\/\/actu.fr\/hauts-de-france\/lille_59350\" target=\"_blank\" rel=\"noopener\"><b>Lille<\/b><\/a>. La <b>marque italienne de beaut\u00e9 Wycon Cosmetics<\/b>\u00a0a ouvert jeudi 17 juillet 2025 une <b>boutique<\/b> dans le <b>centre commercial Westfield Euralille<\/b>. Son positionnement ? Entre <b>Kiko<\/b>, le g\u00e9ant italien, en termes de <b>prix tr\u00e8s abordables<\/b>, et <b>Sephora<\/b>, pour la client\u00e8le cible : les femmes \u00e0 la recherche des derni\u00e8res <b>tendances maquillage<\/b>. Avec son impressionnante <b>gamme de cosm\u00e9tiques<\/b> et autres <b>produits skincare<\/b>, Wycon devrait vite faire chavirer le coeur des \u00ab\u00a0beautystas\u00a0\u00bb.<\/p>\n<p>Une marque italienne qui casse les codes de la beaut\u00e9<\/p>\n<p class=\" wall-content\">Fond\u00e9e en 2009 par <b>Gianfranco Satta<\/b> et <b>Raffaella Pagano<\/b>, Wycon s\u2019est donn\u00e9 pour mission de d\u00e9mocratiser l\u2019acc\u00e8s aux produits cosm\u00e9tiques de qualit\u00e9. Le concept repose sur un postulat simple : offrir des produits de maquillage et de soin <b>accessibles \u00e0 tous<\/b>, sans compromis sur la qualit\u00e9.<\/p>\n<p>    <img   decoding=\"async\" loading=\"lazy\" class=\"size-large\" src=\"https:\/\/www.europesays.com\/fr\/wp-content\/uploads\/2025\/07\/b272cdbf1a7863c72cdbf1a788082cv-960x640.jpg\" alt=\"Wycon cosmetiques maquillage produits de beaute soins centre commercial westfield euralille lille 1\" width=\"960\" height=\"640\"\/><br \/>\n    Pour concevoir ses cosm\u00e9tiques, la marque mise avant tout sur des formules innovantes plut\u00f4t que sur des packagings on\u00e9reux. \u00a9Hervine Mahaud<\/p>\n<p class=\" wall-content\">\u00c0 rebours des g\u00e9ants de la beaut\u00e9 aux prix souvent \u00e9lev\u00e9s, Wycon a choisi de <b>supprimer les interm\u00e9diaires co\u00fbteux<\/b>, pour investir davantage dans des <b>formules innovantes<\/b>, des <b>textures soign\u00e9es<\/b>, et un <b>design s\u00e9duisant<\/b>. \u00ab\u00a0Nous avons les m\u00eames fournisseurs que pour les marques de luxe, c\u2019est simplement le packaging qui change. On fabrique nos produits en Italie, mais le vernis lui est made in France\u00a0\u00bb, explique Hanane Ouahbi, responsable de secteur.<\/p>\n<p class=\" wall-content\">La marque italienne<b>\u00a0<\/b>s\u2019adresse \u00e0 une client\u00e8le \u00e0 la fois exigeante et soucieuse de son budget. \u00ab\u00a0En Italie, notre concurrent c\u2019est Kiko. Mais en France, notre client\u00e8le cible c\u2019est la femme active qui va chez Sephora, qui aime les produits de qualit\u00e9 \u00e0 un prix accessible.\u00a0\u00bb\u00a0<\/p>\n<p>Une ascension fulgurante<\/p>\n<p class=\" wall-content\">Depuis l\u2019ouverture de sa premi\u00e8re boutique, Wycon a connu une <b>croissance spectaculaire<\/b>. D\u00e8s 2014, elle atteignait d\u00e9j\u00e0 la barre des 100 points de vente. En 2024, elle franchit le cap des <b>300 magasins dans le monde<\/b>, r\u00e9partis dans une quinzaine de pays dont le Portugal, la Gr\u00e8ce, la Roumanie, la Suisse, le Liban, le Kazakhstan, la Serbie\u2026 et d\u00e9sormais, la France o\u00f9 l\u2019on compte, pour l\u2019instant, 7 boutiques. \u00ab\u00a0Le but, c\u2019est d\u2019en avoir autant qu\u2019en Italie soit plus de 240\u00a0\u00bb sourit la responsable pour la France.<\/p>\n<p>    <img   decoding=\"async\" loading=\"lazy\" class=\"size-large\" src=\"https:\/\/www.europesays.com\/fr\/wp-content\/uploads\/2025\/07\/e1d9bdbf1a786d5d9bdbf1a78a9d9bv-960x640.jpg\" alt=\"Wycon cosmetiques maquillage produits de beaute soins centre commercial westfield euralille lille 1\" width=\"960\" height=\"640\"\/><br \/>\n    Certains produits sont quasiment similaires \u00e0 ceux des marques de luxe. \u00a9Hervine Mahaud<\/p>\n<p class=\" wall-content\">La marque s\u2019illustre \u00e9galement par sa capacit\u00e9 \u00e0 <b>anticiper les tendances<\/b> : inclusion de produits <b>vegan<\/b>, <b>nouveaux packagings durables<\/b>, et une strat\u00e9gie marketing audacieuse, port\u00e9e par un engagement fort en faveur de l\u2019<b>inclusivit\u00e9<\/b>, comme en t\u00e9moigne l\u2019apparition de visages masculins dans ses campagnes d\u00e8s 2017.<\/p>\n<p>Une boutique pens\u00e9e pour l\u2019exp\u00e9rience client<\/p>\n<p class=\" wall-content\">La boutique ouverte mi-juillet \u00e0 Westfield Euralille reprend le <b>nouveau concept de \u201cboutique rose\u201d<\/b> d\u00e9velopp\u00e9 r\u00e9cemment par la marque : un univers chaleureux, f\u00e9minin, immersif, o\u00f9 chaque produit est mis en valeur dans un d\u00e9cor chic et accessible.<\/p>\n<p>    <img   decoding=\"async\" loading=\"lazy\" class=\"size-large\" src=\"https:\/\/www.europesays.com\/fr\/wp-content\/uploads\/2025\/07\/257acdbf1a786097acdbf1a78dc7acv-960x640.jpg\" alt=\"Wycon cosmetiques maquillage produits de beaute soins centre commercial westfield euralille lille 1\" width=\"960\" height=\"640\"\/><br \/>\n    La boutique Wycon est situ\u00e9e au rez-de-chauss\u00e9e du centre commercial, \u00e0 c\u00f4t\u00e9 de la parfumerie Nocib\u00e9. \u00a9Hervine Mahaud<\/p>\n<p class=\" wall-content\">Les Lillois et Lilloises peuvent y d\u00e9couvrir une <b>large gamme de produits<\/b> : maquillage, soins pour le visage et le corps, accessoires, et collections saisonni\u00e8res. \u00ab\u00a0Ces collections \u00e9ph\u00e9m\u00e8res contiennent des ingr\u00e9dients qui boostent les formules, et les packagings sont diff\u00e9rents\u00a0\u00bb, souligne Hanane Ouahbi.<\/p>\n<p>    <img   decoding=\"async\" loading=\"lazy\" class=\"size-large\" src=\"https:\/\/www.europesays.com\/fr\/wp-content\/uploads\/2025\/07\/b3ecbdbf1a786c7ecbdbf1a78abecbv-960x640.jpg\" alt=\"Wycon cosmetiques maquillage produits de beaute soins centre commercial westfield euralille lille 1\" width=\"960\" height=\"640\"\/><br \/>\n    Chaque mois, une nouvelle collection est mise en avant en boutique. \u00a9Hervine Mahaud<\/p>\n<p class=\" wall-content\">Qu\u2019il s\u2019agisse de la gamme permanente ou \u00e9ph\u00e9m\u00e8re, tout est toujours propos\u00e9 \u00e0 des <b>prix comp\u00e9titifs<\/b>, fid\u00e8le \u00e0 la promesse de la marque. \u00ab\u00a0On a des promotions tout au long de l\u2019ann\u00e9e pour faire tourner les stocks.\u00a0\u00bb<\/p>\n<p class=\" wall-content\">Avec cette ouverture, Wycon s\u2019ajoute \u00e0 la liste des enseignes qui renforcent l\u2019<b>attractivit\u00e9 commerciale de Westfield Euralille<\/b>, confirmant la place centrale du centre dans l\u2019univers de la mode et de la beaut\u00e9 \u00e0 Lille.<\/p>\n<p>Infos pratiques : Wycon, rez-de-chauss\u00e9e du centre commercial Westfield Euralille, 100 avenue Willy Brandt, Lille. Horaires : du lundi au samedi, de 10h \u00e0 20h. Plus d\u2019infos sur <a href=\"https:\/\/www.wyconcosmetics.com\/fr\" target=\"_blank\" rel=\"noopener\">le site de la marque<\/a>.<\/p>\n<p class=\" wall-content\">Suivez toute l\u2019actualit\u00e9 de vos villes et m\u00e9dias favoris en vous inscrivant \u00e0 <a href=\"https:\/\/moncompte.actu.fr\" title=\"D\u00e9couvez Mon Actu\" rel=\"nofollow noopener\" data-trk=\"{&quot;cta&quot;:{&quot;action&quot;:&quot;https:\\\/\\\/moncompte.actu.fr&quot;,&quot;category&quot;:&quot;mon compte&quot;,&quot;from&quot;:&quot;article footer&quot;,&quot;name&quot;:&quot;Mon actu&quot;,&quot;type&quot;:&quot;cta&quot;}}\" target=\"_blank\">Mon Actu<\/a>.<\/p>\n<ul class=\"ac-article-tag wall-content\">\n<li><a href=\"https:\/\/actu.fr\/tag\/consommation\" data-trk=\"{&quot;cta&quot;:{&quot;action&quot;:&quot;Consommation&quot;,&quot;category&quot;:&quot;tag&quot;,&quot;from&quot;:&quot;article footer&quot;,&quot;name&quot;:&quot;Consommation&quot;,&quot;type&quot;:&quot;cta&quot;}}\" target=\"_blank\" rel=\"noopener\">#Consommation<\/a><\/li>\n<li><a href=\"https:\/\/actu.fr\/tag\/nouveaux-commerces\" data-trk=\"{&quot;cta&quot;:{&quot;action&quot;:&quot;Nouveaux commerces&quot;,&quot;category&quot;:&quot;tag&quot;,&quot;from&quot;:&quot;article footer&quot;,&quot;name&quot;:&quot;Nouveaux commerces&quot;,&quot;type&quot;:&quot;cta&quot;}}\" target=\"_blank\" rel=\"noopener\">#Nouveaux commerces<\/a><\/li>\n<\/ul>\n","protected":false},"excerpt":{"rendered":"Par Hervine Mahaud Publi\u00e9 le 19 juil. 2025 \u00e0 7h38 C\u2019est une enseigne encore assez m\u00e9connue en France,&hellip;\n","protected":false},"author":2,"featured_media":258120,"comment_status":"","ping_status":"","sticky":false,"template":"","format":"standard","meta":{"footnotes":""},"categories":[2815],"tags":[1111,11,130,33,1777,674,1011,27,811,1307,12,3147,25],"class_list":{"0":"post-258119","1":"post","2":"type-post","3":"status-publish","4":"format-standard","5":"has-post-thumbnail","7":"category-lille","8":"tag-actu","9":"tag-actualites","10":"tag-consommation","11":"tag-economie","12":"tag-eu","13":"tag-europe","14":"tag-fr","15":"tag-france","16":"tag-hauts-de-france","17":"tag-lille","18":"tag-news","19":"tag-nouveaux-commerces","20":"tag-republique-francaise"},"share_on_mastodon":{"url":"https:\/\/pubeurope.com\/@fr\/114878310711009779","error":""},"_links":{"self":[{"href":"https:\/\/www.europesays.com\/fr\/wp-json\/wp\/v2\/posts\/258119","targetHints":{"allow":["GET"]}}],"collection":[{"href":"https:\/\/www.europesays.com\/fr\/wp-json\/wp\/v2\/posts"}],"about":[{"href":"https:\/\/www.europesays.com\/fr\/wp-json\/wp\/v2\/types\/post"}],"author":[{"embeddable":true,"href":"https:\/\/www.europesays.com\/fr\/wp-json\/wp\/v2\/users\/2"}],"replies":[{"embeddable":true,"href":"https:\/\/www.europesays.com\/fr\/wp-json\/wp\/v2\/comments?post=258119"}],"version-history":[{"count":0,"href":"https:\/\/www.europesays.com\/fr\/wp-json\/wp\/v2\/posts\/258119\/revisions"}],"wp:featuredmedia":[{"embeddable":true,"href":"https:\/\/www.europesays.com\/fr\/wp-json\/wp\/v2\/media\/258120"}],"wp:attachment":[{"href":"https:\/\/www.europesays.com\/fr\/wp-json\/wp\/v2\/media?parent=258119"}],"wp:term":[{"taxonomy":"category","embeddable":true,"href":"https:\/\/www.europesays.com\/fr\/wp-json\/wp\/v2\/categories?post=258119"},{"taxonomy":"post_tag","embeddable":true,"href":"https:\/\/www.europesays.com\/fr\/wp-json\/wp\/v2\/tags?post=258119"}],"curies":[{"name":"wp","href":"https:\/\/api.w.org\/{rel}","templated":true}]}}