{"id":258125,"date":"2025-07-19T05:46:13","date_gmt":"2025-07-19T05:46:13","guid":{"rendered":"https:\/\/www.europesays.com\/fr\/258125\/"},"modified":"2025-07-19T05:46:13","modified_gmt":"2025-07-19T05:46:13","slug":"lyon-nowa-quelle-est-cette-ecole-regroupant-danse-theatre-et-magie","status":"publish","type":"post","link":"https:\/\/www.europesays.com\/fr\/258125\/","title":{"rendered":"Lyon. Nowa, quelle est cette \u00e9cole regroupant danse, th\u00e9\u00e2tre et magie ?"},"content":{"rendered":"<p>\t\t\t\t<img loading=\"lazy\" decoding=\"async\" width=\"900\" height=\"628\" src=\"data:image\/svg+xml,%3Csvg%20xmlns=\" http:=\"\" alt=\"\" title=\"01 e\u0301cole Nowa\" class=\"wp-image-162920\" data-lazy- data-lazy- data-lazy-src=\"https:\/\/www.europesays.com\/fr\/wp-content\/uploads\/2025\/07\/01-e\u0301cole-Nowa.jpg\"\/><\/p>\n<p>L&rsquo;\u00e9cole pr\u00e9voit des stages pendant les vacances durant lesquels les enfants m\u00e9langent l&rsquo;art de la magie et de la mise en sc\u00e8ne. Photos \u00a9 DR<\/p>\n<p><strong>Texte\u00a0: Morgan Couturier \u2013<\/strong> Au c\u0153ur du 6e arrondissement, l\u2019\u00e9cole Nowa b\u00e9n\u00e9ficie de l\u2019exp\u00e9rience du magicien William Arribart et de la danseuse \u00e9m\u00e9rite, Natalia Osipova. Un duo de qualit\u00e9 qui permet \u00e0 ses pensionnaires de m\u00ealer les arts. Cet \u00e9t\u00e9, des stages permettent d\u2019ailleurs aux enfants de s\u2019impr\u00e9gner de cet univers et de tester certains cours.<\/p>\n<p>Magie, magie, et leur id\u00e9e est du g\u00e9nie\u00a0! Le slogan a beau \u00eatre pris, l\u2019\u00e9cole Nowa pourrait profiter des talents de <strong>William Arribart<\/strong> pour faire dispara\u00eetre quelques pubs. Et s\u2019approprier \u00e0 son compte cette r\u00e9plique pouvant r\u00e9sumer \u00e0 merveille les promesses suscit\u00e9es par cet \u00e9tablissement.<\/p>\n<p><a href=\"https:\/\/www.lyonpeople.com\/?attachment_id=162917\" rel=\"attachment wp-att-162917 nofollow noopener\" target=\"_blank\"><img loading=\"lazy\" decoding=\"async\" class=\" wp-image-162917 alignleft\" src=\"data:image\/svg+xml,%3Csvg%20xmlns=\" http:=\"\" alt=\"\" width=\"250\" height=\"333\" data-lazy- data-lazy- data-lazy-src=\"https:\/\/www.europesays.com\/fr\/wp-content\/uploads\/2025\/07\/03-e\u0301cole-Nowa.jpg\"\/><\/a><\/p>\n<p>En effet, en int\u00e9grant les infrastructures existantes du centre des arts de <strong>Natalia Osipova<\/strong>, le magicien lyonnais a trouv\u00e9 en la c\u00e9l\u00e8bre danseuse, une partenaire id\u00e9ale pour m\u00e9langer son art pr\u00e9f\u00e9r\u00e9, la magie, avec la cr\u00e9ativit\u00e9 de la danse et les performances th\u00e9\u00e2trales.<\/p>\n<p><strong>Des cours de magie, de th\u00e9\u00e2tre et de com\u00e9die musicale dispens\u00e9s toute l\u2019ann\u00e9e<\/strong><\/p>\n<p>Un mix de disciplines finalement compl\u00e9mentaires. D\u2019o\u00f9 l\u2019int\u00e9r\u00eat de les regrouper. Et de proposer de nombreuses formules, alliant l\u2019une avec l\u2019autre, selon les go\u00fbts.<\/p>\n<p><a href=\"https:\/\/www.lyonpeople.com\/?attachment_id=162918\" rel=\"attachment wp-att-162918 nofollow noopener\" target=\"_blank\"><img loading=\"lazy\" decoding=\"async\" class=\"alignnone size-full wp-image-162918\" src=\"data:image\/svg+xml,%3Csvg%20xmlns=\" http:=\"\" alt=\"\" width=\"900\" height=\"552\" data-lazy- data-lazy- data-lazy-src=\"https:\/\/www.europesays.com\/fr\/wp-content\/uploads\/2025\/07\/05-e\u0301cole-Nowa.jpg\"\/><\/a><\/p>\n<p>Pas \u00e9tonnant d\u00e8s lors, de voir appara\u00eetre cet \u00e9t\u00e9, des stages d\u2019une semaine m\u00ealant au choix, magie et th\u00e9\u00e2tre ou danse et th\u00e9\u00e2tre. Une \u00ab\u00a0semaine de cr\u00e9ativit\u00e9 et d\u2019expression\u00a0\u00bb que le duo et l\u2019\u00e9cole Nowa ont d\u00e9cid\u00e9 d\u2019ouvrir aux enfants de 6 \u00e0 16 ans.<\/p>\n<p>Avec succ\u00e8s. Apr\u00e8s avoir accueilli une dizaine d\u2019enfants du 7 au 11 juillet dernier, l\u2019\u00e9tablissement renouv\u00e8le l\u2019exp\u00e9rience du 25 au 29 ao\u00fbt prochain (au tarif de 320\u20ac la semaine).<\/p>\n<p><strong>Le prochain stage pour enfants est programm\u00e9 au 25 ao\u00fbt<\/strong><\/p>\n<p><strong>\u00a0<\/strong>\u00ab\u00a0\u00c7a fait longtemps que j\u2019avais cette id\u00e9e. Parce que le th\u00e9\u00e2tre, c\u2019est la base. Un bon magicien, il doit \u00eatre bon dans cet exercice\u00a0\u00bb, soutient William Arribart, lui-m\u00eame en pr\u00e9paration d\u2019un nouveau spectacle (lire par ailleurs).<\/p>\n<p><a href=\"https:\/\/www.lyonpeople.com\/?attachment_id=162919\" rel=\"attachment wp-att-162919 nofollow noopener\" target=\"_blank\"><img loading=\"lazy\" decoding=\"async\" class=\"alignnone size-full wp-image-162919\" src=\"data:image\/svg+xml,%3Csvg%20xmlns=\" http:=\"\" alt=\"\" width=\"900\" height=\"675\" data-lazy- data-lazy- data-lazy-src=\"https:\/\/www.europesays.com\/fr\/wp-content\/uploads\/2025\/07\/07-E\u0301cole-de-Magie-William-Arribart-NOWA-2.jpg\"\/><\/a><\/p>\n<p>Accompagn\u00e9s d\u2019enseignants, souvent issus de ses shows, le magicien profite \u00e9galement de ce d\u00e9m\u00e9nagement pour d\u00e9placer ses cours de magie du lundi soir (voir ci-dessus), au 18 rue Waldeck Rousseau.<\/p>\n<p>Au retour des vacances, les cours de th\u00e9\u00e2tre seront eux aussi, dispens\u00e9s sur le m\u00eame site, le mercredi, alors que les cours de com\u00e9die musicale seront planifi\u00e9s le samedi matin. Le tout, pour pr\u00e9parer \u00e0 chaque fois, un show final, jou\u00e9 devant un public en fin d\u2019ann\u00e9e. En attendant, place \u00e0 l\u2019entra\u00eenement. La rentr\u00e9e risque d\u2019\u00eatre\u2026 magique !<\/p>\n<p><strong>\u00c9cole Nowa<br \/>18 rue Waldeck Rousseau \u2013 69006 Lyon<br \/><\/strong><strong>&gt;Plus d\u2019informations sur <a href=\"http:\/\/www.ecole-nowa.fr\" rel=\"nofollow noopener\" target=\"_blank\">www.ecole-nowa.fr<\/a> ou par t\u00e9l\u00e9phone, au 04 65 84 86 82<\/strong><\/p>\n<p><strong>Encadr\u00e9<br \/><\/strong><strong>William Arribart pr\u00e9pare d\u00e9j\u00e0 No\u00ebl <\/strong><\/p>\n<p>Le monde regorge de magiciens c\u00e9l\u00e8bres. Le Lyonnais pourrait m\u00eame int\u00e9grer cette caste, tant ses spectacles ne cessent de remplir les salles. Mais au jeu des classements, William Arribart opte pour un choix original.<\/p>\n<p>\u00ab\u00a0Pour moi, le meilleur magicien, c\u2019est le p\u00e8re No\u00ebl\u00a0\u00bb, avoue-t-il, ses souvenirs d\u2019enfance inspirant souvent le sc\u00e9nario de ses tours. Le magicien pr\u00e9pare de fait un spectacle pour\u2026 le mois de d\u00e9cembre\u00a0: \u00ab\u00a0le No\u00ebl fantasmagique de William Arribart\u00a0\u00bb.<\/p>\n<p>\u00ab\u00a0Ce sera un spectacle de grande illusion. C\u2019est un peu un retour aux sources pour moi\u00a0\u00bb, glisse-t-il en guise de teaser.<\/p>\n","protected":false},"excerpt":{"rendered":"L&rsquo;\u00e9cole pr\u00e9voit des stages pendant les vacances durant lesquels les enfants m\u00e9langent l&rsquo;art de la magie et de&hellip;\n","protected":false},"author":2,"featured_media":258126,"comment_status":"","ping_status":"","sticky":false,"template":"","format":"standard","meta":{"footnotes":""},"categories":[1889],"tags":[4257,1111,47,4258,11,2430,1777,674,1011,27,2428,12,25,39829],"class_list":{"0":"post-258125","1":"post","2":"type-post","3":"status-publish","4":"format-standard","5":"has-post-thumbnail","7":"category-lyon","8":"tag-0top","9":"tag-actu","10":"tag-actualite","11":"tag-actualite-lyon","12":"tag-actualites","13":"tag-auvergne-rhone-alpes","14":"tag-eu","15":"tag-europe","16":"tag-fr","17":"tag-france","18":"tag-lyon","19":"tag-news","20":"tag-republique-francaise","21":"tag-william-arribart"},"share_on_mastodon":{"url":"https:\/\/pubeurope.com\/@fr\/114878322360604747","error":""},"_links":{"self":[{"href":"https:\/\/www.europesays.com\/fr\/wp-json\/wp\/v2\/posts\/258125","targetHints":{"allow":["GET"]}}],"collection":[{"href":"https:\/\/www.europesays.com\/fr\/wp-json\/wp\/v2\/posts"}],"about":[{"href":"https:\/\/www.europesays.com\/fr\/wp-json\/wp\/v2\/types\/post"}],"author":[{"embeddable":true,"href":"https:\/\/www.europesays.com\/fr\/wp-json\/wp\/v2\/users\/2"}],"replies":[{"embeddable":true,"href":"https:\/\/www.europesays.com\/fr\/wp-json\/wp\/v2\/comments?post=258125"}],"version-history":[{"count":0,"href":"https:\/\/www.europesays.com\/fr\/wp-json\/wp\/v2\/posts\/258125\/revisions"}],"wp:featuredmedia":[{"embeddable":true,"href":"https:\/\/www.europesays.com\/fr\/wp-json\/wp\/v2\/media\/258126"}],"wp:attachment":[{"href":"https:\/\/www.europesays.com\/fr\/wp-json\/wp\/v2\/media?parent=258125"}],"wp:term":[{"taxonomy":"category","embeddable":true,"href":"https:\/\/www.europesays.com\/fr\/wp-json\/wp\/v2\/categories?post=258125"},{"taxonomy":"post_tag","embeddable":true,"href":"https:\/\/www.europesays.com\/fr\/wp-json\/wp\/v2\/tags?post=258125"}],"curies":[{"name":"wp","href":"https:\/\/api.w.org\/{rel}","templated":true}]}}