{"id":258127,"date":"2025-07-19T05:47:11","date_gmt":"2025-07-19T05:47:11","guid":{"rendered":"https:\/\/www.europesays.com\/fr\/258127\/"},"modified":"2025-07-19T05:47:11","modified_gmt":"2025-07-19T05:47:11","slug":"lyon-deux-nouvelles-enseignes-ouvrent-au-centre-commercial-confluence-voici-lesquelles","status":"publish","type":"post","link":"https:\/\/www.europesays.com\/fr\/258127\/","title":{"rendered":"Lyon. Deux nouvelles enseignes ouvrent au centre commercial Confluence, voici lesquelles"},"content":{"rendered":"<p>            Par<br \/>\n        <strong><br \/>\n            <a href=\"https:\/\/actu.fr\/auteur\/julien-sournies\" title=\"Consulter tous les articles de Julien Sournies\" target=\"_blank\" rel=\"noopener\">Julien Sournies<\/a><br \/>\n        <\/strong><\/p>\n<p>        Publi\u00e9 le<\/p>\n<p>            19 juil. 2025 \u00e0 7h16        <\/p>\n<p>Il y a du nouveau au sein du p\u00f4le de commerces et de loisirs <a href=\"https:\/\/actu.fr\/tag\/confluence\" target=\"_blank\" rel=\"noopener\">Confluence<\/a> \u00e0 <a href=\"https:\/\/actu.fr\/lyon\/\" target=\"_blank\" rel=\"noopener\">Lyon<\/a> (2e). En ce milieu du mois de juillet, le centre commercial lyonnais accueille en effet <strong>deux nouvelles enseignes<\/strong> dans son enceinte. Si l\u2019une vient tout juste d\u2019ouvrir ses portes \u00e0 ses premiers clients, l\u2019autre s\u2019appr\u00eate \u00e0 le faire d\u2019ici peu. <br \/>Deux adresses qui raviront, en tout cas, les sportifs et les gourmands d\u2019entre nous.<\/p>\n<p>Une enseigne de sport d\u00e9j\u00e0 connue des Lyonnais<\/p>\n<p class=\" wall-content\">Il s\u2019agit d\u2019abord de <strong>BioTechUSA<\/strong>, install\u00e9 au premier \u00e9tage du centre commercial. Le magasin, expert en compl\u00e9ments nutritionnels pour sportifs et athl\u00e8tes, a lev\u00e9 son rideau pour la premi\u00e8re fois ce jeudi 17\u00a0juillet 2025.<\/p>\n<p class=\" wall-content\"><a href=\"https:\/\/www.instagram.com\/biotechusa_fr\/embed\" title=\"Ouvrir le lien sur Instagram\" target=\"_blank\" rel=\"noopener\">Visualiser le contenu sur Instagram<\/a><\/p>\n<p class=\" wall-content\">D\u00e9j\u00e0 pr\u00e9sent au centre-commercial de La Part-Dieu (3e) et au Carr\u00e9 de Soie (Vaulx-en-Velin), BioTechUSA propose une \u00ab\u2009alternative pour ceux qui souhaitent changer leur forme, qui veulent perdre du poids ou d\u00e9velopper des muscles, am\u00e9liorer leurs performances physiques de mani\u00e8re l\u00e9gale et faire simplement plus pour leur sant\u00e9\u2009\u00bb.<\/p>\n<p>La rel\u00e8ve de Copper Branch arrive<\/p>\n<p class=\" wall-content\">S\u2019ensuivra du restaurant <strong>TrantranZa\u00ef<\/strong> au deuxi\u00e8me \u00e9tage. Fortement pr\u00e9sent \u00e0 Paris, l\u2019\u00e9tablissement culinaire sp\u00e9cialis\u00e9 dans les nouilles artisanales et les raviolis traditionnels doit ouvrir \u00ab\u2009courant juillet\u2009\u00bb en lieu et place de Copper Branch, indique le p\u00f4le commercial et de loisirs dans un communiqu\u00e9.<\/p>\n<p>    <img   decoding=\"async\" loading=\"lazy\" src=\"https:\/\/www.europesays.com\/fr\/wp-content\/uploads\/2025\/07\/confluence-lyon-3-960x640.jpg\" alt=\"TrantranZai, un nouveau restaurant asiatique unique \u00e0 Lyon, va ouvrir.\" width=\"960\" height=\"640\"\/><br \/>\n    TrantranZai, un nouveau restaurant asiatique unique \u00e0 Lyon, va ouvrir. (\u00a9Nicolas Zaugra\/ actu Lyon)<\/p>\n<p class=\" wall-content\">\u00c0 la carte, vous retrouvez des \u00ab\u2009produits faits maison\u2009\u00bb relev\u00e9s par des \u00e9pices embl\u00e9matiques de la r\u00e9gion chinoise du Sichuan, r\u00e9put\u00e9e pour son poivre. \u00c0 l\u2019int\u00e9rieur, une d\u00e9coration s\u2019inspirant d\u2019un Shangha\u00ef des ann\u00e9es 1930 accompagnera par ailleurs votre repas.<\/p>\n<p class=\" wall-content\">Suivez toute l\u2019actualit\u00e9 de vos villes et m\u00e9dias favoris en vous inscrivant \u00e0 <a href=\"https:\/\/moncompte.actu.fr\" title=\"D\u00e9couvez Mon Actu\" rel=\"nofollow noopener\" data-trk=\"{&quot;cta&quot;:{&quot;action&quot;:&quot;https:\\\/\\\/moncompte.actu.fr&quot;,&quot;category&quot;:&quot;mon compte&quot;,&quot;from&quot;:&quot;article footer&quot;,&quot;name&quot;:&quot;Mon actu&quot;,&quot;type&quot;:&quot;cta&quot;}}\" target=\"_blank\">Mon Actu<\/a>.<\/p>\n<p>                    <script async src=\"\/\/www.instagram.com\/embed.js\"><\/script><\/p>\n","protected":false},"excerpt":{"rendered":"Par Julien Sournies Publi\u00e9 le 19 juil. 2025 \u00e0 7h16 Il y a du nouveau au sein du&hellip;\n","protected":false},"author":2,"featured_media":258128,"comment_status":"","ping_status":"","sticky":false,"template":"","format":"standard","meta":{"footnotes":""},"categories":[1889],"tags":[1111,11,2430,215,3157,33,1777,674,1011,27,2428,12,25,1340],"class_list":{"0":"post-258127","1":"post","2":"type-post","3":"status-publish","4":"format-standard","5":"has-post-thumbnail","7":"category-lyon","8":"tag-actu","9":"tag-actualites","10":"tag-auvergne-rhone-alpes","11":"tag-commerce","12":"tag-confluence","13":"tag-economie","14":"tag-eu","15":"tag-europe","16":"tag-fr","17":"tag-france","18":"tag-lyon","19":"tag-news","20":"tag-republique-francaise","21":"tag-restaurant"},"share_on_mastodon":{"url":"https:\/\/pubeurope.com\/@fr\/114878325953208423","error":""},"_links":{"self":[{"href":"https:\/\/www.europesays.com\/fr\/wp-json\/wp\/v2\/posts\/258127","targetHints":{"allow":["GET"]}}],"collection":[{"href":"https:\/\/www.europesays.com\/fr\/wp-json\/wp\/v2\/posts"}],"about":[{"href":"https:\/\/www.europesays.com\/fr\/wp-json\/wp\/v2\/types\/post"}],"author":[{"embeddable":true,"href":"https:\/\/www.europesays.com\/fr\/wp-json\/wp\/v2\/users\/2"}],"replies":[{"embeddable":true,"href":"https:\/\/www.europesays.com\/fr\/wp-json\/wp\/v2\/comments?post=258127"}],"version-history":[{"count":0,"href":"https:\/\/www.europesays.com\/fr\/wp-json\/wp\/v2\/posts\/258127\/revisions"}],"wp:featuredmedia":[{"embeddable":true,"href":"https:\/\/www.europesays.com\/fr\/wp-json\/wp\/v2\/media\/258128"}],"wp:attachment":[{"href":"https:\/\/www.europesays.com\/fr\/wp-json\/wp\/v2\/media?parent=258127"}],"wp:term":[{"taxonomy":"category","embeddable":true,"href":"https:\/\/www.europesays.com\/fr\/wp-json\/wp\/v2\/categories?post=258127"},{"taxonomy":"post_tag","embeddable":true,"href":"https:\/\/www.europesays.com\/fr\/wp-json\/wp\/v2\/tags?post=258127"}],"curies":[{"name":"wp","href":"https:\/\/api.w.org\/{rel}","templated":true}]}}