{"id":258131,"date":"2025-07-19T05:50:12","date_gmt":"2025-07-19T05:50:12","guid":{"rendered":"https:\/\/www.europesays.com\/fr\/258131\/"},"modified":"2025-07-19T05:50:12","modified_gmt":"2025-07-19T05:50:12","slug":"louise-gabriel-mais-aussi-orion-youssra-et-rosalie-les-prenoms-donnes-en-2024-dans-les-hauts-de-seine","status":"publish","type":"post","link":"https:\/\/www.europesays.com\/fr\/258131\/","title":{"rendered":"Louise, Gabriel mais aussi Orion, Youssra et Rosalie&#8230; Les pr\u00e9noms donn\u00e9s en 2024 dans les Hauts-de-Seine"},"content":{"rendered":"<p>            Par<br \/>\n        <strong><br \/>\n            <a href=\"https:\/\/actu.fr\/auteur\/marie-amelie-marchal\" title=\"Consulter tous les articles de Marie Amelie Marchal\" rel=\"nofollow noopener\" target=\"_blank\">Marie Amelie Marchal<\/a><br \/>\n        <\/strong><\/p>\n<p>        Publi\u00e9 le<\/p>\n<p>            19 juil. 2025 \u00e0 7h14        <\/p>\n<p>Le carnet rose de l\u2019Insee est sorti. Mercredi 9 juillet 2025, l\u2019Institut national de la statistique et des \u00e9tudes \u00e9conomiques a d\u00e9voil\u00e9 le <a href=\"https:\/\/www.insee.fr\/fr\/statistiques\/3532172\" rel=\"nofollow noopener\" target=\"_blank\">palmar\u00e8s des pr\u00e9noms<\/a> les plus donn\u00e9s en 2024 dans chaque d\u00e9partement. Dans les <a href=\"https:\/\/actu.fr\/ile-de-france\/hauts-de-seine_92\" rel=\"nofollow noopener\" target=\"_blank\">Hauts-de-Seine<\/a>, <strong>Gabriel<\/strong> ravit la premi\u00e8re place du podium, tandis que <strong>Louise<\/strong> fait son grand retour au sommet. Pour inspirer les futurs parents, le classement rel\u00e8ve \u00e9galement des<strong> pr\u00e9noms plus confidentiels<\/strong>.\u00a0<\/p>\n<p>Louise et Alma toujours dans le coeur des jeunes parents\u00a0<\/p>\n<p class=\" wall-content\">En 2023, pour les filles, le trio de t\u00eate \u00e9tait constitu\u00e9 par les petites <a href=\"https:\/\/actu.fr\/societe\/adam-alma-ou-olivia-decouvrez-les-prenoms-les-plus-donnes-dans-les-hauts-de-seine-en-2023_61331967.html\" rel=\"nofollow noopener\" target=\"_blank\">Alma, Olivia et Louise<\/a>. L\u2019ann\u00e9e suivante, les pr\u00e9noms courts ont toujours la cote (\u00e0 noter que les effectifs sont arrondis au multiple de 5 le plus proche) :<\/p>\n<p class=\" wall-content\"><strong>1. Louise (125 naissances)<\/strong><br \/><strong>2. Alma (115 naissances)<\/strong><br \/><strong>3. Emma (95 naissances)<\/strong><br \/>4. Jade (95 naissances)<br \/>5. Sofia (90 naissances)<br \/>6. Alice (85 naissances)<br \/>7. Lina (85 naissances)<br \/>8. Julia (75 naissances)<br \/>9. Nour (75 naissances)<br \/>10. Olivia (75 naissances)<\/p>\n<p class=\" wall-content\">Dans le bas du classement, parmi les pr\u00e9noms les plus originaux, se trouvent <strong>Youssra<\/strong> (5 naissances), <strong>Rosalie<\/strong> (5 naissances), <strong>Charlize<\/strong> (5 naissances), <strong>Jalya<\/strong> (5 naissances) ou encore <strong>Imani<\/strong> (5 naissances).<\/p>\n<p>Gabriel et Adam toujours aussi r\u00e9pandus<\/p>\n<p class=\" wall-content\">En ce qui concerne les petits gar\u00e7ons, en 2023, les parents avaient pl\u00e9biscit\u00e9s Adam, Gabriel et Isaac. En 2024, un nouveau pr\u00e9nom d\u00e9barque sur le podium (\u00e0 noter que les effectifs sont arrondis au multiple de 5 le plus proche) :<\/p>\n<p>Vid\u00e9os : en ce moment sur Actu<\/p>\n<p class=\" wall-content\"><strong>1. Gabriel (215 naissances)<\/strong><br \/><strong>2. Adam (190 naissances)<\/strong><br \/><strong>3. Rapha\u00ebl (170 naissances)<\/strong><br \/>4. Noah (130 naissances)<br \/>5. Arthur (115 naissances)<br \/>6. Louis (110 naissances)<br \/>7. Isaac (105 naissances)<br \/>8. Liam (100 naissances)<br \/>9. Lucas (95 naissances)<br \/>10. L\u00e9o (95 naissances)<\/p>\n<p class=\" wall-content\">Parmi les pr\u00e9noms les plus rares cette ann\u00e9e figurent <strong>Orion<\/strong> (5 naissances), <strong>Ferdinand<\/strong> (5 naissances), <strong>Oussayd<\/strong> (5 naissances), <strong>Livio<\/strong> (5 naissances) ou encore <strong>Sidy<\/strong> (5 naissances).\u00a0<\/p>\n<p class=\" wall-content\">\u00c0 l\u2019<a href=\"https:\/\/actu.fr\/societe\/gabriel-louise-mael-romy-decouvrez-la-liste-de-tous-les-prenoms-donnes-aux-bebes-en-2024_62890268.html\" rel=\"nofollow noopener\" target=\"_blank\">\u00e9chelle nationale<\/a>, <strong>Louise, Jade et Ambre<\/strong> sont les pr\u00e9noms les plus donn\u00e9s en 2024 pour les petites filles. <strong>Gabriel, Rapha\u00ebl et Louis<\/strong> pour les petits gar\u00e7ons.\u00a0<\/p>\n<p class=\" wall-content\">Suivez toute l\u2019actualit\u00e9 de vos villes et m\u00e9dias favoris en vous inscrivant \u00e0 <a href=\"https:\/\/moncompte.actu.fr\" title=\"D\u00e9couvez Mon Actu\" rel=\"nofollow noopener\" data-trk=\"{&quot;cta&quot;:{&quot;action&quot;:&quot;https:\\\/\\\/moncompte.actu.fr&quot;,&quot;category&quot;:&quot;mon compte&quot;,&quot;from&quot;:&quot;article footer&quot;,&quot;name&quot;:&quot;Mon actu&quot;,&quot;type&quot;:&quot;cta&quot;}}\" target=\"_blank\">Mon Actu<\/a>.<\/p>\n","protected":false},"excerpt":{"rendered":"Par Marie Amelie Marchal Publi\u00e9 le 19 juil. 2025 \u00e0 7h14 Le carnet rose de l\u2019Insee est sorti.&hellip;\n","protected":false},"author":2,"featured_media":258132,"comment_status":"","ping_status":"","sticky":false,"template":"","format":"standard","meta":{"footnotes":""},"categories":[1888],"tags":[1111,1928,11,1927,1719,1777,674,1011,27,15761,12,1926,626,1925,25,104],"class_list":{"0":"post-258131","1":"post","2":"type-post","3":"status-publish","4":"format-standard","5":"has-post-thumbnail","7":"category-paris","8":"tag-actu","9":"tag-actu-paris","10":"tag-actualites","11":"tag-actualites-paris","12":"tag-enfants","13":"tag-eu","14":"tag-europe","15":"tag-fr","16":"tag-france","17":"tag-maternite","18":"tag-news","19":"tag-news-paris","20":"tag-paris","21":"tag-paris-news","22":"tag-republique-francaise","23":"tag-societe"},"share_on_mastodon":{"url":"https:\/\/pubeurope.com\/@fr\/114878337769119429","error":""},"_links":{"self":[{"href":"https:\/\/www.europesays.com\/fr\/wp-json\/wp\/v2\/posts\/258131","targetHints":{"allow":["GET"]}}],"collection":[{"href":"https:\/\/www.europesays.com\/fr\/wp-json\/wp\/v2\/posts"}],"about":[{"href":"https:\/\/www.europesays.com\/fr\/wp-json\/wp\/v2\/types\/post"}],"author":[{"embeddable":true,"href":"https:\/\/www.europesays.com\/fr\/wp-json\/wp\/v2\/users\/2"}],"replies":[{"embeddable":true,"href":"https:\/\/www.europesays.com\/fr\/wp-json\/wp\/v2\/comments?post=258131"}],"version-history":[{"count":0,"href":"https:\/\/www.europesays.com\/fr\/wp-json\/wp\/v2\/posts\/258131\/revisions"}],"wp:featuredmedia":[{"embeddable":true,"href":"https:\/\/www.europesays.com\/fr\/wp-json\/wp\/v2\/media\/258132"}],"wp:attachment":[{"href":"https:\/\/www.europesays.com\/fr\/wp-json\/wp\/v2\/media?parent=258131"}],"wp:term":[{"taxonomy":"category","embeddable":true,"href":"https:\/\/www.europesays.com\/fr\/wp-json\/wp\/v2\/categories?post=258131"},{"taxonomy":"post_tag","embeddable":true,"href":"https:\/\/www.europesays.com\/fr\/wp-json\/wp\/v2\/tags?post=258131"}],"curies":[{"name":"wp","href":"https:\/\/api.w.org\/{rel}","templated":true}]}}